{"id":62660,"date":"2013-04-08T14:51:18","date_gmt":"2013-04-08T17:51:18","guid":{"rendered":"http:\/\/www.r2cpress.com.br\/v1\/?p=62660"},"modified":"2013-04-08T14:51:18","modified_gmt":"2013-04-08T17:51:18","slug":"fundacao-cultural-de-ilheus-transformada-em-secretaria","status":"publish","type":"post","link":"https:\/\/www.r2cpress.com.br\/v1\/2013\/04\/08\/fundacao-cultural-de-ilheus-transformada-em-secretaria\/","title":{"rendered":"Funda\u00e7\u00e3o Cultural de Ilh\u00e9us transformada em secretaria"},"content":{"rendered":"<p>Formular as pol\u00edticas governamentais, preservar a mem\u00f3ria e proteger o patrim\u00f4nio cultural do munic\u00edpio s\u00e3o as principais miss\u00f5es da Secretaria de Cultura de Ilh\u00e9us, criada na semana passada atrav\u00e9s da Lei 3.655\/13. Com o surgimento da nova pasta, a Funda\u00e7\u00e3o Cultural (Fundaci), \u00f3rg\u00e3o que integrava a administra\u00e7\u00e3o descentralizada foi extinta. Aprovada pela C\u00e2mara de Vereadores e sancionada pelo prefeito Jabes Ribeiro, a Lei 3.655 altera a Lei 3.633, de 7 de dezembro de 2012, que disp\u00f5e sobre a estrutura organizacional da Prefeitura de Ilh\u00e9us.<br \/>\n<div id=\"attachment_62661\" style=\"width: 510px\" class=\"wp-caption aligncenter\"><a href=\"http:\/\/www.r2cpress.com.br\/v1\/wp-content\/uploads\/Paulo-Atto-Secret\u00e1rio-de-Cultura-Foto-Alfredo-Filho-Secom-Ilh\u00e9us.jpg\"><img aria-describedby=\"caption-attachment-62661\" loading=\"lazy\" src=\"http:\/\/www.r2cpress.com.br\/v1\/wp-content\/uploads\/Paulo-Atto-Secret\u00e1rio-de-Cultura-Foto-Alfredo-Filho-Secom-Ilh\u00e9us.jpg\" alt=\"Paulo Atto - Secret\u00e1rio de Cultura - Foto Alfredo Filho - Secom Ilh\u00e9us.\" width=\"500\" height=\"352\" class=\"size-full wp-image-62661\" srcset=\"https:\/\/www.r2cpress.com.br\/v1\/wp-content\/uploads\/Paulo-Atto-Secret\u00e1rio-de-Cultura-Foto-Alfredo-Filho-Secom-Ilh\u00e9us.jpg 500w, https:\/\/www.r2cpress.com.br\/v1\/wp-content\/uploads\/Paulo-Atto-Secret\u00e1rio-de-Cultura-Foto-Alfredo-Filho-Secom-Ilh\u00e9us-300x211.jpg 300w\" sizes=\"(max-width: 500px) 100vw, 500px\" \/><\/a><p id=\"caption-attachment-62661\" class=\"wp-caption-text\">Paulo Atto &#8211; Secret\u00e1rio de Cultura &#8211; Foto Alfredo Filho &#8211; Secom Ilh\u00e9us.<\/p><\/div><br \/>\nNa vis\u00e3o do titular da pasta, Paulo Atto, a cria\u00e7\u00e3o da Secretaria de Cultura de Ilh\u00e9us ser\u00e1 fundamental para que o governo municipal consiga imprimir mais agilidade ao processo de formula\u00e7\u00e3o das pol\u00edticas p\u00fablicas voltadas para o setor. \u201cApesar de importante, a Fundaci possu\u00eda um papel mais restrito, uma vez que era voltada, basicamente, para as artes em geral. J\u00e1 a secretaria tem um alcance mais amplo, pois al\u00e9m de fomentar as artes, tamb\u00e9m ter\u00e1 a miss\u00e3o de preservar a mem\u00f3ria popular, proteger o patrim\u00f4nio cultural e trabalhar com diversos outros assuntos ligados \u00e0 cultura\u201d, afirma o secret\u00e1rio.<\/p>\n<p><!--more--><\/p>\n<p>Al\u00e9m de formatar pol\u00edticas p\u00fablicas mais amplas, Paulo Atto cita outro aspecto positivo do novo \u00f3rg\u00e3o: \u201cComo parte da administra\u00e7\u00e3o direta, a Secretaria de Cultura possui uma estrutura mais \u00e1gil, uma vez que as atribui\u00e7\u00f5es financeiras e administrativas foram absorvidas pela secretaria municipal de Administra\u00e7\u00e3o. Com isso, teremos mais tempo para nos dedicar ao fomento cultural\u201d, comenta. Ele destaca ainda que o novo \u00f3rg\u00e3o possibilitar\u00e1 uma melhor representa\u00e7\u00e3o cultural do munic\u00edpio.<\/p>\n<p>Estrutura \u2013 Com a extin\u00e7\u00e3o da Divis\u00e3o Administrativo-Financeira, que integrava a estrutura da Funda\u00e7\u00e3o Cultural, a Secretaria Municipal de Cultura conta com seis setores: Divis\u00e3o de Fomento Cultural, Se\u00e7\u00e3o de Administra\u00e7\u00e3o da Biblioteca Municipal, Coordenadoria do Centro Cultural de Oliven\u00e7a, Coordenadoria do Memorial de Cultura Negra, Se\u00e7\u00e3o de Administra\u00e7\u00e3o do Teatro Municipal e Se\u00e7\u00e3o de Administra\u00e7\u00e3o da Casa Jorge Amado.<\/p>\n<p>\u00d3rg\u00e3o direto, centralizado e final\u00edstico da administra\u00e7\u00e3o p\u00fablica, a Secretaria de Cultura possui como atribui\u00e7\u00f5es espec\u00edficas o assessoramento do prefeito em todos os assuntos de natureza cultural, especialmente no que concerne \u00e0 formula\u00e7\u00e3o de pol\u00edticas p\u00fablicas; coopera\u00e7\u00e3o na defesa e conserva\u00e7\u00e3o do patrim\u00f4nio hist\u00f3rico material e imaterial do munic\u00edpio e avalia\u00e7\u00e3o sobre a concess\u00e3o de aux\u00edlio \u00e0s institui\u00e7\u00f5es culturais, oficiais e particulares de utilidade p\u00fablica no munic\u00edpio, visando \u00e0 difus\u00e3o da cultura cient\u00edfica, art\u00edstica e liter\u00e1ria.<\/p>\n<p>Tamb\u00e9m ter\u00e1 a tarefa de elaborar estudos de identifica\u00e7\u00e3o de cadeias produtivas da cultura, em articula\u00e7\u00e3o com outros \u00f3rg\u00e3os, iniciativa privada e academia para tra\u00e7ar pol\u00edticas de desenvolvimento; realizar confer\u00eancias, semin\u00e1rios, cursos de forma\u00e7\u00e3o e qualifica\u00e7\u00e3o profissional; planejar, coordenar e supervisionar atividades e iniciativas que ampliem a oportunidade de acesso da popula\u00e7\u00e3o aos benef\u00edcios da educa\u00e7\u00e3o cultural e art\u00edstica e promover, organizar, patrocinar e executar programas visando \u00e0 difus\u00e3o e ao aperfei\u00e7oamento da arte em geral, especialmente da m\u00fasica,  canto, dan\u00e7a e da arte dram\u00e1tica, entre outros.<\/p>\n<p>&#8212;<br \/>\nSecretaria de Comunica\u00e7\u00e3o Social (Secom)<br \/>\nIlh\u00e9us \u2013 08.04.2013<\/p>\n","protected":false},"excerpt":{"rendered":"<p>Formular as pol\u00edticas governamentais, preservar a mem\u00f3ria e proteger o patrim\u00f4nio cultural do munic\u00edpio s\u00e3o as principais miss\u00f5es da Secretaria de Cultura de Ilh\u00e9us, criada na semana passada atrav\u00e9s da Lei 3.655\/13. Com o surgimento da nova pasta, a Funda\u00e7\u00e3o Cultural (Fundaci), \u00f3rg\u00e3o que integrava a administra\u00e7\u00e3o descentralizada foi extinta. Aprovada pela C\u00e2mara de Vereadores [&hellip;]<\/p>\n","protected":false},"author":2,"featured_media":0,"comment_status":"open","ping_status":"open","sticky":false,"template":"","format":"standard","meta":{"_links_to":"","_links_to_target":""},"categories":[23],"tags":[],"_links":{"self":[{"href":"https:\/\/www.r2cpress.com.br\/v1\/wp-json\/wp\/v2\/posts\/62660"}],"collection":[{"href":"https:\/\/www.r2cpress.com.br\/v1\/wp-json\/wp\/v2\/posts"}],"about":[{"href":"https:\/\/www.r2cpress.com.br\/v1\/wp-json\/wp\/v2\/types\/post"}],"author":[{"embeddable":true,"href":"https:\/\/www.r2cpress.com.br\/v1\/wp-json\/wp\/v2\/users\/2"}],"replies":[{"embeddable":true,"href":"https:\/\/www.r2cpress.com.br\/v1\/wp-json\/wp\/v2\/comments?post=62660"}],"version-history":[{"count":2,"href":"https:\/\/www.r2cpress.com.br\/v1\/wp-json\/wp\/v2\/posts\/62660\/revisions"}],"predecessor-version":[{"id":62663,"href":"https:\/\/www.r2cpress.com.br\/v1\/wp-json\/wp\/v2\/posts\/62660\/revisions\/62663"}],"wp:attachment":[{"href":"https:\/\/www.r2cpress.com.br\/v1\/wp-json\/wp\/v2\/media?parent=62660"}],"wp:term":[{"taxonomy":"category","embeddable":true,"href":"https:\/\/www.r2cpress.com.br\/v1\/wp-json\/wp\/v2\/categories?post=62660"},{"taxonomy":"post_tag","embeddable":true,"href":"https:\/\/www.r2cpress.com.br\/v1\/wp-json\/wp\/v2\/tags?post=62660"}],"curies":[{"name":"wp","href":"https:\/\/api.w.org\/{rel}","templated":true}]}}