{"id":62671,"date":"2013-04-08T19:25:05","date_gmt":"2013-04-08T22:25:05","guid":{"rendered":"http:\/\/www.r2cpress.com.br\/v1\/?p=62671"},"modified":"2013-04-08T19:25:05","modified_gmt":"2013-04-08T22:25:05","slug":"tenda-do-tpi-estreia-emocionando-publico","status":"publish","type":"post","link":"https:\/\/www.r2cpress.com.br\/v1\/2013\/04\/08\/tenda-do-tpi-estreia-emocionando-publico\/","title":{"rendered":"Tenda do TPI estreia emocionando p\u00fablico"},"content":{"rendered":"<p>Muita emo\u00e7\u00e3o na estreia do novo espa\u00e7o do Teatro Popular de Ilh\u00e9us (TPI). Na noite do \u00faltimo s\u00e1bado (06), o grupo lan\u00e7ou a programa\u00e7\u00e3o de abril em sua Tenda, na Avenida Soares Lopes, com plat\u00e9ia lotada. Al\u00e9m de vibrar e aplaudir de p\u00e9 a apresenta\u00e7\u00e3o do musical da Cia. Boi da Cara Preta Lendas da Lagoa Encantada, o p\u00fablico conferiu ainda um pouco da trajet\u00f3ria do grupo, que chega ao seu 18\u00ba ano. Tamb\u00e9m foi apresentada a proposta do parque cultural Aldeia das Artes.<\/p>\n<div id=\"attachment_62672\" style=\"width: 560px\" class=\"wp-caption aligncenter\"><a href=\"http:\/\/www.r2cpress.com.br\/v1\/wp-content\/uploads\/CAPA-R2CPRESS114.jpg\"><img aria-describedby=\"caption-attachment-62672\" loading=\"lazy\" class=\"size-full wp-image-62672\" alt=\"Fotos: Karoline Vital. Mont\/R2CPRESS.\" src=\"http:\/\/www.r2cpress.com.br\/v1\/wp-content\/uploads\/CAPA-R2CPRESS114.jpg\" width=\"550\" height=\"550\" srcset=\"https:\/\/www.r2cpress.com.br\/v1\/wp-content\/uploads\/CAPA-R2CPRESS114.jpg 550w, https:\/\/www.r2cpress.com.br\/v1\/wp-content\/uploads\/CAPA-R2CPRESS114-150x150.jpg 150w, https:\/\/www.r2cpress.com.br\/v1\/wp-content\/uploads\/CAPA-R2CPRESS114-300x300.jpg 300w\" sizes=\"(max-width: 550px) 100vw, 550px\" \/><\/a><p id=\"caption-attachment-62672\" class=\"wp-caption-text\">Fotos: Karoline Vital. Mont\/<strong>R2CPRESS<\/strong>.<\/p><\/div>\n<p>Para o diretor do TPI, Romualdo Lisboa, a mudan\u00e7a para o novo espa\u00e7o \u00e9 um marco hist\u00f3rico para o grupo. \u201c\u00c9 o in\u00edcio da luta por nossa sede pr\u00f3pria, que comporte nossas a\u00e7\u00f5es e d\u00ea a possibilidade de ampliarmos nosso trabalho\u201d, afirmou. A Tenda do Teatro Popular de Ilh\u00e9us \u00e9 patrocinada pelo Sebrae, que arcar\u00e1 com o aluguel dos pr\u00f3ximos tr\u00eas meses. At\u00e9 o final deste per\u00edodo, o TPI buscar\u00e1 financiamento atrav\u00e9s de leis de incentivo, junto a entidades que ap\u00f3iam a economia criativa e a produ\u00e7\u00e3o cultural.<\/p>\n<p><!--more--><\/p>\n<p>A possibilidade da sede pr\u00f3pria do TPI est\u00e1 inclu\u00edda no projeto do Parque Cultural Aldeia das Artes. A apresenta\u00e7\u00e3o da proposta foi feita pelo arquiteto Carl Von Hauenschild e, al\u00e9m de um teatro e um circo, possui ocas de estrutura met\u00e1lica, onde ser\u00e3o desenvolvidas atividades culturais diversas e fomentada a economia criativa. O empreendimento segue o projeto paisag\u00edstico Parque Burle Marx, que h\u00e1 d\u00e9cadas espera ser executado completamente na Avenida Soares Lopes, al\u00e9m do projeto Orla. \u201cO Parque Cultural n\u00e3o beneficiar\u00e1 apenas o grupo, mas a regi\u00e3o sulbaiana\u201d, explicou Hauenschild.<\/p>\n<p>A coordenadora regional do Sebrae, Claudiana Figueiredo, esteve presente no lan\u00e7amento da Tenda do TPI. Na ocasi\u00e3o, ela disse que o sul da Bahia tem potencial para investir mais na economia criativa, valorizando seu patrim\u00f4nio imaterial, agregando valor aos seus produtos. Ainda segundo a coordenadora, o Teatro Popular de Ilh\u00e9us \u00e9 uma refer\u00eancia regional como empreendedor cultural e o Sebrae est\u00e1 aberto como parceiro na busca por investidores.<\/p>\n<p>A programa\u00e7\u00e3o da Tenda do Teatro Popular de Ilh\u00e9us segue as atra\u00e7\u00f5es, projetos, cursos e oficinas que o grupo vem executando, atrav\u00e9s de conv\u00eanio com o Fundo de Cultura da Bahia. Nesta ter\u00e7a-feira (09) \u00e0s 19 horas, o Cineclube \u00c9quio Reis exibe o document\u00e1rio \u201cOs Magn\u00edficos\u201d, com entrada franca. E, na quarta-feira (10), acontece a mostra Mondrongo Filmes, exibindo v\u00eddeos produzidos ou apoiados pelo N\u00facleo de Produ\u00e7\u00e3o Audiovisual do Teatro Popular de Ilh\u00e9us.<\/p>\n","protected":false},"excerpt":{"rendered":"<p>Muita emo\u00e7\u00e3o na estreia do novo espa\u00e7o do Teatro Popular de Ilh\u00e9us (TPI). Na noite do \u00faltimo s\u00e1bado (06), o grupo lan\u00e7ou a programa\u00e7\u00e3o de abril em sua Tenda, na Avenida Soares Lopes, com plat\u00e9ia lotada. Al\u00e9m de vibrar e aplaudir de p\u00e9 a apresenta\u00e7\u00e3o do musical da Cia. Boi da Cara Preta Lendas da [&hellip;]<\/p>\n","protected":false},"author":2,"featured_media":0,"comment_status":"open","ping_status":"open","sticky":false,"template":"","format":"standard","meta":{"_links_to":"","_links_to_target":""},"categories":[5],"tags":[],"_links":{"self":[{"href":"https:\/\/www.r2cpress.com.br\/v1\/wp-json\/wp\/v2\/posts\/62671"}],"collection":[{"href":"https:\/\/www.r2cpress.com.br\/v1\/wp-json\/wp\/v2\/posts"}],"about":[{"href":"https:\/\/www.r2cpress.com.br\/v1\/wp-json\/wp\/v2\/types\/post"}],"author":[{"embeddable":true,"href":"https:\/\/www.r2cpress.com.br\/v1\/wp-json\/wp\/v2\/users\/2"}],"replies":[{"embeddable":true,"href":"https:\/\/www.r2cpress.com.br\/v1\/wp-json\/wp\/v2\/comments?post=62671"}],"version-history":[{"count":3,"href":"https:\/\/www.r2cpress.com.br\/v1\/wp-json\/wp\/v2\/posts\/62671\/revisions"}],"predecessor-version":[{"id":62675,"href":"https:\/\/www.r2cpress.com.br\/v1\/wp-json\/wp\/v2\/posts\/62671\/revisions\/62675"}],"wp:attachment":[{"href":"https:\/\/www.r2cpress.com.br\/v1\/wp-json\/wp\/v2\/media?parent=62671"}],"wp:term":[{"taxonomy":"category","embeddable":true,"href":"https:\/\/www.r2cpress.com.br\/v1\/wp-json\/wp\/v2\/categories?post=62671"},{"taxonomy":"post_tag","embeddable":true,"href":"https:\/\/www.r2cpress.com.br\/v1\/wp-json\/wp\/v2\/tags?post=62671"}],"curies":[{"name":"wp","href":"https:\/\/api.w.org\/{rel}","templated":true}]}}