{"id":62676,"date":"2013-04-08T19:28:27","date_gmt":"2013-04-08T22:28:27","guid":{"rendered":"http:\/\/www.r2cpress.com.br\/v1\/?p=62676"},"modified":"2013-04-08T19:28:27","modified_gmt":"2013-04-08T22:28:27","slug":"medidas-socieducativas-do-creas-sao-avaliadas-por-representantes-da-justica","status":"publish","type":"post","link":"https:\/\/www.r2cpress.com.br\/v1\/2013\/04\/08\/medidas-socieducativas-do-creas-sao-avaliadas-por-representantes-da-justica\/","title":{"rendered":"Medidas socieducativas do Creas s\u00e3o avaliadas por representantes da Justi\u00e7a"},"content":{"rendered":"<p>Representantes do Centro de Refer\u00eancia Especializado de Assist\u00eancia Social Medidas Socieoducativas \u2013 Creas-MS \u2013 \u00f3rg\u00e3o integrante da Secretaria de Desenvolvimento Social de Ilh\u00e9us (SDS), participaram na \u00faltima quinta-feira, 4, da primeira Audi\u00eancia Admonit\u00f3ria e de Fiscaliza\u00e7\u00e3o, acolhendo as ordens estabelecidas pela Vara da Inf\u00e2ncia. O objetivo principal da iniciativa \u00e9 verificar a assiduidade e a realiza\u00e7\u00e3o das medidas a serem cumpridas pelos jovens que est\u00e3o em confronto com a lei.<\/p>\n<p>Participam das audi\u00eancias representantes do Minist\u00e9rio P\u00fablico, Vara da Inf\u00e2ncia, Defensoria P\u00fablica e da equipe multidisciplinar da SDS. S\u00e3o realizadas a cada tr\u00eas meses, com a tarefa de averiguar se as penas, que devem ser exercidas no m\u00ednimo de seis meses, foram realizadas. Nessas audi\u00eancias, os adolescentes s\u00e3o ouvidos e questionados sobre as oficinas e atividades promovidas pelo Creas-MS. Caso contr\u00e1rio, as medidas s\u00e3o redefinidas para novos prazos e os adolescentes podem passar a cumprir presta\u00e7\u00e3o de servi\u00e7o comunit\u00e1rio ou at\u00e9 mesmo interna\u00e7\u00e3o em regime fechado.<\/p>\n<p><!--more--><\/p>\n<p>O trabalho realizado pelo Creas-MS obriga o jovem a freq\u00fcentar a escola e a participar de oficinas culturais, espirituais e esportivas. O \u00f3rg\u00e3o tamb\u00e9m se incumbe do atendimento psicol\u00f3gico e visitas \u00e0s fam\u00edlias dos adolescentes. O trabalho \u00e9 realizado em parceria com toda a rede assistencial para a prote\u00e7\u00e3o desses jovens, obedecendo \u00e0s regras do Estatuto da Crian\u00e7a e do Adolescente (ECA) e do Sistema Nacional de Atendimento Socioeducativo (Sinase).<\/p>\n<p>O Creas-MS \u00e9 um programa do Governo Federal que oferece servi\u00e7os especializados a fam\u00edlias e indiv\u00edduos em situa\u00e7\u00e3o de amea\u00e7a ou viola\u00e7\u00e3o de direitos (viol\u00eancia f\u00edsica, psicol\u00f3gica, sexual, tr\u00e1fico de pessoas, cumprimento de medidas socioeducativas em meio aberto). A sede do programa fica localizada na Av. Uberl\u00e2ndia, n\u00ba555, no bairro Malhado.<\/p>\n<p>O servi\u00e7o oferecido por este programa busca auxiliar na recupera\u00e7\u00e3o e resgate de jovens infratores e incentivar a popula\u00e7\u00e3o no combate a introdu\u00e7\u00e3o desses no mundo das drogas e conseq\u00fcentemente dos crimes. As atividades exercidas pelo Creas devem ser desenvolvidas de modo articulado com toda rede socioassistencial al\u00e9m de \u00f3rg\u00e3os da defesa de direitos e das demais pol\u00edticas p\u00fablicas.<\/p>\n<p>De acordo com o secret\u00e1rio da pasta, Jamil Ock\u00e9, que tamb\u00e9m participou da primeira audi\u00eancia prestando esclarecimentos sobre programas da secretaria, confirma que \u201co trabalho realizado por esta equipe multidisciplinar busca incessantemente resgatar esses jovens e incentiv\u00e1-los a procurar novos rumos para a uma nova vida e a SDS com a promo\u00e7\u00e3o de cursos a serem realizados pelo Pronatec e Senai procurar tamb\u00e9m incentivar a inser\u00e7\u00e3o deles no mercado de trabalho\u201d.<\/p>\n<p>&#8212;<br \/>\nSecretaria de Comunica\u00e7\u00e3o Social (Secom)<br \/>\nIlh\u00e9us \u2013 08.04.2013<\/p>\n","protected":false},"excerpt":{"rendered":"<p>Representantes do Centro de Refer\u00eancia Especializado de Assist\u00eancia Social Medidas Socieoducativas \u2013 Creas-MS \u2013 \u00f3rg\u00e3o integrante da Secretaria de Desenvolvimento Social de Ilh\u00e9us (SDS), participaram na \u00faltima quinta-feira, 4, da primeira Audi\u00eancia Admonit\u00f3ria e de Fiscaliza\u00e7\u00e3o, acolhendo as ordens estabelecidas pela Vara da Inf\u00e2ncia. O objetivo principal da iniciativa \u00e9 verificar a assiduidade e a [&hellip;]<\/p>\n","protected":false},"author":2,"featured_media":0,"comment_status":"open","ping_status":"open","sticky":false,"template":"","format":"standard","meta":{"_links_to":"","_links_to_target":""},"categories":[23],"tags":[],"_links":{"self":[{"href":"https:\/\/www.r2cpress.com.br\/v1\/wp-json\/wp\/v2\/posts\/62676"}],"collection":[{"href":"https:\/\/www.r2cpress.com.br\/v1\/wp-json\/wp\/v2\/posts"}],"about":[{"href":"https:\/\/www.r2cpress.com.br\/v1\/wp-json\/wp\/v2\/types\/post"}],"author":[{"embeddable":true,"href":"https:\/\/www.r2cpress.com.br\/v1\/wp-json\/wp\/v2\/users\/2"}],"replies":[{"embeddable":true,"href":"https:\/\/www.r2cpress.com.br\/v1\/wp-json\/wp\/v2\/comments?post=62676"}],"version-history":[{"count":3,"href":"https:\/\/www.r2cpress.com.br\/v1\/wp-json\/wp\/v2\/posts\/62676\/revisions"}],"predecessor-version":[{"id":62679,"href":"https:\/\/www.r2cpress.com.br\/v1\/wp-json\/wp\/v2\/posts\/62676\/revisions\/62679"}],"wp:attachment":[{"href":"https:\/\/www.r2cpress.com.br\/v1\/wp-json\/wp\/v2\/media?parent=62676"}],"wp:term":[{"taxonomy":"category","embeddable":true,"href":"https:\/\/www.r2cpress.com.br\/v1\/wp-json\/wp\/v2\/categories?post=62676"},{"taxonomy":"post_tag","embeddable":true,"href":"https:\/\/www.r2cpress.com.br\/v1\/wp-json\/wp\/v2\/tags?post=62676"}],"curies":[{"name":"wp","href":"https:\/\/api.w.org\/{rel}","templated":true}]}}