{"id":62714,"date":"2013-04-09T14:42:32","date_gmt":"2013-04-09T17:42:32","guid":{"rendered":"http:\/\/www.r2cpress.com.br\/v1\/?p=62714"},"modified":"2013-04-09T14:42:32","modified_gmt":"2013-04-09T17:42:32","slug":"ilheus-festeja-padroeiro-sao-jorge-de-14-a-23-deste-mes","status":"publish","type":"post","link":"https:\/\/www.r2cpress.com.br\/v1\/2013\/04\/09\/ilheus-festeja-padroeiro-sao-jorge-de-14-a-23-deste-mes\/","title":{"rendered":"Ilh\u00e9us festeja padroeiro S\u00e3o Jorge de 14 a 23 deste m\u00eas"},"content":{"rendered":"<p>Uma grande carreata, que percorrer\u00e1 as principais ruas e avenidas de Ilh\u00e9us, marcar\u00e1 a abertura da programa\u00e7\u00e3o da Festa de S\u00e3o Jorge, padroeiro da cidade e da Diocese, no pr\u00f3ximo domingo, dia 14, saindo \u00e0s 16 horas, da pra\u00e7a Rui Barbosa, localizada nas proximidades da Igreja Matriz de S\u00e3o Jorge. Segundo o padre Edm\u00edlson Vivas, p\u00e1roco da Catedral de S\u00e3o Sebasti\u00e3o, o ponto alto do evento, que este ano integra a programa\u00e7\u00e3o comemorativa dos 100 anos da Diocese de Ilh\u00e9us, acontecer\u00e1 mais uma vez no feriado municipal do dia 23 de abril, quando tradicionalmente a comunidade cat\u00f3lica homenageia um dos padroeiros do munic\u00edpio.<br \/>\n<div id=\"attachment_62716\" style=\"width: 510px\" class=\"wp-caption aligncenter\"><a href=\"http:\/\/www.r2cpress.com.br\/v1\/wp-content\/uploads\/Igreja-Matriz-de-S\u00e3o-Jorge-Foto-Alfredo-Filho-Secom-Ilh\u00e9us.jpg\"><img aria-describedby=\"caption-attachment-62716\" loading=\"lazy\" src=\"http:\/\/www.r2cpress.com.br\/v1\/wp-content\/uploads\/Igreja-Matriz-de-S\u00e3o-Jorge-Foto-Alfredo-Filho-Secom-Ilh\u00e9us.jpg\" alt=\"Igreja Matriz de S\u00e3o Jorge - Foto Alfredo Filho - Secom Ilh\u00e9us.\" width=\"500\" height=\"462\" class=\"size-full wp-image-62716\" srcset=\"https:\/\/www.r2cpress.com.br\/v1\/wp-content\/uploads\/Igreja-Matriz-de-S\u00e3o-Jorge-Foto-Alfredo-Filho-Secom-Ilh\u00e9us.jpg 500w, https:\/\/www.r2cpress.com.br\/v1\/wp-content\/uploads\/Igreja-Matriz-de-S\u00e3o-Jorge-Foto-Alfredo-Filho-Secom-Ilh\u00e9us-300x277.jpg 300w\" sizes=\"(max-width: 500px) 100vw, 500px\" \/><\/a><p id=\"caption-attachment-62716\" class=\"wp-caption-text\">Igreja Matriz de S\u00e3o Jorge &#8211; Foto Alfredo Filho &#8211; Secom Ilh\u00e9us.<\/p><\/div><br \/>\nCom uma programa\u00e7\u00e3o especial, que se iniciar\u00e1 por volta da meia-noite com uma grande queima de fogos, o dia 23 de abril tamb\u00e9m ser\u00e1 marcado por missa, \u00e0s 7 da manh\u00e3, com anima\u00e7\u00e3o do grupo de Canto do Outeiro; missa solene presidida pelo Bispo Diocesano Dom Mauro Montagnoli e concelebrada pelos padres da Diocese de Ilh\u00e9us, \u00e0s 9h30min e caminhada de F\u00e9, com ben\u00e7\u00e3o do Sant\u00edssimo Sacramento, \u00e0s 16h30min. As missas acontecer\u00e3o na Igreja Matriz de S\u00e3o Jorge, localizada na rua Conselheiro Dantas, centro da cidade, e um dos principais \u00edcones religiosos da cidade.<\/p>\n<p><!--more--><\/p>\n<p>Este ano, o tema central do noven\u00e1rio da Festa de S\u00e3o Jorge \u00e9 \u201cJubileu da Diocese de Ilh\u00e9us, Cem Anos de Hist\u00f3ria \u00e0 Luz da F\u00e9 no Deus Uno e Trino\u201d. Durante os nove dias, 14 a 22, a programa\u00e7\u00e3o ter\u00e1 sempre in\u00edcio a partir das 19 horas, com discuss\u00e3o de diversos sub-temas e presen\u00e7a de grupos, entidades e convidados, al\u00e9m da anima\u00e7\u00e3o de um grupo musical. O padre Edm\u00edlson Vivas chama aten\u00e7\u00e3o para o fato de que as comemora\u00e7\u00f5es reunir\u00e3o representantes de todas as zonais e par\u00f3quias que comp\u00f5em a Diocese de Ilh\u00e9us.<\/p>\n<p>Depois da abertura oficial do centen\u00e1rio da Diocese de Ilh\u00e9us, ocorrida em novembro do ano passado, a programa\u00e7\u00e3o ainda contemplar\u00e1 diversos eventos, como a Semana Mission\u00e1ria Jovem, de 17 a 20 de julho, em toda as par\u00f3quias; o Dia do Padre, 4 de agosto, em Ubaitaba, Zonal Leste; Semana Social Diocesana, dentro da 5\u00aa Semana Social Brasileira, de 19 a 21 de setembro, em Ilh\u00e9us, zonais Centro Sul e Centro Norte e a Celebra\u00e7\u00e3o do Centen\u00e1rio, no dia 20 de outubro, na pra\u00e7a Dom Eduardo, em Ilh\u00e9us.<\/p>\n<p>Noven\u00e1rio de S\u00e3o Jorge &#8211; No dia 14 (domingo), o sub-tema discutido ser\u00e1 \u201cProfessar a f\u00e9 na Sant\u00edssima Trindade \u00e9 crer num s\u00f3 Deus que \u00e9 Amor\u201d. A noite ser\u00e1 dedicada aos religiosos, e ter\u00e1 como convidados a participa\u00e7\u00e3o de estigm\u00e1ticos, palotinos, ursulinas, fransciscanas, consagrados, movimentos de cursilho, movimentos dos focolares e grupos de fratenidade, entre outros. O acolhimento, que contar\u00e1 com a anima\u00e7\u00e3o do Grupo AVA, ser\u00e1 feito pelo Movimento dos Focolares e Grupo da Fraternidade.<\/p>\n<p>A segunda noite, dia 15, discutir\u00e1 o sub-tema \u201cJesus Cristo autor e consumador da nossa f\u00e9\u201d e ser\u00e1 dedicada a Zonal Norte I. A noite contar\u00e1 com a participa\u00e7\u00e3o das par\u00f3quias de Santo Andr\u00e9 (Ituber\u00e1), Nossa Senhora das Dores (Igrapi\u00fana), Nossa Senhora da Assun\u00e7\u00e3o (Camamu), S\u00e3o Sebasti\u00e3o (Mara\u00fa), S\u00e3o Miguel Arcanjo (Itacar\u00e9) e Legi\u00e3o de Maria, al\u00e9m de representantes dos col\u00e9gios Estadual, Estado do Cear\u00e1 e do Padre Lu\u00eds Palmeira, tendo o grupo de Canto do Outeiro como anima\u00e7\u00e3o da noite.<\/p>\n<p> Na ter\u00e7a-feira (dia 16), \u201ca f\u00e9 \u00e9 dom do Esp\u00edrito Santo que impulsiona e capacita os disc\u00edpulos mission\u00e1rios para a miss\u00e3o\u201d ser\u00e1 o sub-tema a ser discutido e ser\u00e1 dedicado ao Zonal Norte II. Par\u00f3quias de Gand\u00fa, Wenceslau Guimar\u00e3es, Teol\u00e2ndia, Itamari, Rotary Clube de Ilh\u00e9us e Jorge Amado, entre outros, s\u00e3o os convidados da terceira noite, contando com a anima\u00e7\u00e3o do Coral Dom Eduardo. Na quarta-feira (dia 17), convidados das par\u00f3quias de Ipia\u00fa, Barra do Rocha, Ubat\u00e3, Abrigo S\u00e3o Vicente, grupos da melhor idade, entre outros, discutem o sub-tema \u201cCrer com a Igreja e na Igreja que \u00e9 a m\u00e3e e mestra\u201d, noite dedicada ao Zonal Oeste. A banda Celebrai anima o encontro.<\/p>\n<p>\u201cA nova evangeliza\u00e7\u00e3o conduz a uma aut\u00eantica e sincera profiss\u00e3o da f\u00e9 crist\u00e3\u201d \u00e9 o sub-tema a ser discutido na quinta noite do noven\u00e1rio e ser\u00e1 dedicada ao Zonal Leste. Ser\u00e3o convidadas as par\u00f3quias de Uru\u00e7uca, Ubaitaba, Aurelino Leal, Travess\u00e3o e Ibirapitanga, grupos da missa para os Homens da Cidade, entre outros. A anima\u00e7\u00e3o ficar\u00e1 por conta do grupo de Canto da Missa para os Homens.  J\u00e1 a sexta noite (dia 19), que ser\u00e1 dedicada \u00e0 Zona Sul, estar\u00e1 discutindo o sub-tema \u201cPela f\u00e9, somos promotores da justi\u00e7a do reino e denunciadores da cultura de morte\u201d. Par\u00f3quias de Coaraci, Itapitanga, Almadina, vi\u00favas e vi\u00favas e senhoras de caridade, entre outros, ser\u00e3o convidados para a noite, que ser\u00e1 animada pelo Grupo de Canto da Vit\u00f3ria.<\/p>\n<p>A s\u00e9tima noite do noven\u00e1rio em homenagem a S\u00e3o Jorge vai abordar o sub-tema \u201cA f\u00e9 sem caridade n\u00e3o d\u00e1 frutos e a caridade sem a f\u00e9 gera d\u00favidas\u201d. Com anima\u00e7\u00e3o do Grupo \u201cS\u00f3 o Amor Constr\u00f3i\u201d, a noite contar\u00e1 com a presen\u00e7a das par\u00f3quias dos bairros Iguape, Barra, Malhado, Teot\u00f4nio Vilela, Avenida Esperan\u00e7a, Banco da Vit\u00f3ria e Pastoral Familiar, entre outros. \u201cA f\u00e9 aut\u00eantica torna-nos sinal vivo do Ressuscitado\u201d ser\u00e1 o sub-tema da oitava e pen\u00faltima noite do noven\u00e1rio, que ter\u00e1 como convidados jovens em geral, grupos Vinde e Vede, Escalada, Crismado, Instituto de Teologia e servidores do Minist\u00e9rio P\u00fablico e da Defensoria P\u00fablica. O grupo de canto AVA animar\u00e1 a noite.<\/p>\n<p>Na \u00faltima noite do noven\u00e1rio (dia 22), o sub-tema a ser discutido ser\u00e1 \u201cPela f\u00e9, S\u00e3o Jorge deu a vida para testemunhar a verdade do Evangelho do reino\u201d. Para a noite, que ser\u00e1 dedicada ao Zonal Centro-Sul, ser\u00e3o convidadas as par\u00f3quias dos bairros do alto do Pacheco, Conquista, Pontal, Nelson Costa e N. S. das Vit\u00f3rias, al\u00e9m de representantes da CAERC, PM, Ciretran e Salva-Vidas, entre outros. A anima\u00e7\u00e3o fica por conta do Grupo \u201cS\u00f3 o Amor Constr\u00f3i\u201d.<\/p>\n<p>&#8212;<br \/>\nSecretaria de Comunica\u00e7\u00e3o Social (Secom)<br \/>\nIlh\u00e9us \u2013 09.04.2013<\/p>\n","protected":false},"excerpt":{"rendered":"<p>Uma grande carreata, que percorrer\u00e1 as principais ruas e avenidas de Ilh\u00e9us, marcar\u00e1 a abertura da programa\u00e7\u00e3o da Festa de S\u00e3o Jorge, padroeiro da cidade e da Diocese, no pr\u00f3ximo domingo, dia 14, saindo \u00e0s 16 horas, da pra\u00e7a Rui Barbosa, localizada nas proximidades da Igreja Matriz de S\u00e3o Jorge. Segundo o padre Edm\u00edlson Vivas, [&hellip;]<\/p>\n","protected":false},"author":2,"featured_media":0,"comment_status":"open","ping_status":"open","sticky":false,"template":"","format":"standard","meta":{"_links_to":"","_links_to_target":""},"categories":[23],"tags":[],"_links":{"self":[{"href":"https:\/\/www.r2cpress.com.br\/v1\/wp-json\/wp\/v2\/posts\/62714"}],"collection":[{"href":"https:\/\/www.r2cpress.com.br\/v1\/wp-json\/wp\/v2\/posts"}],"about":[{"href":"https:\/\/www.r2cpress.com.br\/v1\/wp-json\/wp\/v2\/types\/post"}],"author":[{"embeddable":true,"href":"https:\/\/www.r2cpress.com.br\/v1\/wp-json\/wp\/v2\/users\/2"}],"replies":[{"embeddable":true,"href":"https:\/\/www.r2cpress.com.br\/v1\/wp-json\/wp\/v2\/comments?post=62714"}],"version-history":[{"count":3,"href":"https:\/\/www.r2cpress.com.br\/v1\/wp-json\/wp\/v2\/posts\/62714\/revisions"}],"predecessor-version":[{"id":62718,"href":"https:\/\/www.r2cpress.com.br\/v1\/wp-json\/wp\/v2\/posts\/62714\/revisions\/62718"}],"wp:attachment":[{"href":"https:\/\/www.r2cpress.com.br\/v1\/wp-json\/wp\/v2\/media?parent=62714"}],"wp:term":[{"taxonomy":"category","embeddable":true,"href":"https:\/\/www.r2cpress.com.br\/v1\/wp-json\/wp\/v2\/categories?post=62714"},{"taxonomy":"post_tag","embeddable":true,"href":"https:\/\/www.r2cpress.com.br\/v1\/wp-json\/wp\/v2\/tags?post=62714"}],"curies":[{"name":"wp","href":"https:\/\/api.w.org\/{rel}","templated":true}]}}