{"id":6273,"date":"2011-01-11T09:40:36","date_gmt":"2011-01-11T12:40:36","guid":{"rendered":"http:\/\/www.r2cpress.com.br\/v1\/?p=6273"},"modified":"2011-01-11T09:40:36","modified_gmt":"2011-01-11T12:40:36","slug":"retiro-sao-francisco-fecha-as-portas","status":"publish","type":"post","link":"https:\/\/www.r2cpress.com.br\/v1\/2011\/01\/11\/retiro-sao-francisco-fecha-as-portas\/","title":{"rendered":"Retiro S\u00e3o Francisco fecha as portas"},"content":{"rendered":"\n<p>Ap\u00f3s uma vida de muitas hist\u00f3rias, v\u00e1rios idosos de Salvador devem perder um local que foi por mais de 60 anos um verdadeiro ombro amigo.<br \/>\nLocalizado em uma \u00e1rea de alta especula\u00e7\u00e3o imobili\u00e1ria de Salvador, no Horto Florestal, o Retiro S\u00e3o Francisco est\u00e1 com seus dias contados.  Apenas quatro feiras ainda vivem no Retiro. Elas receberam ordem para deixar o local at\u00e9 pr\u00f3ximo dia 15.<\/p>\n<p>Considerado um local muito apraz\u00edvel, e que sempre teve a inten\u00e7\u00e3o de levar assist\u00eancia m\u00e9dica, odontol\u00f3gica aos mais necessitados, o Retiro sempre viveu sob os servi\u00e7os de volunt\u00e1rios m\u00e9dicos cl\u00ednicos, psic\u00f3logos e outros, mas nos \u00faltimos anos passou a sofrer de problemas financeiros, segundo os administradores, coincidentemente, ou n\u00e3o, mesmo per\u00edodo em que passou a sofrer uma forte especula\u00e7\u00e3o imobili\u00e1ria.<\/p>\n<p><!--more--><\/p>\n<p>As religiosas que vivem no Retiro dizem que n\u00e3o sabem os motivos da desocupa\u00e7\u00e3o do local, que \u00e9 administrado pelo frei Fernando Pinheiro. No entanto, o frei j\u00e1 admitiu em outra ocasi\u00e3o que o Retiro passa por dificuldades financeiras e chegou a ser procurado por uma construtora. Ainda assim, na \u00e9poca em entrevista ao site Carcar\u00e1 News, o religioso negou a venda do local. \u201cOs empres\u00e1rios fizeram uma oferta e n\u00f3s recusamos. Todo o resto n\u00e3o passa de boato\u201d disse o frei.<\/p>\n<p>O Retiro \u00e9 administrado pela Ordem Franciscana juntamente com as Irm\u00e3s Franciscanas, cuja sede fica em Recife. O local foi inaugurado em 6 de mar\u00e7o 1949 pelo frei Hildebrando Kruthaup mediante donativos advindos de fam\u00edlias tradicionais, entre eles Clemente Mariani, Eug\u00eanio Teixeira Leal, Norberto Odebrecht, Pamphilo de Carvalho e outros grandes nomes da economia baiana da \u00e9poca.<\/p>\n<p>Amigos do Abrigo &#8211; Um grupo de pessoas, que se intitulam Amigos do Retiro S\u00e3o Francisco, questionam a situa\u00e7\u00e3o atrav\u00e9s de uma corrente chamada \u201cSOS Retiro S\u00e3o Franscisco\u201d.<\/p>\n<p>O jornalista Chico Bruno, editor do site Pol\u00edcia &#038; Cia, questiona em sua p\u00e1gina na rede por que, em 61 anos de exist\u00eancia, s\u00f3 agora o abrigo sofreria desta m\u00e1 administra\u00e7\u00e3o.<\/p>\n<p>O grupo planeja, para a pr\u00f3xima sexta-feira (14), um ato simb\u00f3lico contra o fechamento do local e questiona qual ser\u00e1 o seu destino. A manifesta\u00e7\u00e3o ser\u00e1 \u00e0s 16h, na entrada do Retiro. Vestido de branco, o grupo vai distribuir flores e cobrar explica\u00e7\u00f5es sobre o fechamento do local. Uma das l\u00edderes do movimento, a professora Heleni \u00c1vila questiona que as freiras foram avisadas de forma repentina e ainda n\u00e3o sabem que rumos devem tomar. \u201cAs freiras t\u00eam que deixar o local at\u00e9 s\u00e1bado e a coisa aconteceu de forma t\u00e3o inesperada que elas ainda n\u00e3o sabem o que fazer.\u201d<\/p>\n<p>A professora, que passou a frequentar o local h\u00e1 alguns anos, acompanhada dos pais, relembra ainda a import\u00e2ncia do local. \u201cA casa j\u00e1 viveu dias de apogeu e, em 1960, chegou a receber convidados ilustres que estiveram em Salvador para um grande congresso internacional de medicina, que contou com a presen\u00e7a do ent\u00e3o presidente da Rep\u00fablica, Juscelino Kubitschek\u201d. No entanto apesar dos apelos, o local pode desaparecer em breve.<\/p>\n<p>\u201cJ\u00e1 ouvi pessoas dizendo que at\u00e9 j\u00e1 viram a maquete do que ser\u00e1 constru\u00eddo no local\u201d, disse a professora. <\/p>\n<p>&#8212;<br \/>\nEric Luiz Carvalho<br \/>\n<a href = \"http:\/\/www.tribunadabahia.com.br\/news.php?idAtual=70089\" target = \"_news\"><b>Tribuna da Bahia<\/b><\/a><\/p>\n","protected":false},"excerpt":{"rendered":"<p>Ap\u00f3s uma vida de muitas hist\u00f3rias, v\u00e1rios idosos de Salvador devem perder um local que foi por mais de 60 anos um verdadeiro ombro amigo. Localizado em uma \u00e1rea de alta especula\u00e7\u00e3o imobili\u00e1ria de Salvador, no Horto Florestal, o Retiro S\u00e3o Francisco est\u00e1 com seus dias contados. Apenas quatro feiras ainda vivem no Retiro. Elas [&hellip;]<\/p>\n","protected":false},"author":2,"featured_media":0,"comment_status":"open","ping_status":"open","sticky":false,"template":"","format":"standard","meta":{"_links_to":"","_links_to_target":""},"categories":[13],"tags":[],"_links":{"self":[{"href":"https:\/\/www.r2cpress.com.br\/v1\/wp-json\/wp\/v2\/posts\/6273"}],"collection":[{"href":"https:\/\/www.r2cpress.com.br\/v1\/wp-json\/wp\/v2\/posts"}],"about":[{"href":"https:\/\/www.r2cpress.com.br\/v1\/wp-json\/wp\/v2\/types\/post"}],"author":[{"embeddable":true,"href":"https:\/\/www.r2cpress.com.br\/v1\/wp-json\/wp\/v2\/users\/2"}],"replies":[{"embeddable":true,"href":"https:\/\/www.r2cpress.com.br\/v1\/wp-json\/wp\/v2\/comments?post=6273"}],"version-history":[{"count":2,"href":"https:\/\/www.r2cpress.com.br\/v1\/wp-json\/wp\/v2\/posts\/6273\/revisions"}],"predecessor-version":[{"id":6275,"href":"https:\/\/www.r2cpress.com.br\/v1\/wp-json\/wp\/v2\/posts\/6273\/revisions\/6275"}],"wp:attachment":[{"href":"https:\/\/www.r2cpress.com.br\/v1\/wp-json\/wp\/v2\/media?parent=6273"}],"wp:term":[{"taxonomy":"category","embeddable":true,"href":"https:\/\/www.r2cpress.com.br\/v1\/wp-json\/wp\/v2\/categories?post=6273"},{"taxonomy":"post_tag","embeddable":true,"href":"https:\/\/www.r2cpress.com.br\/v1\/wp-json\/wp\/v2\/tags?post=6273"}],"curies":[{"name":"wp","href":"https:\/\/api.w.org\/{rel}","templated":true}]}}