{"id":62740,"date":"2013-04-09T23:30:00","date_gmt":"2013-04-10T02:30:00","guid":{"rendered":"http:\/\/www.r2cpress.com.br\/v1\/?p=62740"},"modified":"2013-04-09T23:30:00","modified_gmt":"2013-04-10T02:30:00","slug":"saude-realiza-oficina-de-planejamento-em-ilheus","status":"publish","type":"post","link":"https:\/\/www.r2cpress.com.br\/v1\/2013\/04\/09\/saude-realiza-oficina-de-planejamento-em-ilheus\/","title":{"rendered":"Sa\u00fade realiza Oficina de Planejamento em Ilh\u00e9us"},"content":{"rendered":"<p>Todos os coordenadores de \u00e1rea da Secretaria Municipal de Sa\u00fade de Ilh\u00e9us estiveram reunidos nesta ter\u00e7a-feira, 9, durante a Oficina de Planejamento realizada com o objetivo de reunir dados, discutir os principais problemas do setor, elaborar o programa de a\u00e7\u00f5es de 2013 e estabelecer metas para o Plano Municipal de Sa\u00fade 2014-2017. Sob a coordena\u00e7\u00e3o da secret\u00e1ria Led\u00edvia Espinheira, cerca de 60 t\u00e9cnicos debateram os atuais indicadores da sa\u00fade e a defini\u00e7\u00e3o de prioridades com vistas \u00e0 utiliza\u00e7\u00e3o racional dos recursos dispon\u00edveis.<\/p>\n<div id=\"attachment_62741\" style=\"width: 510px\" class=\"wp-caption aligncenter\"><a href=\"http:\/\/www.r2cpress.com.br\/v1\/wp-content\/uploads\/Semin\u00e1rio-de-Planejamento-da-Secretaria-de-Sa\u00fade-Foto-Alfredo-Filho-Secom-MONT.jpg\"><img aria-describedby=\"caption-attachment-62741\" loading=\"lazy\" class=\"size-full wp-image-62741\" alt=\"Semin\u00e1rio de Planejamento da Secretaria de Sa\u00fade - Foto Alfredo Filho - Secom. MONT\/R2CPRESS.\" src=\"http:\/\/www.r2cpress.com.br\/v1\/wp-content\/uploads\/Semin\u00e1rio-de-Planejamento-da-Secretaria-de-Sa\u00fade-Foto-Alfredo-Filho-Secom-MONT.jpg\" width=\"500\" height=\"500\" srcset=\"https:\/\/www.r2cpress.com.br\/v1\/wp-content\/uploads\/Semin\u00e1rio-de-Planejamento-da-Secretaria-de-Sa\u00fade-Foto-Alfredo-Filho-Secom-MONT.jpg 500w, https:\/\/www.r2cpress.com.br\/v1\/wp-content\/uploads\/Semin\u00e1rio-de-Planejamento-da-Secretaria-de-Sa\u00fade-Foto-Alfredo-Filho-Secom-MONT-150x150.jpg 150w, https:\/\/www.r2cpress.com.br\/v1\/wp-content\/uploads\/Semin\u00e1rio-de-Planejamento-da-Secretaria-de-Sa\u00fade-Foto-Alfredo-Filho-Secom-MONT-300x300.jpg 300w\" sizes=\"(max-width: 500px) 100vw, 500px\" \/><\/a><p id=\"caption-attachment-62741\" class=\"wp-caption-text\">Semin\u00e1rio de Planejamento da Secretaria de Sa\u00fade &#8211; Foto Alfredo Filho &#8211; Secom. <strong>MONT\/R2CPRESS.<\/strong><\/p><\/div>\n<p>O evento foi realizado, durante todo o dia, no audit\u00f3rio do Hotel Aldeia da Praia, com a participa\u00e7\u00e3o tamb\u00e9m de t\u00e9cnicos vinculados \u00e0 Secretaria de Sa\u00fade do Estado da Bahia. Foram discutidos diagn\u00f3sticos das coordena\u00e7\u00f5es de aten\u00e7\u00e3o b\u00e1sica \u00e0 sa\u00fade, atendimento de urg\u00eancia, Vigil\u00e2ncia Epidemiol\u00f3gica, Centro de Doen\u00e7as Sexualmente Transmiss\u00edveis (DST), Vigil\u00e2ncia Sanit\u00e1ria, Sa\u00fade Bucal, Central de Regula\u00e7\u00e3o, ouvidoria, recursos humanos e a \u00e1rea administrativo-financeira, entre outros.<\/p>\n<p>Segundo a secret\u00e1ria Led\u00edvia Espinheira, ap\u00f3s a elabora\u00e7\u00e3o do Plano de A\u00e7\u00e3o, o documento ser\u00e1 enviado para aprecia\u00e7\u00e3o do Conselho Municipal de Sa\u00fade (CMS), como base para acompanhamento das atividades e seus resultados. Os temas foram discutidos considerando a magnitude do problema identificado, a valoriza\u00e7\u00e3o social conforme o impacto sobre os diversos grupos da popula\u00e7\u00e3o, a capacidade operacional do sistema municipal de sa\u00fade e o custo estimado da interven\u00e7\u00e3o sobre o problema.<\/p>\n<p>&#8212;<br \/>\nSecretaria de Comunica\u00e7\u00e3o Social (Secom)<br \/>\nIlh\u00e9us \u2013 09.04.2013<\/p>\n","protected":false},"excerpt":{"rendered":"<p>Todos os coordenadores de \u00e1rea da Secretaria Municipal de Sa\u00fade de Ilh\u00e9us estiveram reunidos nesta ter\u00e7a-feira, 9, durante a Oficina de Planejamento realizada com o objetivo de reunir dados, discutir os principais problemas do setor, elaborar o programa de a\u00e7\u00f5es de 2013 e estabelecer metas para o Plano Municipal de Sa\u00fade 2014-2017. Sob a coordena\u00e7\u00e3o [&hellip;]<\/p>\n","protected":false},"author":2,"featured_media":0,"comment_status":"open","ping_status":"open","sticky":false,"template":"","format":"standard","meta":{"_links_to":"","_links_to_target":""},"categories":[23],"tags":[],"_links":{"self":[{"href":"https:\/\/www.r2cpress.com.br\/v1\/wp-json\/wp\/v2\/posts\/62740"}],"collection":[{"href":"https:\/\/www.r2cpress.com.br\/v1\/wp-json\/wp\/v2\/posts"}],"about":[{"href":"https:\/\/www.r2cpress.com.br\/v1\/wp-json\/wp\/v2\/types\/post"}],"author":[{"embeddable":true,"href":"https:\/\/www.r2cpress.com.br\/v1\/wp-json\/wp\/v2\/users\/2"}],"replies":[{"embeddable":true,"href":"https:\/\/www.r2cpress.com.br\/v1\/wp-json\/wp\/v2\/comments?post=62740"}],"version-history":[{"count":3,"href":"https:\/\/www.r2cpress.com.br\/v1\/wp-json\/wp\/v2\/posts\/62740\/revisions"}],"predecessor-version":[{"id":62744,"href":"https:\/\/www.r2cpress.com.br\/v1\/wp-json\/wp\/v2\/posts\/62740\/revisions\/62744"}],"wp:attachment":[{"href":"https:\/\/www.r2cpress.com.br\/v1\/wp-json\/wp\/v2\/media?parent=62740"}],"wp:term":[{"taxonomy":"category","embeddable":true,"href":"https:\/\/www.r2cpress.com.br\/v1\/wp-json\/wp\/v2\/categories?post=62740"},{"taxonomy":"post_tag","embeddable":true,"href":"https:\/\/www.r2cpress.com.br\/v1\/wp-json\/wp\/v2\/tags?post=62740"}],"curies":[{"name":"wp","href":"https:\/\/api.w.org\/{rel}","templated":true}]}}