{"id":62811,"date":"2013-04-11T07:38:19","date_gmt":"2013-04-11T10:38:19","guid":{"rendered":"http:\/\/www.r2cpress.com.br\/v1\/?p=62811"},"modified":"2013-04-11T07:38:19","modified_gmt":"2013-04-11T10:38:19","slug":"vice-governador-confirma-a-deputada-que-resultado-da-licitacao-da-ponte-sai-no-dia-23","status":"publish","type":"post","link":"https:\/\/www.r2cpress.com.br\/v1\/2013\/04\/11\/vice-governador-confirma-a-deputada-que-resultado-da-licitacao-da-ponte-sai-no-dia-23\/","title":{"rendered":"Vice-governador confirma \u00e0 deputada que resultado da licita\u00e7\u00e3o da ponte sai no  dia 23"},"content":{"rendered":"<p>Em audi\u00eancia com o vice-governador e secret\u00e1rio de Infraestrutura do Estado da Bahia, Otto Alencar, na tarde desta quarta-feira (10), a deputada estadual \u00c2ngela Sousa (PSD) recebeu a confirma\u00e7\u00e3o de que o processo de licita\u00e7\u00e3o para a constru\u00e7\u00e3o da nova ponte de Ilh\u00e9us ligando o centro aos bairros da zona sul est\u00e1 em fase bastante adiantada e as obras ser\u00e3o iniciadas nos pr\u00f3ximos dias. De acordo com o vice-governador, o edital de licita\u00e7\u00e3o da obra j\u00e1 foi lan\u00e7ado e no pr\u00f3ximo dia 23 de abril sair\u00e1 o resultado da empresa que ganhou o certame.  A obra ter\u00e1 um custo aproximado entre 120 a 150 milh\u00f5es de reais e inclui, al\u00e9m da ponte, o sistema vi\u00e1rio de acessos, indeniza\u00e7\u00f5es, estudos ambientais e projeto.<br \/>\n<div id=\"attachment_62812\" style=\"width: 510px\" class=\"wp-caption aligncenter\"><a href=\"http:\/\/www.r2cpress.com.br\/v1\/wp-content\/uploads\/Seinfra-Ponte-Ilh\u00e9us.jpg\"><img aria-describedby=\"caption-attachment-62812\" loading=\"lazy\" src=\"http:\/\/www.r2cpress.com.br\/v1\/wp-content\/uploads\/Seinfra-Ponte-Ilh\u00e9us.jpg\" alt=\"Sec_Infra - Ponte Ilh\u00e9us\" width=\"500\" height=\"375\" class=\"size-full wp-image-62812\" srcset=\"https:\/\/www.r2cpress.com.br\/v1\/wp-content\/uploads\/Seinfra-Ponte-Ilh\u00e9us.jpg 500w, https:\/\/www.r2cpress.com.br\/v1\/wp-content\/uploads\/Seinfra-Ponte-Ilh\u00e9us-300x225.jpg 300w\" sizes=\"(max-width: 500px) 100vw, 500px\" \/><\/a><p id=\"caption-attachment-62812\" class=\"wp-caption-text\">Sec_Infra &#8211; Ponte Ilh\u00e9us<\/p><\/div><br \/>\nAinda de acordo com Otto Alencar, a previs\u00e3o \u00e9 de que no dia 24 de abril o governador Jaques Wagner estar\u00e1 em Ilh\u00e9us para anunciar o resultado da licita\u00e7\u00e3o e  lan\u00e7ar a pedra fundamentar para o in\u00edcio das obras. No dia 29 de novembro do ano passado Jaques Wagner esteve em Ilh\u00e9us, onde garantiu que as obras da nova ponte seriam iniciadas ainda no primeiro semestre de 2013 e a previs\u00e3o da conclus\u00e3o est\u00e1 prevista para o segundo semestre de 2014. A deputada \u00c2ngela Sousa comemorou a not\u00edcia do in\u00edcio das obras, pois considera a nova ponte como um equipamento vital para o desenvolvimento do munic\u00edpio e para a interliga\u00e7\u00e3o do Sul e Extremo Sul da Bahia via litoral, j\u00e1 que a ponte atual encontra-se defasada. \u201cA nova ponte de Ilh\u00e9us \u00e9 um desejo antigo dos ilheenses que h\u00e1 anos sonhavam com esse momento\u201d, destacou a deputada.<\/p>\n<p><!--more--><\/p>\n<p>Desde que assumiu seu primeiro mandato na Assembleia Legislativa da Bahia, \u00c2ngela Sousa tem cobrado do Governo do Estado a constru\u00e7\u00e3o da nova ponte de Ilh\u00e9us. Em 2008 apresentou a indica\u00e7\u00e3o informando sobre a necessidade de uma nova ponte ligando o centro de Ilh\u00e9us \u00e0 zona sul e aos munic\u00edpios de Una, Canavieiras e Belmonte. Na indica\u00e7\u00e3o a deputada argumentou que a ponte Lomanto J\u00fanior, inaugurada na d\u00e9cada de 1960, tornou-se insuficiente para atender um tr\u00e1fego de ve\u00edculos cada vez mais volumoso. Desde ent\u00e3o passou a cobrar constantemente a realiza\u00e7\u00e3o da obra. O Estado reconheceu a necessidade da nova ponte e o governador Jaques Wagner iniciou o processo para tornar o sonho dos ilheenses em realidade. \u201cAcreditamos firmemente que uma nova ponte ter\u00e1 impacto indiscut\u00edvel para beneficiar toda a regi\u00e3o sul da Bahia&#8221;, destacou a parlamentar.<\/p>\n<p>A nova ponte ter\u00e1 497 metros de extens\u00e3o, conectada a um sistema vi\u00e1rio de acesso entre o Aeroporto e a Avenida Dois de Julho. A primeira ponte estaiada da Bahia vai melhorar o tr\u00e2nsito de Ilh\u00e9us, facilitando o acesso \u00e0 orla, desafogando o centro e embelezando a regi\u00e3o. \u201cA obra ficar\u00e1 pronta entre setembro e outubro de 2014\u201d, garantiu Jaques Wagner, anunciando que at\u00e9 o final do seu mandato estar\u00e1 cruzando o centro da cidade ao Pontal j\u00e1 na nova ponte.<\/p>\n<p>&#8212;<br \/>\nAI\/DEP<\/p>\n","protected":false},"excerpt":{"rendered":"<p>Em audi\u00eancia com o vice-governador e secret\u00e1rio de Infraestrutura do Estado da Bahia, Otto Alencar, na tarde desta quarta-feira (10), a deputada estadual \u00c2ngela Sousa (PSD) recebeu a confirma\u00e7\u00e3o de que o processo de licita\u00e7\u00e3o para a constru\u00e7\u00e3o da nova ponte de Ilh\u00e9us ligando o centro aos bairros da zona sul est\u00e1 em fase bastante [&hellip;]<\/p>\n","protected":false},"author":2,"featured_media":0,"comment_status":"open","ping_status":"open","sticky":false,"template":"","format":"standard","meta":{"_links_to":"","_links_to_target":""},"categories":[22],"tags":[],"_links":{"self":[{"href":"https:\/\/www.r2cpress.com.br\/v1\/wp-json\/wp\/v2\/posts\/62811"}],"collection":[{"href":"https:\/\/www.r2cpress.com.br\/v1\/wp-json\/wp\/v2\/posts"}],"about":[{"href":"https:\/\/www.r2cpress.com.br\/v1\/wp-json\/wp\/v2\/types\/post"}],"author":[{"embeddable":true,"href":"https:\/\/www.r2cpress.com.br\/v1\/wp-json\/wp\/v2\/users\/2"}],"replies":[{"embeddable":true,"href":"https:\/\/www.r2cpress.com.br\/v1\/wp-json\/wp\/v2\/comments?post=62811"}],"version-history":[{"count":2,"href":"https:\/\/www.r2cpress.com.br\/v1\/wp-json\/wp\/v2\/posts\/62811\/revisions"}],"predecessor-version":[{"id":62814,"href":"https:\/\/www.r2cpress.com.br\/v1\/wp-json\/wp\/v2\/posts\/62811\/revisions\/62814"}],"wp:attachment":[{"href":"https:\/\/www.r2cpress.com.br\/v1\/wp-json\/wp\/v2\/media?parent=62811"}],"wp:term":[{"taxonomy":"category","embeddable":true,"href":"https:\/\/www.r2cpress.com.br\/v1\/wp-json\/wp\/v2\/categories?post=62811"},{"taxonomy":"post_tag","embeddable":true,"href":"https:\/\/www.r2cpress.com.br\/v1\/wp-json\/wp\/v2\/tags?post=62811"}],"curies":[{"name":"wp","href":"https:\/\/api.w.org\/{rel}","templated":true}]}}