{"id":62827,"date":"2013-04-11T09:35:48","date_gmt":"2013-04-11T12:35:48","guid":{"rendered":"http:\/\/www.r2cpress.com.br\/v1\/?p=62827"},"modified":"2013-04-11T09:35:48","modified_gmt":"2013-04-11T12:35:48","slug":"editus-lanca-mejiga-e-o-contexto-da-escravidao","status":"publish","type":"post","link":"https:\/\/www.r2cpress.com.br\/v1\/2013\/04\/11\/editus-lanca-mejiga-e-o-contexto-da-escravidao\/","title":{"rendered":"Editus lan\u00e7a &#8220;Mejig\u00e3 e o contexto da escravid\u00e3o&#8221;"},"content":{"rendered":"<p><strong>Llivro relata a trajet\u00f3ria de quase dois s\u00e9culos de hist\u00f3ria<\/strong><\/p>\n<p>O livro &#8220;Mejig\u00e3 e o contexto da escravid\u00e3o&#8221; organizado pelo professor  Ruy do Carmo P\u00f3voas, publicado pela Editus &#8211; Editora da Universidade Estadual de Santa Cruz, ser\u00e1 lan\u00e7ado no dia 17 de abril, \u00e0s 9h30min, no audit\u00f3rio do 5\u00ba andar do edif\u00edcio Jos\u00e9 Haroldo Castro Vieira(Torre Administrativa), numa promo\u00e7\u00e3o da Editus e do Nucleo de Estudos Afro-Baianos Regionais &#8211; K\u00e0w\u00e9.<\/p>\n<p>Com 490 p\u00e1ginas, o livro re\u00fane textos de Andr\u00e9 Luiz Rosa Ribeiro, Ar\u00e9lo Barbosa, Fl\u00e1vio Gon\u00e7alves dos Santos, Ivaneide Almeida da Silva, K\u00e1tia Vinh\u00e1tico Fontes, Maria Consuelo Oliveira Santos, Marialda Jovita Silveira, Mary Ann Mahony e Terezinha Marcis. Projeto gr\u00e1fico e capa de Alencar J\u00fanior e revis\u00e3o de por Maria Luisa Nora e Genebaldo Ribeiro.<\/p>\n<p>&#8220;Mejig\u00e3 e o contexto da escravid\u00e3o tem o objetivo de revelar uma trajet\u00f3ria de quase dois s\u00e9culos e trazer \u00e0 luz parte da hist\u00f3ria de nosso povo, de nossa gente, e de nossa terra, at\u00e9 hoje repassada apenas pelas vias da oralidade. Trata-se, portanto,  de um resgate da hist\u00f3ria. e, sobretudo, de contar a  hist\u00f3ria do ponto de vista do exclu\u00eddo. Com isso estaremos promovendo a divulga\u00e7\u00e3o do saber e do conhecimento de uma comunidade afrodescendente, contribuindo para a integra\u00e7\u00e3o de saberes e quebra de preconceitos.&#8221; assinala o professor Ruy.<\/p>\n<p><!--more--><\/p>\n<p>A professora Maria Luiza Nora (Baisa) frisa: &#8220;\u00c0s vezes, hist\u00f3ria, est\u00f3ria e fic\u00e7\u00e3o se confundem, at\u00e9 porque os limites de cada um s\u00e3o sutis. E ao tratar do africano, afrodescendente, do povo de terreiro, do candombl\u00e9, este transito \u00e9 mais prop\u00edcio, mais facilitado, pois n\u00e3o lhe foram dadas voz, visibilidade, vez; logo, o que lhe foi negado foi sua condi\u00e7\u00e3o de humanidade.<\/p>\n<p>&#8211; &#8220;O livro Mejig\u00e3 e o contexto da escravid\u00e3o serve para fortalecer um sentimento de perten\u00e7a. N\u00f3s sairemos da sua leitura mais maduros, mais ricos e, talvez, mais angustiados. Mas, paradoxalmente, mais felizes, por saber ter encontrado maturidade intelectual e eleg\u00e2ncia na escrita, nos autores e por ter tomado contato  com hist\u00f3rias que s\u00e3o nossas, s\u00e3o dos brasileiros, e que desconhecemos ou fingimos desconhecer&#8221;. afirma a professora.<\/p>\n<p>Mejig\u00e2 foi trazida da cidade de Ilex\u00e1, na \u00c1frica, onde era sacerdotisa de Oxum, para ser escrava no Brasil, e se deparou  em Ilh\u00e9us, no Engenho de Santana, onde recebeu o nome crist\u00e3o de In\u00eas. Quando ela se libertou, reassumiu o seu nome tribal, Mejig\u00e2, e se dedicou \u00e0 sua religi\u00e3o e a socorrer doentes com o seu conhecimento da flora medicinal.<\/p>\n<p>&#8220;Mejig\u00e2 continua falando, atrav\u00e9s das narrativas dos seus descendentes. Pelos seus predicados, resist\u00eancia e largueza de objetivo, ela conseguiu que os seus descendentes  conservassem o saber que ela transmitiu. E foi al\u00e9m: sua fam\u00edlia aprendeu com ela, a velha sacerdotisa, tamb\u00e9m a perpetuar uma compreens\u00e3o e uma interpreta\u00e7\u00e3o do universo e da vida para al\u00e9m do paradigma oriundo da Ib\u00e9ria&#8221;, destaca o professor Ruy P\u00f3voas. <\/p>\n","protected":false},"excerpt":{"rendered":"<p>Llivro relata a trajet\u00f3ria de quase dois s\u00e9culos de hist\u00f3ria O livro &#8220;Mejig\u00e3 e o contexto da escravid\u00e3o&#8221; organizado pelo professor Ruy do Carmo P\u00f3voas, publicado pela Editus &#8211; Editora da Universidade Estadual de Santa Cruz, ser\u00e1 lan\u00e7ado no dia 17 de abril, \u00e0s 9h30min, no audit\u00f3rio do 5\u00ba andar do edif\u00edcio Jos\u00e9 Haroldo Castro [&hellip;]<\/p>\n","protected":false},"author":2,"featured_media":0,"comment_status":"open","ping_status":"open","sticky":false,"template":"","format":"standard","meta":{"_links_to":"","_links_to_target":""},"categories":[5],"tags":[],"_links":{"self":[{"href":"https:\/\/www.r2cpress.com.br\/v1\/wp-json\/wp\/v2\/posts\/62827"}],"collection":[{"href":"https:\/\/www.r2cpress.com.br\/v1\/wp-json\/wp\/v2\/posts"}],"about":[{"href":"https:\/\/www.r2cpress.com.br\/v1\/wp-json\/wp\/v2\/types\/post"}],"author":[{"embeddable":true,"href":"https:\/\/www.r2cpress.com.br\/v1\/wp-json\/wp\/v2\/users\/2"}],"replies":[{"embeddable":true,"href":"https:\/\/www.r2cpress.com.br\/v1\/wp-json\/wp\/v2\/comments?post=62827"}],"version-history":[{"count":2,"href":"https:\/\/www.r2cpress.com.br\/v1\/wp-json\/wp\/v2\/posts\/62827\/revisions"}],"predecessor-version":[{"id":62829,"href":"https:\/\/www.r2cpress.com.br\/v1\/wp-json\/wp\/v2\/posts\/62827\/revisions\/62829"}],"wp:attachment":[{"href":"https:\/\/www.r2cpress.com.br\/v1\/wp-json\/wp\/v2\/media?parent=62827"}],"wp:term":[{"taxonomy":"category","embeddable":true,"href":"https:\/\/www.r2cpress.com.br\/v1\/wp-json\/wp\/v2\/categories?post=62827"},{"taxonomy":"post_tag","embeddable":true,"href":"https:\/\/www.r2cpress.com.br\/v1\/wp-json\/wp\/v2\/tags?post=62827"}],"curies":[{"name":"wp","href":"https:\/\/api.w.org\/{rel}","templated":true}]}}