{"id":62839,"date":"2013-04-11T12:12:49","date_gmt":"2013-04-11T15:12:49","guid":{"rendered":"http:\/\/www.r2cpress.com.br\/v1\/?p=62839"},"modified":"2013-04-11T12:12:49","modified_gmt":"2013-04-11T15:12:49","slug":"atividades-especiais-beneficiam-grupo-de-bem-com-a-vida","status":"publish","type":"post","link":"https:\/\/www.r2cpress.com.br\/v1\/2013\/04\/11\/atividades-especiais-beneficiam-grupo-de-bem-com-a-vida\/","title":{"rendered":"Atividades especiais beneficiam grupo De Bem com a Vida"},"content":{"rendered":"<p>O Centro de Aten\u00e7\u00e3o ao Diab\u00e9tico, Hipertenso e Idoso de Ilh\u00e9us (CADHII) oferece atividades f\u00edsicas regulares, todas as ter\u00e7as e quintas-feiras, das 7 \u00e0s 9 horas, no Gin\u00e1sio de Esportes Herval Soledade. A iniciativa \u00e9 desenvolvida pelo grupo De Bem com a Vida, composto por 200 pessoas, que h\u00e1 13 anos realiza a\u00e7\u00f5es para a melhoria da qualidade de vida da melhor idade.<\/p>\n<div id=\"attachment_62840\" style=\"width: 510px\" class=\"wp-caption aligncenter\"><a href=\"http:\/\/www.r2cpress.com.br\/v1\/wp-content\/uploads\/Projeto-De-bem-com-a-vida-atividades-para-3\u00aa-idade-Gin\u00e1sio-de-Esporte-Foto-Alfredo-Filho-Secom-9.jpg\"><img aria-describedby=\"caption-attachment-62840\" loading=\"lazy\" class=\"size-full wp-image-62840 \" alt=\"Projeto De bem com a vida - atividades para 3\u00aa idade - Gin\u00e1sio de Esporte - Foto Alfredo Filho - Secom (9)\" src=\"http:\/\/www.r2cpress.com.br\/v1\/wp-content\/uploads\/Projeto-De-bem-com-a-vida-atividades-para-3\u00aa-idade-Gin\u00e1sio-de-Esporte-Foto-Alfredo-Filho-Secom-9.jpg\" width=\"500\" height=\"333\" srcset=\"https:\/\/www.r2cpress.com.br\/v1\/wp-content\/uploads\/Projeto-De-bem-com-a-vida-atividades-para-3\u00aa-idade-Gin\u00e1sio-de-Esporte-Foto-Alfredo-Filho-Secom-9.jpg 500w, https:\/\/www.r2cpress.com.br\/v1\/wp-content\/uploads\/Projeto-De-bem-com-a-vida-atividades-para-3\u00aa-idade-Gin\u00e1sio-de-Esporte-Foto-Alfredo-Filho-Secom-9-300x199.jpg 300w\" sizes=\"(max-width: 500px) 100vw, 500px\" \/><\/a><p id=\"caption-attachment-62840\" class=\"wp-caption-text\">Projeto De bem com a vida &#8211; atividades para 3\u00aa idade &#8211; Gin\u00e1sio de Esporte &#8211; Foto Alfredo Filho &#8211; Secom.<\/p><\/div>\n<p>A educadora f\u00edsica, Ednagila Pinheiro, ressalta a import\u00e2ncia do exerc\u00edcio f\u00edsico na terceira idade. \u201cUma das primeiras coisas que a gente defende \u00e9 tirar o idoso do sedentarismo, por isso a melhoria da qualidade de vida deles \u00e9 um dos objetivos do grupo\u201d. As atividades incluem alongamento, relaxamento e exerc\u00edcios l\u00fadicos, como jogos e brincadeiras.<\/p>\n<p><!--more--><\/p>\n<p>Al\u00e9m do acompanhamento de uma educadora f\u00edsica, os idosos contam com profissionais da sa\u00fade que realizam o monitoramento e prestam toda assist\u00eancia necess\u00e1ria a eles. O CADHII oferece tamb\u00e9m uma equipe multidisciplinar composta por nutricionista, endocrinologista, geriatra, psic\u00f3logos, assistentes sociais, enfermeiras e estagi\u00e1rias.<\/p>\n<p>De acordo com a psic\u00f3loga, Aparecida Darci Santos, os idosos disp\u00f5em de todo suporte necess\u00e1rio como exerc\u00edcios que estimulam a mem\u00f3ria e o acompanhamento das atividades. \u201cMuitas vezes eles chegam ao local com depress\u00e3o ou problemas familiares, assim necessitam de medica\u00e7\u00e3o, exerc\u00edcios f\u00edsicos e terapia\u201d.<\/p>\n<p>Assist\u00eancia m\u00e9dica, atualiza\u00e7\u00e3o de documentos, apoio a conflitos nas rela\u00e7\u00f5es familiares e busca de benef\u00edcios, como aposentadoria, s\u00e3o executadas pelos profissionais de assist\u00eancia social. \u201cOs problemas acabam influenciando na quest\u00e3o da sa\u00fade. N\u00f3s entendemos sa\u00fade n\u00e3o s\u00f3 como o bem estar f\u00edsico, mas mental tamb\u00e9m.\u201d, relata a assistente social, Andr\u00e9ia Moutinho.<\/p>\n<p>A aposentada, Marinalva Lindote, 81 anos, frequenta o grupo h\u00e1 dois anos e diz que est\u00e1 satisfeita com os resultados obtidos atrav\u00e9s da pr\u00e1tica dos exerc\u00edcios. As irm\u00e3s Gl\u00f3ria Oliveira, 72 anos, Maria da Luz Oliveira, 78 anos e Tereza Pereira, 69 anos, j\u00e1 s\u00e3o veteranas no grupo. Para Gl\u00f3ria, os exerc\u00edcios f\u00edsicos e os passeios ajudam a aliviar o estresse do dia a dia.<\/p>\n<p>Entre os benef\u00edcios da atividade f\u00edsica, destacam-se a redu\u00e7\u00e3o da press\u00e3o arterial, a melhoria dos n\u00edveis de colesterol e de glicose no sangue. Os exerc\u00edcios contribuem para a preserva\u00e7\u00e3o da fun\u00e7\u00e3o cognitiva, redu\u00e7\u00e3o do risco de depress\u00e3o e de dem\u00eancia, al\u00e9m de atenuar o estresse e melhorar a qualidade do sono e a autoestima.<\/p>\n<p>Programa\u00e7\u00e3o \u2013 Passeios e caminhadas tamb\u00e9m integram a programa\u00e7\u00e3o das atividades do grupo De Bem com a Vida, como o S\u00e3o Jo\u00e3o da melhor idade que est\u00e1 sendo organizado. No dia 18 de abril, o grupo ir\u00e1 fazer uma pescaria no Rio de Engenho, como forma de descontra\u00e7\u00e3o e relaxamento dos idosos. No final de setembro, o CADHII realizar\u00e1 uma semana especial, em comemora\u00e7\u00e3o ao Dia Nacional do Idoso, celebrado em 1\u00b0 de outubro, com palestras, semin\u00e1rios, jogos, brincadeiras e pe\u00e7a teatral.<\/p>\n<p>&#8212;<br \/>\nSecretaria de Comunica\u00e7\u00e3o Social (Secom)<br \/>\nIlh\u00e9us \u2013 11.04.2013<\/p>\n","protected":false},"excerpt":{"rendered":"<p>O Centro de Aten\u00e7\u00e3o ao Diab\u00e9tico, Hipertenso e Idoso de Ilh\u00e9us (CADHII) oferece atividades f\u00edsicas regulares, todas as ter\u00e7as e quintas-feiras, das 7 \u00e0s 9 horas, no Gin\u00e1sio de Esportes Herval Soledade. A iniciativa \u00e9 desenvolvida pelo grupo De Bem com a Vida, composto por 200 pessoas, que h\u00e1 13 anos realiza a\u00e7\u00f5es para a [&hellip;]<\/p>\n","protected":false},"author":2,"featured_media":0,"comment_status":"open","ping_status":"open","sticky":false,"template":"","format":"standard","meta":{"_links_to":"","_links_to_target":""},"categories":[23],"tags":[],"_links":{"self":[{"href":"https:\/\/www.r2cpress.com.br\/v1\/wp-json\/wp\/v2\/posts\/62839"}],"collection":[{"href":"https:\/\/www.r2cpress.com.br\/v1\/wp-json\/wp\/v2\/posts"}],"about":[{"href":"https:\/\/www.r2cpress.com.br\/v1\/wp-json\/wp\/v2\/types\/post"}],"author":[{"embeddable":true,"href":"https:\/\/www.r2cpress.com.br\/v1\/wp-json\/wp\/v2\/users\/2"}],"replies":[{"embeddable":true,"href":"https:\/\/www.r2cpress.com.br\/v1\/wp-json\/wp\/v2\/comments?post=62839"}],"version-history":[{"count":2,"href":"https:\/\/www.r2cpress.com.br\/v1\/wp-json\/wp\/v2\/posts\/62839\/revisions"}],"predecessor-version":[{"id":62842,"href":"https:\/\/www.r2cpress.com.br\/v1\/wp-json\/wp\/v2\/posts\/62839\/revisions\/62842"}],"wp:attachment":[{"href":"https:\/\/www.r2cpress.com.br\/v1\/wp-json\/wp\/v2\/media?parent=62839"}],"wp:term":[{"taxonomy":"category","embeddable":true,"href":"https:\/\/www.r2cpress.com.br\/v1\/wp-json\/wp\/v2\/categories?post=62839"},{"taxonomy":"post_tag","embeddable":true,"href":"https:\/\/www.r2cpress.com.br\/v1\/wp-json\/wp\/v2\/tags?post=62839"}],"curies":[{"name":"wp","href":"https:\/\/api.w.org\/{rel}","templated":true}]}}