{"id":62845,"date":"2013-04-11T12:46:49","date_gmt":"2013-04-11T15:46:49","guid":{"rendered":"http:\/\/www.r2cpress.com.br\/v1\/?p=62845"},"modified":"2013-04-11T12:46:49","modified_gmt":"2013-04-11T15:46:49","slug":"projeto-abril-para-danca-transferido-para-o-dia-18","status":"publish","type":"post","link":"https:\/\/www.r2cpress.com.br\/v1\/2013\/04\/11\/projeto-abril-para-danca-transferido-para-o-dia-18\/","title":{"rendered":"Projeto Abril Para Dan\u00e7a transferido para o dia 18"},"content":{"rendered":"<p>A Secretaria Municipal de Cultura transferiu para o pr\u00f3ximo dia 18 a abertura do Projeto Abril Para Dan\u00e7a, programada para sexta-feira, 12, \u00e0s 18 horas, na Pra\u00e7a Pedro Mattos, em frente ao Teatro Municipal de Ilh\u00e9us (TMI). O secret\u00e1rio Paulo Atto informa que a transfer\u00eancia foi motivada pelas condi\u00e7\u00f5es clim\u00e1ticas, previstas para aquela data pelos institutos de meteorologia, que indicam a ocorr\u00eancia de chuva nos per\u00edodos da tarde e da noite. O secret\u00e1rio lembra ainda que o projeto, que homenageia o Dia Internacional da Dan\u00e7a, ser\u00e1 realizado em mais tr\u00eas datas: 19, 25 e 26 de abril.<\/p>\n<p>A programa\u00e7\u00e3o inclui apresenta\u00e7\u00f5es de espet\u00e1culos, realizadas em parceria com artistas e grupos do munic\u00edpio. Entre as principais atra\u00e7\u00f5es programadas para o lan\u00e7amento do projeto, destacam-se a Academia N\u00facleo de Dan\u00e7a, que contar\u00e1 com performances do Bal\u00e9 da Terceira Idade, sob dire\u00e7\u00e3o e coreografia da professora Isabella Kruschewsky, coreografias de jazz conduzidas por Luciana Kruschewsky e Dan\u00e7a de Sal\u00e3o, orientada por Bianca Lavigne e voltada para a terceira idade.<\/p>\n<p>Segundo Paulo Atto, a partir da edi\u00e7\u00e3o do dia 19, o Projeto Abril para Dan\u00e7a tamb\u00e9m ser\u00e1 palco para o trabalho art\u00edstico de atra\u00e7\u00f5es como o Bloco Afro Dilazenze, Grupo Chiranjinho Crew, Ballet Conex\u00e3o, Quadrilha Junina Forr\u00f3 do Dinossauro, Dulce Drummond \u2013 Academia Din\u00e2mica e Movimento, Quadrilha Junina Cia do Forr\u00f3, Styllo Nois, Space Dance e A-rrisca Cia de Dan\u00e7a. \u201cAl\u00e9m de homenagear o Dia Internacional da Dan\u00e7a, celebrado em todo o mundo no pr\u00f3ximo dia 29, o projeto tamb\u00e9m ser\u00e1 importante para envolvermos um grande n\u00famero de grupos art\u00edsticos, fortalecendo as diversas linguagens da dan\u00e7a\u201d, diz Paulo Atto.<\/p>\n<p>&#8212;<br \/>\nSecretaria de Comunica\u00e7\u00e3o Social (Secom)<br \/>\nIlh\u00e9us \u2013 11.04.2013<\/p>\n","protected":false},"excerpt":{"rendered":"<p>A Secretaria Municipal de Cultura transferiu para o pr\u00f3ximo dia 18 a abertura do Projeto Abril Para Dan\u00e7a, programada para sexta-feira, 12, \u00e0s 18 horas, na Pra\u00e7a Pedro Mattos, em frente ao Teatro Municipal de Ilh\u00e9us (TMI). O secret\u00e1rio Paulo Atto informa que a transfer\u00eancia foi motivada pelas condi\u00e7\u00f5es clim\u00e1ticas, previstas para aquela data pelos [&hellip;]<\/p>\n","protected":false},"author":2,"featured_media":0,"comment_status":"open","ping_status":"open","sticky":false,"template":"","format":"standard","meta":{"_links_to":"","_links_to_target":""},"categories":[23],"tags":[],"_links":{"self":[{"href":"https:\/\/www.r2cpress.com.br\/v1\/wp-json\/wp\/v2\/posts\/62845"}],"collection":[{"href":"https:\/\/www.r2cpress.com.br\/v1\/wp-json\/wp\/v2\/posts"}],"about":[{"href":"https:\/\/www.r2cpress.com.br\/v1\/wp-json\/wp\/v2\/types\/post"}],"author":[{"embeddable":true,"href":"https:\/\/www.r2cpress.com.br\/v1\/wp-json\/wp\/v2\/users\/2"}],"replies":[{"embeddable":true,"href":"https:\/\/www.r2cpress.com.br\/v1\/wp-json\/wp\/v2\/comments?post=62845"}],"version-history":[{"count":2,"href":"https:\/\/www.r2cpress.com.br\/v1\/wp-json\/wp\/v2\/posts\/62845\/revisions"}],"predecessor-version":[{"id":62847,"href":"https:\/\/www.r2cpress.com.br\/v1\/wp-json\/wp\/v2\/posts\/62845\/revisions\/62847"}],"wp:attachment":[{"href":"https:\/\/www.r2cpress.com.br\/v1\/wp-json\/wp\/v2\/media?parent=62845"}],"wp:term":[{"taxonomy":"category","embeddable":true,"href":"https:\/\/www.r2cpress.com.br\/v1\/wp-json\/wp\/v2\/categories?post=62845"},{"taxonomy":"post_tag","embeddable":true,"href":"https:\/\/www.r2cpress.com.br\/v1\/wp-json\/wp\/v2\/tags?post=62845"}],"curies":[{"name":"wp","href":"https:\/\/api.w.org\/{rel}","templated":true}]}}