{"id":62848,"date":"2013-04-11T14:22:54","date_gmt":"2013-04-11T17:22:54","guid":{"rendered":"http:\/\/www.r2cpress.com.br\/v1\/?p=62848"},"modified":"2013-04-11T14:25:42","modified_gmt":"2013-04-11T17:25:42","slug":"secretario-debateu-na-camara-as-modificacoes-para-o-transito","status":"publish","type":"post","link":"https:\/\/www.r2cpress.com.br\/v1\/2013\/04\/11\/secretario-debateu-na-camara-as-modificacoes-para-o-transito\/","title":{"rendered":"Secret\u00e1rio debateu na C\u00e2mara as modifica\u00e7\u00f5es para o tr\u00e2nsito"},"content":{"rendered":"<p>O secret\u00e1rio de Desenvolvimento Urbano de Ilh\u00e9us, Isaac Albagli, acompanhado pelo Superintendente de Transporte e Tr\u00e2nsito, Eliezer Ribeiro, participou de sess\u00e3o especial na C\u00e2mara de Vereadores, na quarta-feira, 10, convocada para debater a organiza\u00e7\u00e3o do tr\u00e2nsito e a mobilidade urbana, em virtude da aprova\u00e7\u00e3o do requerimento 017\/2013. Tamb\u00e9m participaram representantes das associa\u00e7\u00f5es de moradores dos bairros Hernani S\u00e1 e Sapetinga, o chefe de Opera\u00e7\u00f5es no Tr\u00e2nsito, Val\u00e9rio Bomfim, agentes de tr\u00e2nsito e outros servidores municipais da Sutran, al\u00e9m da comunidade em geral.<br \/>\n<div id=\"attachment_62849\" style=\"width: 560px\" class=\"wp-caption aligncenter\"><a href=\"http:\/\/www.r2cpress.com.br\/v1\/wp-content\/uploads\/Sess\u00e3o-especial-na-c\u00e2mara-de-vereadores-sobre-altera\u00e7\u00f5es-no-tr\u00e2nsito-Foto-Alfredo-Filho-Secom-3.jpg\"><img aria-describedby=\"caption-attachment-62849\" loading=\"lazy\" src=\"http:\/\/www.r2cpress.com.br\/v1\/wp-content\/uploads\/Sess\u00e3o-especial-na-c\u00e2mara-de-vereadores-sobre-altera\u00e7\u00f5es-no-tr\u00e2nsito-Foto-Alfredo-Filho-Secom-3.jpg\" alt=\"Sess\u00e3o especial na c\u00e2mara de vereadores sobre altera\u00e7\u00f5es no tr\u00e2nsito - Foto Alfredo Filho - Secom.\" width=\"550\" height=\"325\" class=\"size-full wp-image-62849\" srcset=\"https:\/\/www.r2cpress.com.br\/v1\/wp-content\/uploads\/Sess\u00e3o-especial-na-c\u00e2mara-de-vereadores-sobre-altera\u00e7\u00f5es-no-tr\u00e2nsito-Foto-Alfredo-Filho-Secom-3.jpg 550w, https:\/\/www.r2cpress.com.br\/v1\/wp-content\/uploads\/Sess\u00e3o-especial-na-c\u00e2mara-de-vereadores-sobre-altera\u00e7\u00f5es-no-tr\u00e2nsito-Foto-Alfredo-Filho-Secom-3-300x177.jpg 300w\" sizes=\"(max-width: 550px) 100vw, 550px\" \/><\/a><p id=\"caption-attachment-62849\" class=\"wp-caption-text\">Sess\u00e3o especial na c\u00e2mara de vereadores sobre altera\u00e7\u00f5es no tr\u00e2nsito &#8211; Foto Alfredo Filho &#8211; Secom.<\/p><\/div><br \/>\nO ponto alto das discuss\u00f5es foi a interven\u00e7\u00e3o realizada no tr\u00e2nsito nas principais ruas e avenidas do Pontal, sobretudo as mudan\u00e7as ocorridas na Avenida Lomanto J\u00fanior, no sentido Zona Sul-Centro, onde foi criado um corredor exclusivo para \u00f4nibus, vans escolares, t\u00e1xis e motos. O secret\u00e1rio Isaac Albagli afirmou que a medida foi salutar, pois beneficia a maioria das pessoas e incentiva o uso do transporte p\u00fablico, como comprovado por dados do Sistema Inteligente de Transporte (SIT), que demonstram o aumento de 22 mil para 25 mil passageiros por dia, na Zona Sul. Ele ponderou que no in\u00edcio a altera\u00e7\u00e3o n\u00e3o foi bem aceita, mas ap\u00f3s o per\u00edodo de adapta\u00e7\u00e3o, os motoristas perceberam a melhoria no fluxo do tr\u00e1fego, e que o resultado da pesquisa de opini\u00e3o p\u00fablica realizada pela empresa MHF Consultoria, em agosto, legitimou essa opini\u00e3o.  <\/p>\n<p><!--more--><\/p>\n<p>Em rela\u00e7\u00e3o ao aumento do tr\u00e1fego de ve\u00edculos na Sapetinga e o problema da grande fila de carros no cruzamento com a Avenida Lomanto J\u00fanior, que d\u00e1 acesso ao Centro, apontados pela presidente da associa\u00e7\u00e3o de moradores do bairro, professora Creuza, o secret\u00e1rio afirmou que foram realizadas medi\u00e7\u00f5es (contagem) de entrada e sa\u00edda de autom\u00f3veis, em dois pontos do bairro, e confirmou que 80% dos ve\u00edculos que utilizam aquele trecho pertencem a moradores de outras localidades.<\/p>\n<p><div id=\"attachment_62852\" style=\"width: 310px\" class=\"wp-caption alignright\"><a href=\"http:\/\/www.r2cpress.com.br\/v1\/wp-content\/uploads\/Sess\u00e3o-especial-na-c\u00e2mara-de-vereadores-sobre-altera\u00e7\u00f5es-no-tr\u00e2nsito-Foto-Alfredo-Filho-Secom-26.jpg\"><img aria-describedby=\"caption-attachment-62852\" loading=\"lazy\" src=\"http:\/\/www.r2cpress.com.br\/v1\/wp-content\/uploads\/Sess\u00e3o-especial-na-c\u00e2mara-de-vereadores-sobre-altera\u00e7\u00f5es-no-tr\u00e2nsito-Foto-Alfredo-Filho-Secom-26.jpg\" alt=\"Isaac Albagli.\" width=\"300\" height=\"422\" class=\"size-full wp-image-62852\" srcset=\"https:\/\/www.r2cpress.com.br\/v1\/wp-content\/uploads\/Sess\u00e3o-especial-na-c\u00e2mara-de-vereadores-sobre-altera\u00e7\u00f5es-no-tr\u00e2nsito-Foto-Alfredo-Filho-Secom-26.jpg 300w, https:\/\/www.r2cpress.com.br\/v1\/wp-content\/uploads\/Sess\u00e3o-especial-na-c\u00e2mara-de-vereadores-sobre-altera\u00e7\u00f5es-no-tr\u00e2nsito-Foto-Alfredo-Filho-Secom-26-213x300.jpg 213w\" sizes=\"(max-width: 300px) 100vw, 300px\" \/><\/a><p id=\"caption-attachment-62852\" class=\"wp-caption-text\">Isaac Albagli.<\/p><\/div>De imediato, Albagli garantiu que redutores de velocidades ser\u00e3o implantados em toda extens\u00e3o da Sapetinga. \u201cO pr\u00f3prio motorista vai acabar percebendo que por ali n\u00e3o \u00e9 a melhor solu\u00e7\u00e3o. N\u00e3o vamos aumentar o tempo do sem\u00e1foro aberto naquela \u00e1rea, porque isso vai incentivar a pr\u00e1tica\u201d, frisou<\/p>\n<p>Tapa Buracos \u2013 Outras a\u00e7\u00f5es da Secretaria de Desenvolvimento Urbano apresentadas por Isaac Albagli durante a sess\u00e3o foi a opera\u00e7\u00e3o tapa buracos realizada nas principais vias dos bairros Teot\u00f4nio Vilela, Princesa Isabel, nas Avenidas Canavieiras, Itabuna, Nova Esperan\u00e7a, Lomanto J\u00fanior, Proclama\u00e7\u00e3o, nas ruas 13 de maio, Bento Berilo, Tiradentes, Bar\u00e3o do Rio Branco, al\u00e9m da renova\u00e7\u00e3o de placas de sinaliza\u00e7\u00e3o, podas de \u00e1rvores que permitem maior seguran\u00e7a aos pedestres e motoristas, cria\u00e7\u00e3o de estacionamento exclusivo para motos, cria\u00e7\u00e3o e restaura\u00e7\u00e3o de faixas de pedestres pr\u00f3ximas \u00e0s escolas e mais 600 metros de sinaliza\u00e7\u00e3o horizontal. \u201cOs problemas ainda n\u00e3o foram todos resolvidos. Muito precisa ser feito, mas em tr\u00eas meses conseguimos melhorar um pouco a situa\u00e7\u00e3o, que era desastrosa\u201d, destacou.<\/p>\n<p>O secret\u00e1rio disse que sua equipe est\u00e1 estudando outras melhorias no tr\u00e2nsito em toda a cidade. Uma das a\u00e7\u00f5es estrat\u00e9gicas \u00e9 a constru\u00e7\u00e3o de um plano voltado exclusivamente para o transporte coletivo, que abranger\u00e1 o aumento e a renova\u00e7\u00e3o da frota, com parte dos ve\u00edculos em ambiente climatizado, conforme j\u00e1 solicitado \u00e0s empresas que operam no munic\u00edpio.<\/p>\n<p>Outra interven\u00e7\u00e3o analisada pelos t\u00e9cnicos ser\u00e1 a transfer\u00eancia da preferencial dos ve\u00edculos no cruzamento Pontal- Nova Bras\u00edlia para os motoristas que est\u00e3o na Rua 13 de maio e seguem para Lomanto J\u00fanior. Os demais projetos est\u00e3o voltados para a constru\u00e7\u00e3o de ciclovias, implanta\u00e7\u00e3o de passarelas e a redu\u00e7\u00e3o do espa\u00e7o da Pra\u00e7a Cair\u00fa, objetivando a cria\u00e7\u00e3o de mais uma pista.<\/p>\n<p>&#8212;<br \/>\nSecretaria de Comunica\u00e7\u00e3o Social (Secom)<br \/>\nIlh\u00e9us \u2013 11.04.2013<\/p>\n","protected":false},"excerpt":{"rendered":"<p>O secret\u00e1rio de Desenvolvimento Urbano de Ilh\u00e9us, Isaac Albagli, acompanhado pelo Superintendente de Transporte e Tr\u00e2nsito, Eliezer Ribeiro, participou de sess\u00e3o especial na C\u00e2mara de Vereadores, na quarta-feira, 10, convocada para debater a organiza\u00e7\u00e3o do tr\u00e2nsito e a mobilidade urbana, em virtude da aprova\u00e7\u00e3o do requerimento 017\/2013. Tamb\u00e9m participaram representantes das associa\u00e7\u00f5es de moradores dos [&hellip;]<\/p>\n","protected":false},"author":2,"featured_media":0,"comment_status":"open","ping_status":"open","sticky":false,"template":"","format":"standard","meta":{"_links_to":"","_links_to_target":""},"categories":[23],"tags":[],"_links":{"self":[{"href":"https:\/\/www.r2cpress.com.br\/v1\/wp-json\/wp\/v2\/posts\/62848"}],"collection":[{"href":"https:\/\/www.r2cpress.com.br\/v1\/wp-json\/wp\/v2\/posts"}],"about":[{"href":"https:\/\/www.r2cpress.com.br\/v1\/wp-json\/wp\/v2\/types\/post"}],"author":[{"embeddable":true,"href":"https:\/\/www.r2cpress.com.br\/v1\/wp-json\/wp\/v2\/users\/2"}],"replies":[{"embeddable":true,"href":"https:\/\/www.r2cpress.com.br\/v1\/wp-json\/wp\/v2\/comments?post=62848"}],"version-history":[{"count":4,"href":"https:\/\/www.r2cpress.com.br\/v1\/wp-json\/wp\/v2\/posts\/62848\/revisions"}],"predecessor-version":[{"id":62853,"href":"https:\/\/www.r2cpress.com.br\/v1\/wp-json\/wp\/v2\/posts\/62848\/revisions\/62853"}],"wp:attachment":[{"href":"https:\/\/www.r2cpress.com.br\/v1\/wp-json\/wp\/v2\/media?parent=62848"}],"wp:term":[{"taxonomy":"category","embeddable":true,"href":"https:\/\/www.r2cpress.com.br\/v1\/wp-json\/wp\/v2\/categories?post=62848"},{"taxonomy":"post_tag","embeddable":true,"href":"https:\/\/www.r2cpress.com.br\/v1\/wp-json\/wp\/v2\/tags?post=62848"}],"curies":[{"name":"wp","href":"https:\/\/api.w.org\/{rel}","templated":true}]}}