{"id":62858,"date":"2013-04-11T16:56:27","date_gmt":"2013-04-11T19:56:27","guid":{"rendered":"http:\/\/www.r2cpress.com.br\/v1\/?p=62858"},"modified":"2013-04-11T16:56:27","modified_gmt":"2013-04-11T19:56:27","slug":"prefeitos-do-baixo-sul-apoiam-a-construcao-da-ponte-salvador-itaparica","status":"publish","type":"post","link":"https:\/\/www.r2cpress.com.br\/v1\/2013\/04\/11\/prefeitos-do-baixo-sul-apoiam-a-construcao-da-ponte-salvador-itaparica\/","title":{"rendered":"Prefeitos do Baixo Sul apoiam a constru\u00e7\u00e3o da ponte Salvador-Itaparica"},"content":{"rendered":"<p>O projeto de constru\u00e7\u00e3o da ponte Salvador-Itaparica, que \u00e9 parte de um projeto indutor de desenvolvimento econ\u00f4mico e social da Regi\u00e3o Metropolitana de Salvador (RMS), Rec\u00f4ncavo e eixo litor\u00e2neo sul, recebeu, nesta quinta-feira (11), o apoio da Associa\u00e7\u00e3o dos Munic\u00edpios do Baixo Sul, durante o evento dos Di\u00e1logos Territoriais, que aconteceu no munic\u00edpio de Valen\u00e7a.<\/p>\n<p><center><a href=\"http:\/\/www.r2cpress.com.br\/v1\/wp-content\/uploads\/valenca1.jpg\"><img loading=\"lazy\" class=\"size-full wp-image-62859 aligncenter\" alt=\"valenca1\" src=\"http:\/\/www.r2cpress.com.br\/v1\/wp-content\/uploads\/valenca1.jpg\" width=\"500\" height=\"333\" srcset=\"https:\/\/www.r2cpress.com.br\/v1\/wp-content\/uploads\/valenca1.jpg 500w, https:\/\/www.r2cpress.com.br\/v1\/wp-content\/uploads\/valenca1-300x199.jpg 300w\" sizes=\"(max-width: 500px) 100vw, 500px\" \/><\/a><\/center><br \/>\nO projeto foi um dos temas principais da apresenta\u00e7\u00e3o do secret\u00e1rio do Planejamento da Bahia, Jos\u00e9 Sergio Gabrielli, para prefeitos, empres\u00e1rios e a sociedade civil, que teve como foco as a\u00e7\u00f5es realizadas e projetadas no Territ\u00f3rio do Baixo Sul, bem como as iniciativas dentro da \u00e1rea de influ\u00eancia dos quinze munic\u00edpios do Territ\u00f3rio.<\/p>\n<p><!--more--><\/p>\n<p>De acordo com a prefeita de Valen\u00e7a, Juc\u00e9lia Nascimento, \u201ca constru\u00e7\u00e3o do empreendimento certamente trar\u00e1 desenvolvimento para a nossa regi\u00e3o, em especial com o aumento do fluxo de pessoas e ve\u00edculos, o que significa que devemos, com urg\u00eancia, nos planejar\u201d, afirma a prefeita.<\/p>\n<p>Na mesma dire\u00e7\u00e3o, o coordenador do Colegiado Territorial, Eduardo Azevedo, destaca que a partir da constru\u00e7\u00e3o da ponte haver\u00e1 uma explos\u00e3o de crescimento, especialmente na \u00e1rea tur\u00edstica. \u201cO ponto de equil\u00edbrio \u00e9 ser sustent\u00e1vel. O Baixo Sul \u00e9 um dos poucos espa\u00e7os onde existe a boa conviv\u00eancia entre o desenvolvimento econ\u00f4mico e a preserva\u00e7\u00e3o ambiental e devemos continuar assim\u201d, pontua Eduardo.<\/p>\n<p>Para garantir este objetivo, uma das solu\u00e7\u00f5es apontadas pelo prefeito de Iguapi\u00fana e presidente da Associa\u00e7\u00e3o dos Munic\u00edpios do Baixo Sul, Leandro Santos, \u00e9 a cria\u00e7\u00e3o de um anel rodovi\u00e1rio no munic\u00edpio de Valen\u00e7a, a fim de minimizar o fluxo no centro da cidade e possibilitar que a BA 001 seja uma alternativa para ve\u00edculos pesados.<\/p>\n<p>Projeto<br \/>\nNo primeiro trimestre de 2014 ser\u00e1 lan\u00e7ado o edital para concess\u00e3o da ponte Salvador-Itaparica. Para tanto, o Governo da Bahia, por meio da Secretaria do Planejamento (Seplan), elaborou um cronograma de a\u00e7\u00f5es para este ano, que inclui a publica\u00e7\u00e3o de editais para contrata\u00e7\u00e3o de estudos de engenharia e de impactos ambientais, sondagem, masterplan urban\u00edstico, bem como um plano de atra\u00e7\u00e3o de ind\u00fastrias aliado a uma estrat\u00e9gia de desenvolvimento social.<\/p>\n<p>Para auxiliar na modelagem econ\u00f4mica e financeira, cria\u00e7\u00e3o de plano de desenvolvimento da regi\u00e3o e apoio aos estudos t\u00e9cnicos a serem realizados, o Governo do Estado contratou a McKinsey &amp; Company, uma consultoria internacional com ampla expertise em projetos de desenvolvimento, infraestrutura e financiamento para governos em todo o mundo.<\/p>\n<p>Realiza\u00e7\u00f5es<br \/>\nEntre as principais a\u00e7\u00f5es realizadas pelo Governo do Estado no Territ\u00f3rio, destaca-se a amplia\u00e7\u00e3o da cobertura do n\u00famero de domic\u00edlios ligados \u00e0 rede de \u00e1gua e esgoto, 67% e 79%, respectivamente. \u201cAs interven\u00e7\u00f5es estruturais n\u00e3o se limitaram ao saneamento. Implantamos, recuperamos e demos manuten\u00e7\u00e3o em mais de 180 km de rodovias, beneficiando dez dos quinze munic\u00edpios do Baixo Sul, al\u00e9m de construirmos mais de 2 mil unidades habitacionais\u201d, destaca Gabrielli.<\/p>\n<p>Avan\u00e7os na \u00e1rea social tamb\u00e9m foram pontuados. \u201cNo ano 2000, 38,3% das fam\u00edlias do Baixo Sul encontravam-se na condi\u00e7\u00e3o de extrema pobreza, j\u00e1 em 2010 este n\u00famero caiu para 17,7%. O n\u00famero de postos de trabalho tamb\u00e9m melhoram, saltando de 20 mil para 29 mil no mesmo per\u00edodo\u201d, ressalta o secret\u00e1rio.<\/p>\n<p>Por outro lado, apesar de ser considerado um territ\u00f3rio privilegiado do ponto de vista ambiental e econ\u00f4mico, os indicadores sociais ainda precisam ser melhorados. \u201cEm onze dos quinze munic\u00edpios, o total de recursos transferidos diretamente as fam\u00edlias, tendo como origem os benef\u00edcios de presta\u00e7\u00e3o continuada, Bolsa Fam\u00edlia e aposentadoria rural, ultrapassam o volume de dinheiro que as prefeituras recebem do Fundo de Participa\u00e7\u00e3o dos Munic\u00edpios (FPM)\u201d, conclui.<\/p>\n<p>_______________________________________<br \/>\nPablo Barbosa<br \/>\nAssessoria de Comunica\u00e7\u00e3o<br \/>\nSecretaria do Planejamento do Estado da Bahia<\/p>\n","protected":false},"excerpt":{"rendered":"<p>O projeto de constru\u00e7\u00e3o da ponte Salvador-Itaparica, que \u00e9 parte de um projeto indutor de desenvolvimento econ\u00f4mico e social da Regi\u00e3o Metropolitana de Salvador (RMS), Rec\u00f4ncavo e eixo litor\u00e2neo sul, recebeu, nesta quinta-feira (11), o apoio da Associa\u00e7\u00e3o dos Munic\u00edpios do Baixo Sul, durante o evento dos Di\u00e1logos Territoriais, que aconteceu no munic\u00edpio de Valen\u00e7a. [&hellip;]<\/p>\n","protected":false},"author":2,"featured_media":0,"comment_status":"open","ping_status":"open","sticky":false,"template":"","format":"standard","meta":{"_links_to":"","_links_to_target":""},"categories":[29],"tags":[],"_links":{"self":[{"href":"https:\/\/www.r2cpress.com.br\/v1\/wp-json\/wp\/v2\/posts\/62858"}],"collection":[{"href":"https:\/\/www.r2cpress.com.br\/v1\/wp-json\/wp\/v2\/posts"}],"about":[{"href":"https:\/\/www.r2cpress.com.br\/v1\/wp-json\/wp\/v2\/types\/post"}],"author":[{"embeddable":true,"href":"https:\/\/www.r2cpress.com.br\/v1\/wp-json\/wp\/v2\/users\/2"}],"replies":[{"embeddable":true,"href":"https:\/\/www.r2cpress.com.br\/v1\/wp-json\/wp\/v2\/comments?post=62858"}],"version-history":[{"count":4,"href":"https:\/\/www.r2cpress.com.br\/v1\/wp-json\/wp\/v2\/posts\/62858\/revisions"}],"predecessor-version":[{"id":62863,"href":"https:\/\/www.r2cpress.com.br\/v1\/wp-json\/wp\/v2\/posts\/62858\/revisions\/62863"}],"wp:attachment":[{"href":"https:\/\/www.r2cpress.com.br\/v1\/wp-json\/wp\/v2\/media?parent=62858"}],"wp:term":[{"taxonomy":"category","embeddable":true,"href":"https:\/\/www.r2cpress.com.br\/v1\/wp-json\/wp\/v2\/categories?post=62858"},{"taxonomy":"post_tag","embeddable":true,"href":"https:\/\/www.r2cpress.com.br\/v1\/wp-json\/wp\/v2\/tags?post=62858"}],"curies":[{"name":"wp","href":"https:\/\/api.w.org\/{rel}","templated":true}]}}