{"id":62867,"date":"2013-04-11T17:55:50","date_gmt":"2013-04-11T20:55:50","guid":{"rendered":"http:\/\/www.r2cpress.com.br\/v1\/?p=62867"},"modified":"2013-04-11T17:56:28","modified_gmt":"2013-04-11T20:56:28","slug":"secretaria-de-saude-ajudai","status":"publish","type":"post","link":"https:\/\/www.r2cpress.com.br\/v1\/2013\/04\/11\/secretaria-de-saude-ajudai\/","title":{"rendered":"Secret\u00e1ria de Sa\u00fade !!!! AJUDA\u00cd !!!!"},"content":{"rendered":"<p>T\u00e1 chuvendo um questionamento, aqui na reda\u00e7\u00e3o\/<strong>R2CPRESS<\/strong>, por parte  de servidores da SECRETARIA  DE SA\u00daDE DE ILH\u00c9US.<br \/>\n\u00c9 sobre o pagamento do mes de dezembro e uma proposta feita pra esses servidores no sentido de quitar o que \u00e9 devido. Acontee que a proposta da SEC\/PMI para quitar essa pendenga \u00e9 a de dividir o que se deve por<strong> 5 (CINCO).<\/strong> Dizem tamb\u00e9m que muitos servidores de outras secretarias j\u00e1 receberam e os da Sa\u00fade est\u00e3o  desesperados. Todos os compromissos sem honrar e a situ\u00e7\u00e3o \u00e9, segundo os e-mail, desesperadora.<br \/>\nAssum\u00ed o compromisso de fazer essa ponte porque eles ficam com medo de repres\u00e1lias.<\/p>\n<p><strong>Por isso a gente, daqu\u00ed, est\u00e1 entrando no circuito.<\/strong><\/p>\n<div id=\"attachment_62868\" style=\"width: 510px\" class=\"wp-caption aligncenter\"><a href=\"http:\/\/www.r2cpress.com.br\/v1\/wp-content\/uploads\/Led\u00edvia-Espinheira-secret\u00e1ria-de-Sa\u00fade.jpg\"><img aria-describedby=\"caption-attachment-62868\" loading=\"lazy\" src=\"http:\/\/www.r2cpress.com.br\/v1\/wp-content\/uploads\/Led\u00edvia-Espinheira-secret\u00e1ria-de-Sa\u00fade.jpg\" alt=\"Led\u00edvia Espinheira, secret\u00e1ria de Sa\u00fade de Ilh\u00e9us.\" width=\"500\" height=\"513\" class=\"size-full wp-image-62868\" srcset=\"https:\/\/www.r2cpress.com.br\/v1\/wp-content\/uploads\/Led\u00edvia-Espinheira-secret\u00e1ria-de-Sa\u00fade.jpg 500w, https:\/\/www.r2cpress.com.br\/v1\/wp-content\/uploads\/Led\u00edvia-Espinheira-secret\u00e1ria-de-Sa\u00fade-292x300.jpg 292w\" sizes=\"(max-width: 500px) 100vw, 500px\" \/><\/a><p id=\"caption-attachment-62868\" class=\"wp-caption-text\">Led\u00edvia Espinheira, secret\u00e1ria de Sa\u00fade de Ilh\u00e9us.<\/p><\/div>\n<p>Assim, fico  no aguardo de um esclarecimento por parte da Secret\u00e1ria e quando esse esclarecimento chegar eu coloco aqui.<\/p>\n<p>Grande abra\u00e7o e fique com <strong>DEUS <\/strong>(Sempre!).<\/p>\n<p>Rabat.<\/p>\n","protected":false},"excerpt":{"rendered":"<p>T\u00e1 chuvendo um questionamento, aqui na reda\u00e7\u00e3o\/R2CPRESS, por parte de servidores da SECRETARIA DE SA\u00daDE DE ILH\u00c9US. \u00c9 sobre o pagamento do mes de dezembro e uma proposta feita pra esses servidores no sentido de quitar o que \u00e9 devido. Acontee que a proposta da SEC\/PMI para quitar essa pendenga \u00e9 a de dividir o [&hellip;]<\/p>\n","protected":false},"author":2,"featured_media":0,"comment_status":"open","ping_status":"open","sticky":false,"template":"","format":"standard","meta":{"_links_to":"","_links_to_target":""},"categories":[10],"tags":[],"_links":{"self":[{"href":"https:\/\/www.r2cpress.com.br\/v1\/wp-json\/wp\/v2\/posts\/62867"}],"collection":[{"href":"https:\/\/www.r2cpress.com.br\/v1\/wp-json\/wp\/v2\/posts"}],"about":[{"href":"https:\/\/www.r2cpress.com.br\/v1\/wp-json\/wp\/v2\/types\/post"}],"author":[{"embeddable":true,"href":"https:\/\/www.r2cpress.com.br\/v1\/wp-json\/wp\/v2\/users\/2"}],"replies":[{"embeddable":true,"href":"https:\/\/www.r2cpress.com.br\/v1\/wp-json\/wp\/v2\/comments?post=62867"}],"version-history":[{"count":5,"href":"https:\/\/www.r2cpress.com.br\/v1\/wp-json\/wp\/v2\/posts\/62867\/revisions"}],"predecessor-version":[{"id":62873,"href":"https:\/\/www.r2cpress.com.br\/v1\/wp-json\/wp\/v2\/posts\/62867\/revisions\/62873"}],"wp:attachment":[{"href":"https:\/\/www.r2cpress.com.br\/v1\/wp-json\/wp\/v2\/media?parent=62867"}],"wp:term":[{"taxonomy":"category","embeddable":true,"href":"https:\/\/www.r2cpress.com.br\/v1\/wp-json\/wp\/v2\/categories?post=62867"},{"taxonomy":"post_tag","embeddable":true,"href":"https:\/\/www.r2cpress.com.br\/v1\/wp-json\/wp\/v2\/tags?post=62867"}],"curies":[{"name":"wp","href":"https:\/\/api.w.org\/{rel}","templated":true}]}}