{"id":62874,"date":"2013-04-11T19:31:57","date_gmt":"2013-04-11T22:31:57","guid":{"rendered":"http:\/\/www.r2cpress.com.br\/v1\/?p=62874"},"modified":"2013-04-11T19:31:57","modified_gmt":"2013-04-11T22:31:57","slug":"cdl-de-ilheus-faz-parceria-com-a-associacao-do-comercio-da-zona-sul","status":"publish","type":"post","link":"https:\/\/www.r2cpress.com.br\/v1\/2013\/04\/11\/cdl-de-ilheus-faz-parceria-com-a-associacao-do-comercio-da-zona-sul\/","title":{"rendered":"CDL DE ILH\u00c9US FAZ PARCERIA COM A ASSOCIA\u00c7\u00c3O DO COM\u00c9RCIO DA ZONA SUL"},"content":{"rendered":"<p>A C\u00e2mara de Dirigentes Lojistas de Ilh\u00e9us dando prosseguimento \u00e0 meta de expandir as a\u00e7\u00f5es, as campanhas promocionais e os servi\u00e7os da entidade para os chamados com\u00e9rcios de bairros, firmou uma parceria com a Associa\u00e7\u00e3o do Com\u00e9rcio da Zona Sul \u2013 ACZS \u2013 que abrange os estabelecimentos comerciais que v\u00e3o desde o Pontal at\u00e9 Oliven\u00e7a, incluindo os empreendimentos da rede hoteleira. \u201c\u00c9 uma satisfa\u00e7\u00e3o muito grande ter a ACZS como parceira. Nosso objetivo \u00e9 descentralizar as a\u00e7\u00f5es da CDL. Ilh\u00e9us possui um Centro comercial forte, mas n\u00e3o podemos concentrar nossas a\u00e7\u00f5es no Centro. Existem com\u00e9rcios fortes no Pontal, no Nelson Costa, na Urbis, na Avenida Itabuna, na Conquista, no Nossa Senhora da Vit\u00f3ria, em Oliven\u00e7a, no Malhado, no Teot\u00f4nio Vilela entre outros. Precisamos estar presentes tamb\u00e9m nesses lugares, ouvindo os comerciantes, levando nossas campanhas promocionais, nossos servi\u00e7os, cursos e palestras, enfim, \u00a0precisamos pensar no fortalecimento do com\u00e9rcio como um todo\u201d disse Paulo Ganem, presidente da CDL de Ilh\u00e9us.<\/p>\n<div id=\"attachment_62875\" style=\"width: 560px\" class=\"wp-caption aligncenter\"><a href=\"http:\/\/www.r2cpress.com.br\/v1\/wp-content\/uploads\/Paulo-S\u00e9rgio-C\u00e9o-Ant\u00f4nio-Amaral-Paulo-Ganem-e-Cl\u00f3vis-J\u00fanior-na-reuni\u00e3o-em-que-se-firmou-a-parceria-da-CDL-de-Ilh\u00e9us-com-a-ACZS.jpg\"><img aria-describedby=\"caption-attachment-62875\" loading=\"lazy\" class=\"size-full wp-image-62875\" alt=\"Paulo S\u00e9rgio (C\u00e9o) Ant\u00f4nio Amaral (ACZS) Paulo Ganem e Cl\u00f3vis J\u00fanior na reuni\u00e3o em que se firmou a parceria da CDL de Ilh\u00e9us com a ACZS\" src=\"http:\/\/www.r2cpress.com.br\/v1\/wp-content\/uploads\/Paulo-S\u00e9rgio-C\u00e9o-Ant\u00f4nio-Amaral-Paulo-Ganem-e-Cl\u00f3vis-J\u00fanior-na-reuni\u00e3o-em-que-se-firmou-a-parceria-da-CDL-de-Ilh\u00e9us-com-a-ACZS.jpg\" width=\"550\" height=\"413\" srcset=\"https:\/\/www.r2cpress.com.br\/v1\/wp-content\/uploads\/Paulo-S\u00e9rgio-C\u00e9o-Ant\u00f4nio-Amaral-Paulo-Ganem-e-Cl\u00f3vis-J\u00fanior-na-reuni\u00e3o-em-que-se-firmou-a-parceria-da-CDL-de-Ilh\u00e9us-com-a-ACZS.jpg 550w, https:\/\/www.r2cpress.com.br\/v1\/wp-content\/uploads\/Paulo-S\u00e9rgio-C\u00e9o-Ant\u00f4nio-Amaral-Paulo-Ganem-e-Cl\u00f3vis-J\u00fanior-na-reuni\u00e3o-em-que-se-firmou-a-parceria-da-CDL-de-Ilh\u00e9us-com-a-ACZS-300x225.jpg 300w\" sizes=\"(max-width: 550px) 100vw, 550px\" \/><\/a><p id=\"caption-attachment-62875\" class=\"wp-caption-text\">Paulo S\u00e9rgio (C\u00e9o) Ant\u00f4nio Amaral (ACZS) Paulo Ganem e Cl\u00f3vis J\u00fanior na reuni\u00e3o em que se firmou a parceria da CDL de Ilh\u00e9us com a ACZS.<\/p><\/div>\n<p>Para o presidente da ACZS, que tamb\u00e9m faz parte da atual diretoria da CDL de Ilh\u00e9us, Ant\u00f4nio de Jesus Amaral, disse que com esta parceria todo mundo sair\u00e1 ganhando. \u201cGanha comerciantes, comerci\u00e1rios e consumidores. Ser\u00e1 uma troca muito importante, os comerciantes ap\u00f3iam a CDL e em troca v\u00e3o contar com benef\u00edcios importantes como descontos em empresas diversas, cursos profissionalizantes ou de capacita\u00e7\u00e3o, al\u00e9m de melhorias para nosso com\u00e9rcio\u201d, disse Amaral complementando que j\u00e1 est\u00e1 em uma negocia\u00e7\u00e3o avan\u00e7ada para levar Postos Correspondentes da CDL para diversos bairros da zona sul . \u201cNestes postos ser\u00e3o realizadas as consultas do SPC-SERASA, que atualmente s\u00f3 podem ser realizadas na sede da entidade, no centro da cidade\u201d, explicou.<\/p>\n<p>Paulo Ganem disse que a ideia \u00e9 facilitar a vida de comerciantes e consumidores. \u201cN\u00e3o ser\u00e1 preciso a pessoa se deslocar para o centro simplesmente para fazer uma consulta. Assim que formatarmos os Postos Correspondentes, os consumidores poder\u00e3o consultar o SPC -SERASA no pr\u00f3prio bairro\u201d, destacou Ganem dizendo que as expectativas est\u00e3o \u00f3timas para a Campanha Tr\u00edplice 2013.\u00a0 \u201cOs comerciantes da Zona Sul j\u00e1 est\u00e3o sinalizando positivamente para a ades\u00e3o da campanha, estamos buscando apoio, junto \u00e0 ACZS, para ornamentarmos todo o com\u00e9rcio de Ilh\u00e9us, inclusive os de bairro. Mesmo sabendo que este n\u00e3o \u00e9 um dever da CDL, entendemos a import\u00e2ncia de um com\u00e9rcio bonito, arrumado, iluminado para fomentar as vendas, sobretudo, nesta \u00e9poca em que se comemoram tr\u00eas importantes datas: Dia das M\u00e3es, dos Namorados e S\u00e3o Jo\u00e3o\u201d finalizou.<\/p>\n","protected":false},"excerpt":{"rendered":"<p>A C\u00e2mara de Dirigentes Lojistas de Ilh\u00e9us dando prosseguimento \u00e0 meta de expandir as a\u00e7\u00f5es, as campanhas promocionais e os servi\u00e7os da entidade para os chamados com\u00e9rcios de bairros, firmou uma parceria com a Associa\u00e7\u00e3o do Com\u00e9rcio da Zona Sul \u2013 ACZS \u2013 que abrange os estabelecimentos comerciais que v\u00e3o desde o Pontal at\u00e9 Oliven\u00e7a, [&hellip;]<\/p>\n","protected":false},"author":2,"featured_media":0,"comment_status":"open","ping_status":"open","sticky":false,"template":"","format":"standard","meta":{"_links_to":"","_links_to_target":""},"categories":[19],"tags":[],"_links":{"self":[{"href":"https:\/\/www.r2cpress.com.br\/v1\/wp-json\/wp\/v2\/posts\/62874"}],"collection":[{"href":"https:\/\/www.r2cpress.com.br\/v1\/wp-json\/wp\/v2\/posts"}],"about":[{"href":"https:\/\/www.r2cpress.com.br\/v1\/wp-json\/wp\/v2\/types\/post"}],"author":[{"embeddable":true,"href":"https:\/\/www.r2cpress.com.br\/v1\/wp-json\/wp\/v2\/users\/2"}],"replies":[{"embeddable":true,"href":"https:\/\/www.r2cpress.com.br\/v1\/wp-json\/wp\/v2\/comments?post=62874"}],"version-history":[{"count":3,"href":"https:\/\/www.r2cpress.com.br\/v1\/wp-json\/wp\/v2\/posts\/62874\/revisions"}],"predecessor-version":[{"id":62878,"href":"https:\/\/www.r2cpress.com.br\/v1\/wp-json\/wp\/v2\/posts\/62874\/revisions\/62878"}],"wp:attachment":[{"href":"https:\/\/www.r2cpress.com.br\/v1\/wp-json\/wp\/v2\/media?parent=62874"}],"wp:term":[{"taxonomy":"category","embeddable":true,"href":"https:\/\/www.r2cpress.com.br\/v1\/wp-json\/wp\/v2\/categories?post=62874"},{"taxonomy":"post_tag","embeddable":true,"href":"https:\/\/www.r2cpress.com.br\/v1\/wp-json\/wp\/v2\/tags?post=62874"}],"curies":[{"name":"wp","href":"https:\/\/api.w.org\/{rel}","templated":true}]}}