{"id":6296,"date":"2011-01-11T14:43:33","date_gmt":"2011-01-11T17:43:33","guid":{"rendered":"http:\/\/www.r2cpress.com.br\/v1\/?p=6296"},"modified":"2011-01-11T14:43:33","modified_gmt":"2011-01-11T17:43:33","slug":"confirmada-primeira-morte-do-ano-por-meningite-c-em-salvador","status":"publish","type":"post","link":"https:\/\/www.r2cpress.com.br\/v1\/2011\/01\/11\/confirmada-primeira-morte-do-ano-por-meningite-c-em-salvador\/","title":{"rendered":"Confirmada primeira morte do ano por meningite C em Salvador"},"content":{"rendered":"<p>Foi confirmada pela Secretaria de Sa\u00fade do Estado da Bahia (SESAB), nesta ter\u00e7a-feira, 11, a primeira morte por meningite do tipo C (o mais grave), em Salvador, no ano de 2011. De acordo com a Sesab, uma mulher de 24 anos moradora da invas\u00e3o conhecida como Pol\u00eamica, no bairro de Brotas, foi a primeira pessoa a morrer com a doen\u00e7a na capital.<\/p>\n<p>A mulher estava internada no Hospital Couto Maia, em Mont Serrat e, segundo a Sesab, morreu na madrugada do \u00faltimo domingo, 9. O nome da jovem n\u00e3o foi divulgado. Conforme dados da Secretaria, em 2010 foram contabilizados quase 1.300 casos de meningite no estado, com mais de 100 \u00f3bitos. No caso da doen\u00e7a meningoc\u00f3cica, os \u00f3bitos ultrapassaram 50. <\/p>\n<p>No <a href = \"http:\/\/atarde.com.br\/cidades\/noticia.jsf?id=5672224\" target = \"_news\"><b>A TARDE ON LINE<\/b><\/a><\/p>\n","protected":false},"excerpt":{"rendered":"<p>Foi confirmada pela Secretaria de Sa\u00fade do Estado da Bahia (SESAB), nesta ter\u00e7a-feira, 11, a primeira morte por meningite do tipo C (o mais grave), em Salvador, no ano de 2011. De acordo com a Sesab, uma mulher de 24 anos moradora da invas\u00e3o conhecida como Pol\u00eamica, no bairro de Brotas, foi a primeira pessoa [&hellip;]<\/p>\n","protected":false},"author":2,"featured_media":0,"comment_status":"open","ping_status":"open","sticky":false,"template":"","format":"standard","meta":{"_links_to":"","_links_to_target":""},"categories":[13],"tags":[],"_links":{"self":[{"href":"https:\/\/www.r2cpress.com.br\/v1\/wp-json\/wp\/v2\/posts\/6296"}],"collection":[{"href":"https:\/\/www.r2cpress.com.br\/v1\/wp-json\/wp\/v2\/posts"}],"about":[{"href":"https:\/\/www.r2cpress.com.br\/v1\/wp-json\/wp\/v2\/types\/post"}],"author":[{"embeddable":true,"href":"https:\/\/www.r2cpress.com.br\/v1\/wp-json\/wp\/v2\/users\/2"}],"replies":[{"embeddable":true,"href":"https:\/\/www.r2cpress.com.br\/v1\/wp-json\/wp\/v2\/comments?post=6296"}],"version-history":[{"count":2,"href":"https:\/\/www.r2cpress.com.br\/v1\/wp-json\/wp\/v2\/posts\/6296\/revisions"}],"predecessor-version":[{"id":6298,"href":"https:\/\/www.r2cpress.com.br\/v1\/wp-json\/wp\/v2\/posts\/6296\/revisions\/6298"}],"wp:attachment":[{"href":"https:\/\/www.r2cpress.com.br\/v1\/wp-json\/wp\/v2\/media?parent=6296"}],"wp:term":[{"taxonomy":"category","embeddable":true,"href":"https:\/\/www.r2cpress.com.br\/v1\/wp-json\/wp\/v2\/categories?post=6296"},{"taxonomy":"post_tag","embeddable":true,"href":"https:\/\/www.r2cpress.com.br\/v1\/wp-json\/wp\/v2\/tags?post=6296"}],"curies":[{"name":"wp","href":"https:\/\/api.w.org\/{rel}","templated":true}]}}