{"id":62960,"date":"2013-04-12T20:00:54","date_gmt":"2013-04-12T23:00:54","guid":{"rendered":"http:\/\/www.r2cpress.com.br\/v1\/?p=62960"},"modified":"2013-04-12T20:13:05","modified_gmt":"2013-04-12T23:13:05","slug":"do-fundo-do-bau-de-jose-leite-108","status":"publish","type":"post","link":"https:\/\/www.r2cpress.com.br\/v1\/2013\/04\/12\/do-fundo-do-bau-de-jose-leite-108\/","title":{"rendered":"DO FUNDO DO BA\u00da DE JOS\u00c9 LEITE"},"content":{"rendered":"<p><center><img src = \"http:\/\/www.r2cpress.com.br\/v1\/wp-content\/uploads\/tampa-do-ba%C3%BA-com-camisa.jpg\"\/><br \/>\n<strong>1)\tNOSSA SALVA\u00c7\u00c3O SER\u00c1 O CEMIT\u00c9RIO DO BASILIO.<br \/>\n2)\tVISITA DE UM GOVERNADOR DA BAHIA A ASSOCIA\u00c7\u00c3O COMERCIAL DE ILH\u00c9US<br \/>\n3)\tAS FOTOS DESTAQUES DA SEMANA.<\/strong><\/center><\/p>\n<p><!--more--><\/p>\n<p>***<\/p>\n<p><b><center>NOSSA SALVA\u00c7\u00c3O SER\u00c1 O CEMIT\u00c9RIO DO BASILIO<\/center><\/b><\/p>\n<p>Este ano de 2013, precisamente no dia 1 de novembro, ser\u00e1 comemorado o centen\u00e1rio do CEMIT\u00c9RIO MUNICIPAL DA VIT\u00d3RIA. Tem esse nome porque fica ao lado da IGREJA NOSSA SENHORA DAS VIT\u00d3RIAS. Constru\u00eddo na administra\u00e7\u00e3o do INTENDENTE Cel. ANTONIO PESSOA DA COSTA E SILVA (Pai do tamb\u00e9m Prefeito Dr. M\u00c1RIO PESSOA). Antes da inaugura\u00e7\u00e3o desse, existia outro cemit\u00e9rio que ficava atr\u00e1s da Antiga Igreja de S\u00c3O SEBASTI\u00c3O que foi demolida e constru\u00edda a CATEDRAL atual. Uma curiosidade: existem t\u00famulos com datas de falecimentos anteriores a inaugura\u00e7\u00e3o do Cemit\u00e9rio da Vit\u00f3ria, mas foram t\u00famulos de mortos que foram transferidos para o novo cemit\u00e9rio naquela \u00e9poca (1913).<\/p>\n<div id=\"attachment_62961\" style=\"width: 208px\" class=\"wp-caption aligncenter\"><a href=\"http:\/\/www.r2cpress.com.br\/v1\/wp-content\/uploads\/19.jpeg\"><img aria-describedby=\"caption-attachment-62961\" loading=\"lazy\" src=\"http:\/\/www.r2cpress.com.br\/v1\/wp-content\/uploads\/19-198x300.jpeg\" alt=\"Entrada do Cemit\u00e9rio da Vit\u00f3ria. Para falar a verdade fico envergonhado quando o caix\u00e3o \u00e9 retirado do carro funer\u00e1rio e levado por todo o trajeto por pessoas at\u00e9 chegar ao local da sepultura.\" width=\"198\" height=\"300\" class=\"size-medium wp-image-62961\" srcset=\"https:\/\/www.r2cpress.com.br\/v1\/wp-content\/uploads\/19-198x300.jpeg 198w, https:\/\/www.r2cpress.com.br\/v1\/wp-content\/uploads\/19.jpeg 331w\" sizes=\"(max-width: 198px) 100vw, 198px\" \/><\/a><p id=\"caption-attachment-62961\" class=\"wp-caption-text\">Entrada do Cemit\u00e9rio da Vit\u00f3ria. Para falar a verdade fico envergonhado quando o caix\u00e3o \u00e9 retirado do carro funer\u00e1rio e levado por todo o trajeto por pessoas at\u00e9 chegar ao local da sepultura.<\/p><\/div>\n<div id=\"attachment_62962\" style=\"width: 310px\" class=\"wp-caption aligncenter\"><a href=\"http:\/\/www.r2cpress.com.br\/v1\/wp-content\/uploads\/24.jpeg\"><img aria-describedby=\"caption-attachment-62962\" loading=\"lazy\" src=\"http:\/\/www.r2cpress.com.br\/v1\/wp-content\/uploads\/24-300x289.jpeg\" alt=\"Mandei entregar esse folheto com an\u00fancios de CARRINHO e DESCENSOR para algumas Funer\u00e1rias e ao SAF, mas at\u00e9 agora nada de resposta.\" width=\"300\" height=\"289\" class=\"size-medium wp-image-62962\" srcset=\"https:\/\/www.r2cpress.com.br\/v1\/wp-content\/uploads\/24-300x289.jpeg 300w, https:\/\/www.r2cpress.com.br\/v1\/wp-content\/uploads\/24.jpeg 700w\" sizes=\"(max-width: 300px) 100vw, 300px\" \/><\/a><p id=\"caption-attachment-62962\" class=\"wp-caption-text\">Mandei entregar esse folheto com an\u00fancios de CARRINHO e DESCENSOR para algumas Funer\u00e1rias e ao SAF, mas at\u00e9 agora nada de resposta.<\/p><\/div>\n<div id=\"attachment_62963\" style=\"width: 209px\" class=\"wp-caption aligncenter\"><a href=\"http:\/\/www.r2cpress.com.br\/v1\/wp-content\/uploads\/34.jpeg\"><img aria-describedby=\"caption-attachment-62963\" loading=\"lazy\" src=\"http:\/\/www.r2cpress.com.br\/v1\/wp-content\/uploads\/34-199x300.jpeg\" alt=\"Cemit\u00e9rio da Vit\u00f3ria (no centro) 100% ocupado. S\u00f3 \u00e9 enterrado quem possuir Jazigo Perp\u00e9tuo.\" width=\"199\" height=\"300\" class=\"size-medium wp-image-62963\" srcset=\"https:\/\/www.r2cpress.com.br\/v1\/wp-content\/uploads\/34-199x300.jpeg 199w, https:\/\/www.r2cpress.com.br\/v1\/wp-content\/uploads\/34.jpeg 332w\" sizes=\"(max-width: 199px) 100vw, 199px\" \/><\/a><p id=\"caption-attachment-62963\" class=\"wp-caption-text\">Cemit\u00e9rio da Vit\u00f3ria (no centro) 100% ocupado. S\u00f3 \u00e9 enterrado quem possuir Jazigo Perp\u00e9tuo.<\/p><\/div>\n<div id=\"attachment_62964\" style=\"width: 310px\" class=\"wp-caption aligncenter\"><a href=\"http:\/\/www.r2cpress.com.br\/v1\/wp-content\/uploads\/44.jpeg\"><img aria-describedby=\"caption-attachment-62964\" loading=\"lazy\" src=\"http:\/\/www.r2cpress.com.br\/v1\/wp-content\/uploads\/44-300x200.jpeg\" alt=\"O Cemit\u00e9rio do Pontal j\u00e1 est\u00e1 com 80% de sua ocupa\u00e7\u00e3o. Daqui a 2 anos n\u00e3o existir\u00e1 mais lugar, nossa \u201csalva\u00e7\u00e3o\u201d ser\u00e1 o Cemit\u00e9rio do ALTO DO BASILIO.\" width=\"300\" height=\"200\" class=\"size-medium wp-image-62964\" srcset=\"https:\/\/www.r2cpress.com.br\/v1\/wp-content\/uploads\/44-300x200.jpeg 300w, https:\/\/www.r2cpress.com.br\/v1\/wp-content\/uploads\/44.jpeg 700w\" sizes=\"(max-width: 300px) 100vw, 300px\" \/><\/a><p id=\"caption-attachment-62964\" class=\"wp-caption-text\">O Cemit\u00e9rio do Pontal j\u00e1 est\u00e1 com 80% de sua ocupa\u00e7\u00e3o. Daqui a 2 anos n\u00e3o existir\u00e1 mais lugar, nossa \u201csalva\u00e7\u00e3o\u201d ser\u00e1 o Cemit\u00e9rio do ALTO DO BASILIO.<\/p><\/div>\n<div id=\"attachment_62965\" style=\"width: 310px\" class=\"wp-caption aligncenter\"><a href=\"http:\/\/www.r2cpress.com.br\/v1\/wp-content\/uploads\/54.jpeg\"><img aria-describedby=\"caption-attachment-62965\" loading=\"lazy\" src=\"http:\/\/www.r2cpress.com.br\/v1\/wp-content\/uploads\/54-300x199.jpeg\" alt=\"Tudo que vejo de bom La fora, desejo que aconte\u00e7a na minha querida cidade de ILH\u00c9US. Na foto acima: CEMIT\u00c9RIO DAS FLORES em JUAZEIRO DO NORTE. (Foto: 29-03-2013). ILH\u00c9US j\u00e1 n\u00e3o podia ter um igual?\" width=\"300\" height=\"199\" class=\"size-medium wp-image-62965\" srcset=\"https:\/\/www.r2cpress.com.br\/v1\/wp-content\/uploads\/54-300x199.jpeg 300w, https:\/\/www.r2cpress.com.br\/v1\/wp-content\/uploads\/54.jpeg 700w\" sizes=\"(max-width: 300px) 100vw, 300px\" \/><\/a><p id=\"caption-attachment-62965\" class=\"wp-caption-text\">Tudo que vejo de bom La fora, desejo que aconte\u00e7a na minha querida cidade de ILH\u00c9US. Na foto acima: CEMIT\u00c9RIO DAS FLORES em JUAZEIRO DO NORTE. (Foto: 29-03-2013). ILH\u00c9US j\u00e1 n\u00e3o podia ter um igual?<\/p><\/div>\n<div id=\"attachment_62966\" style=\"width: 310px\" class=\"wp-caption aligncenter\"><a href=\"http:\/\/www.r2cpress.com.br\/v1\/wp-content\/uploads\/65.jpeg\"><img aria-describedby=\"caption-attachment-62966\" loading=\"lazy\" src=\"http:\/\/www.r2cpress.com.br\/v1\/wp-content\/uploads\/65-300x199.jpeg\" alt=\"Nesse Jazigo com o jarro de flores rosa, est\u00e1 Sepultado o meu saudoso e inesquec\u00edvel amigo FRANCISCO JOS\u00c9 \u201cQUIRINO\u201d. (Foto: CEMIT\u00c9RIO DAS FLORES 29-03-2013).\" width=\"300\" height=\"199\" class=\"size-medium wp-image-62966\" srcset=\"https:\/\/www.r2cpress.com.br\/v1\/wp-content\/uploads\/65-300x199.jpeg 300w, https:\/\/www.r2cpress.com.br\/v1\/wp-content\/uploads\/65.jpeg 700w\" sizes=\"(max-width: 300px) 100vw, 300px\" \/><\/a><p id=\"caption-attachment-62966\" class=\"wp-caption-text\">Nesse Jazigo com o jarro de flores rosa, est\u00e1 Sepultado o meu saudoso e inesquec\u00edvel amigo FRANCISCO JOS\u00c9 \u201cQUIRINO\u201d. (Foto: CEMIT\u00c9RIO DAS FLORES 29-03-2013).<\/p><\/div>\n<p><b><center>VISITA DE UM GOVERNADOR DA BAHIA \u00c0 ASSOCIA\u00c7\u00c3O COMERCIAL DE ILH\u00c9US<\/center><\/b><\/p>\n<p>LUIZ VIANA FILHO nasceu em PARIS (FRAN\u00c7A) em 28-03-1908, mas foi registrado em SALVADOR. Professor, Historiador e Pol\u00edtico, governou o ESTADO DA BAHIA de 1967 a 1971. Em sua homenagem existe em SALVADOR a AVENIDA LUIZ VIANA FILHO mais conhecida como Avenida PARALELA. LUIZ VIANA FILHO faleceu em 05-06-1990.<\/p>\n<div id=\"attachment_62967\" style=\"width: 310px\" class=\"wp-caption aligncenter\"><a href=\"http:\/\/www.r2cpress.com.br\/v1\/wp-content\/uploads\/75.jpeg\"><img aria-describedby=\"caption-attachment-62967\" loading=\"lazy\" src=\"http:\/\/www.r2cpress.com.br\/v1\/wp-content\/uploads\/75-300x229.jpeg\" alt=\"Em 1967 o governador LUIZ VIANA FILHO viajou para ILH\u00c9US e fez uma visita a ASSOCIA\u00c7\u00c3O COMERCIAL DE ILH\u00c9US sendo recebido pelo presidente na \u00e9poca \u00c1LVARO MELLO VIEIRA. Na foto o Governador ao lado do Presidente admirando o lindo Vitral que fica no hall da escada de pr\u00e9dio da ACI. Aparecem tamb\u00e9m na foto: o saudoso Prefeito HERVAL SOLEDADE (fumando) e o baixinho \u00e9 o saudoso comerciante ACID\u00c1LIO MENDON\u00c7A.\" width=\"300\" height=\"229\" class=\"size-medium wp-image-62967\" srcset=\"https:\/\/www.r2cpress.com.br\/v1\/wp-content\/uploads\/75-300x229.jpeg 300w, https:\/\/www.r2cpress.com.br\/v1\/wp-content\/uploads\/75.jpeg 700w\" sizes=\"(max-width: 300px) 100vw, 300px\" \/><\/a><p id=\"caption-attachment-62967\" class=\"wp-caption-text\">Em 1967 o governador LUIZ VIANA FILHO viajou para ILH\u00c9US e fez uma visita a ASSOCIA\u00c7\u00c3O COMERCIAL DE ILH\u00c9US sendo recebido pelo presidente na \u00e9poca \u00c1LVARO MELLO VIEIRA. Na foto o Governador ao lado do Presidente admirando o lindo Vitral que fica no hall da escada de pr\u00e9dio da ACI. Aparecem tamb\u00e9m na foto: o saudoso Prefeito HERVAL SOLEDADE (fumando) e o baixinho \u00e9 o saudoso comerciante ACID\u00c1LIO MENDON\u00c7A.<\/p><\/div>\n<div id=\"attachment_62968\" style=\"width: 206px\" class=\"wp-caption aligncenter\"><a href=\"http:\/\/www.r2cpress.com.br\/v1\/wp-content\/uploads\/895.jpg\"><img aria-describedby=\"caption-attachment-62968\" loading=\"lazy\" src=\"http:\/\/www.r2cpress.com.br\/v1\/wp-content\/uploads\/895-196x300.jpg\" alt=\"O VITRAL da ACI que o governador LUIZ VIANA FILHO est\u00e1 admirando na foto anterior.\" width=\"196\" height=\"300\" class=\"size-medium wp-image-62968\" srcset=\"https:\/\/www.r2cpress.com.br\/v1\/wp-content\/uploads\/895-196x300.jpg 196w, https:\/\/www.r2cpress.com.br\/v1\/wp-content\/uploads\/895.jpg 300w\" sizes=\"(max-width: 196px) 100vw, 196px\" \/><\/a><p id=\"caption-attachment-62968\" class=\"wp-caption-text\">O VITRAL da ACI que o governador LUIZ VIANA FILHO est\u00e1 admirando na foto anterior.<\/p><\/div>\n<p><b><center>AS FOTOS DESTAQUES DA SEMANA<\/center><\/b><\/p>\n<div id=\"attachment_62969\" style=\"width: 310px\" class=\"wp-caption aligncenter\"><a href=\"http:\/\/www.r2cpress.com.br\/v1\/wp-content\/uploads\/95.jpeg\"><img aria-describedby=\"caption-attachment-62969\" loading=\"lazy\" src=\"http:\/\/www.r2cpress.com.br\/v1\/wp-content\/uploads\/95-300x199.jpeg\" alt=\"PROCURA-SE UMA CANCELA! QUEM SE LEMBRA? Colocada na cabeceira da Pista do Aeroporto  de ILH\u00c9US para parar os carros quando os avi\u00f5es decolassem ou pousassem. N\u00e3o deu certo.\" width=\"300\" height=\"199\" class=\"size-medium wp-image-62969\" srcset=\"https:\/\/www.r2cpress.com.br\/v1\/wp-content\/uploads\/95-300x199.jpeg 300w, https:\/\/www.r2cpress.com.br\/v1\/wp-content\/uploads\/95.jpeg 700w\" sizes=\"(max-width: 300px) 100vw, 300px\" \/><\/a><p id=\"caption-attachment-62969\" class=\"wp-caption-text\">PROCURA-SE UMA CANCELA! QUEM SE LEMBRA? Colocada na cabeceira da Pista do Aeroporto  de ILH\u00c9US para parar os carros quando os avi\u00f5es decolassem ou pousassem. N\u00e3o deu certo.<\/p><\/div>\n<div id=\"attachment_62970\" style=\"width: 310px\" class=\"wp-caption aligncenter\"><a href=\"http:\/\/www.r2cpress.com.br\/v1\/wp-content\/uploads\/105.jpeg\"><img aria-describedby=\"caption-attachment-62970\" loading=\"lazy\" src=\"http:\/\/www.r2cpress.com.br\/v1\/wp-content\/uploads\/105-300x270.jpeg\" alt=\"COMO O TEMPO MUDA! No meu tempo de crian\u00e7a, aprendi que \u00cdNDIO antes de dormir na OCA ou na TENDA escutava o cri-cri dos grilos e o cantar dos sapos, depois olhava para a lua e agradecia aos DEUSES. Hoje: Ar Condicionado, Frigobar, Chuveiro quente, Tv a cores com direito a novela das oito, tudo de gra\u00e7a! ASSIM \u00c9 BOM DEMAIS! \" width=\"300\" height=\"270\" class=\"size-medium wp-image-62970\" srcset=\"https:\/\/www.r2cpress.com.br\/v1\/wp-content\/uploads\/105-300x270.jpeg 300w, https:\/\/www.r2cpress.com.br\/v1\/wp-content\/uploads\/105.jpeg 700w\" sizes=\"(max-width: 300px) 100vw, 300px\" \/><\/a><p id=\"caption-attachment-62970\" class=\"wp-caption-text\">COMO O TEMPO MUDA!<br \/>No meu tempo de crian\u00e7a, aprendi que \u00cdNDIO antes de dormir na OCA ou na TENDA escutava o cri-cri dos grilos e o cantar dos sapos, depois olhava para a lua e agradecia aos DEUSES. Hoje: Ar Condicionado, Frigobar, Chuveiro quente, Tv a cores com direito a novela das oito, tudo de gra\u00e7a! ASSIM \u00c9 BOM DEMAIS!<br \/><\/p><\/div>\n<div id=\"attachment_62971\" style=\"width: 310px\" class=\"wp-caption aligncenter\"><a href=\"http:\/\/www.r2cpress.com.br\/v1\/wp-content\/uploads\/115.jpeg\"><img aria-describedby=\"caption-attachment-62971\" loading=\"lazy\" src=\"http:\/\/www.r2cpress.com.br\/v1\/wp-content\/uploads\/115-300x238.jpeg\" alt=\"E l\u00e1 se v\u00e3o 20 anos! Posse da Diretoria da ASSOCIA\u00c7\u00c3O COMERCIAL DE ILH\u00c9US. Na foto da esquerda para a direita. TENISSON NABUCO, PEDRO LAVIGNE (Ex. Presidente), JOS\u00c9 LEITE, o saudoso Dr. ARISTON CARDOSO, GET\u00daLIO CARVALHO, CARLOS BASTOS e ALBERTO ALBALHI assumindo a Presid\u00eancia da ACI. (Foto: Janeiro\/1993).\" width=\"300\" height=\"238\" class=\"size-medium wp-image-62971\" srcset=\"https:\/\/www.r2cpress.com.br\/v1\/wp-content\/uploads\/115-300x238.jpeg 300w, https:\/\/www.r2cpress.com.br\/v1\/wp-content\/uploads\/115.jpeg 700w\" sizes=\"(max-width: 300px) 100vw, 300px\" \/><\/a><p id=\"caption-attachment-62971\" class=\"wp-caption-text\">E l\u00e1 se v\u00e3o 20 anos! Posse da Diretoria da ASSOCIA\u00c7\u00c3O COMERCIAL DE ILH\u00c9US. Na foto da esquerda para a direita. TENISSON NABUCO, PEDRO LAVIGNE (Ex. Presidente), JOS\u00c9 LEITE, o saudoso Dr. ARISTON CARDOSO, GET\u00daLIO CARVALHO, CARLOS BASTOS e ALBERTO ALBALHI assumindo a Presid\u00eancia da ACI. (Foto: Janeiro\/1993).<\/p><\/div>\n<div id=\"attachment_62972\" style=\"width: 310px\" class=\"wp-caption aligncenter\"><a href=\"http:\/\/www.r2cpress.com.br\/v1\/wp-content\/uploads\/125.jpeg\"><img aria-describedby=\"caption-attachment-62972\" loading=\"lazy\" src=\"http:\/\/www.r2cpress.com.br\/v1\/wp-content\/uploads\/125-300x254.jpeg\" alt=\"Essa mensagem n\u00e3o \u00e9 somente referente ao RIO S\u00c3O FRANCISCO, mas para todos os Rios Brasileiros.\" width=\"300\" height=\"254\" class=\"size-medium wp-image-62972\" srcset=\"https:\/\/www.r2cpress.com.br\/v1\/wp-content\/uploads\/125-300x254.jpeg 300w, https:\/\/www.r2cpress.com.br\/v1\/wp-content\/uploads\/125.jpeg 700w\" sizes=\"(max-width: 300px) 100vw, 300px\" \/><\/a><p id=\"caption-attachment-62972\" class=\"wp-caption-text\">Essa mensagem n\u00e3o \u00e9 somente referente ao RIO S\u00c3O FRANCISCO, mas para todos os Rios Brasileiros.<\/p><\/div>\n<div id=\"attachment_62973\" style=\"width: 310px\" class=\"wp-caption aligncenter\"><a href=\"http:\/\/www.r2cpress.com.br\/v1\/wp-content\/uploads\/135.jpeg\"><img aria-describedby=\"caption-attachment-62973\" loading=\"lazy\" src=\"http:\/\/www.r2cpress.com.br\/v1\/wp-content\/uploads\/135-300x203.jpeg\" alt=\"Foto clicada depois de um delicioso almo\u00e7o numa das maiores coberturas e com visual de 360\u00ba graus da cidade de SALVADOR pertencente ao Ex. Prefeito de IPIA\u00da e grande empres\u00e1rio JOS\u00c9 MENDON\u00c7A que aparece na foto com o Prefeito atual de ILH\u00c9US JABES RIBEIRO e JOS\u00c9 LEITE.\" width=\"300\" height=\"203\" class=\"size-medium wp-image-62973\" srcset=\"https:\/\/www.r2cpress.com.br\/v1\/wp-content\/uploads\/135-300x203.jpeg 300w, https:\/\/www.r2cpress.com.br\/v1\/wp-content\/uploads\/135.jpeg 700w\" sizes=\"(max-width: 300px) 100vw, 300px\" \/><\/a><p id=\"caption-attachment-62973\" class=\"wp-caption-text\">Foto clicada depois de um delicioso almo\u00e7o numa das maiores coberturas e com visual de 360\u00ba graus da cidade de SALVADOR pertencente ao Ex. Prefeito de IPIA\u00da e grande empres\u00e1rio JOS\u00c9 MENDON\u00c7A que aparece na foto com o Prefeito atual de ILH\u00c9US JABES RIBEIRO e JOS\u00c9 LEITE.<\/p><\/div>\n<div id=\"attachment_62974\" style=\"width: 209px\" class=\"wp-caption aligncenter\"><a href=\"http:\/\/www.r2cpress.com.br\/v1\/wp-content\/uploads\/143.jpeg\"><img aria-describedby=\"caption-attachment-62974\" loading=\"lazy\" src=\"http:\/\/www.r2cpress.com.br\/v1\/wp-content\/uploads\/143-199x300.jpeg\" alt=\"Mais um amigo que se vai! NILTON GALV\u00c3O faleceu em ITABUNA, era procurador aposentado da PREVIDENCIA SOCIAL e Ex. Professor da UESC. MILTON GALV\u00c3O era o cliente n\u00ba 1 do ABC da noite e muito amigo do propriet\u00e1rio CABOCLO ALENCAR. Um detalhe: NILTON era irm\u00e3o do saudoso ESTILISTA NEY GALV\u00c3O, muito famoso na d\u00e9cada 1980. DESCANSE EM PAZ MEU QUERIDO AMIGO!\" width=\"199\" height=\"300\" class=\"size-medium wp-image-62974\" srcset=\"https:\/\/www.r2cpress.com.br\/v1\/wp-content\/uploads\/143-199x300.jpeg 199w, https:\/\/www.r2cpress.com.br\/v1\/wp-content\/uploads\/143.jpeg 365w\" sizes=\"(max-width: 199px) 100vw, 199px\" \/><\/a><p id=\"caption-attachment-62974\" class=\"wp-caption-text\">Mais um amigo que se vai! NILTON GALV\u00c3O faleceu em ITABUNA, era procurador aposentado da PREVIDENCIA SOCIAL e Ex. Professor da UESC. MILTON GALV\u00c3O era o cliente n\u00ba 1 do ABC da noite e muito amigo do propriet\u00e1rio CABOCLO ALENCAR. Um detalhe: NILTON era irm\u00e3o do saudoso ESTILISTA NEY GALV\u00c3O, muito famoso na d\u00e9cada 1980. DESCANSE EM PAZ MEU QUERIDO AMIGO!<\/p><\/div>\n<p><b><center>E NO MAIS&#8230;<\/center><\/b><\/p>\n<div id=\"attachment_62975\" style=\"width: 310px\" class=\"wp-caption aligncenter\"><a href=\"http:\/\/www.r2cpress.com.br\/v1\/wp-content\/uploads\/155.jpeg\"><img aria-describedby=\"caption-attachment-62975\" loading=\"lazy\" src=\"http:\/\/www.r2cpress.com.br\/v1\/wp-content\/uploads\/155-300x198.jpeg\" alt=\"Conheci EDUARDO O ENGRAXATE MAIS ELEGANTE DE ILH\u00c9US, de terno, gravata, rel\u00f3gio dourado e \u00e9 claro, sapato brilhando, engraxou meus sapatos e s\u00f3 cobrou R$ 3,00. Paguei e dei mais R$ 2 reais de gorjeta. Se voc\u00ea o encontrar, mande-o engraxar seus sapatos tamb\u00e9m. ELE MERECE! \" width=\"300\" height=\"198\" class=\"size-medium wp-image-62975\" srcset=\"https:\/\/www.r2cpress.com.br\/v1\/wp-content\/uploads\/155-300x198.jpeg 300w, https:\/\/www.r2cpress.com.br\/v1\/wp-content\/uploads\/155.jpeg 700w\" sizes=\"(max-width: 300px) 100vw, 300px\" \/><\/a><p id=\"caption-attachment-62975\" class=\"wp-caption-text\">Conheci EDUARDO O ENGRAXATE MAIS ELEGANTE DE ILH\u00c9US, de terno, gravata, rel\u00f3gio dourado e \u00e9 claro, sapato brilhando, engraxou meus sapatos e s\u00f3 cobrou R$ 3,00. Paguei e dei mais R$ 2 reais de gorjeta.<br \/>Se voc\u00ea o encontrar, mande-o engraxar seus sapatos tamb\u00e9m. ELE MERECE!<br \/><\/p><\/div>\n<p>&#8212;<br \/>\nTexto e foto: Jos\u00e9 Leite de Souza<br \/>\njleitesouza@hotmail.com<br \/>\n(73) 3634-3134<\/p>\n","protected":false},"excerpt":{"rendered":"<p>1) NOSSA SALVA\u00c7\u00c3O SER\u00c1 O CEMIT\u00c9RIO DO BASILIO. 2) VISITA DE UM GOVERNADOR DA BAHIA A ASSOCIA\u00c7\u00c3O COMERCIAL DE ILH\u00c9US 3) AS FOTOS DESTAQUES DA SEMANA.<\/p>\n","protected":false},"author":2,"featured_media":0,"comment_status":"open","ping_status":"open","sticky":false,"template":"","format":"standard","meta":{"_links_to":"","_links_to_target":""},"categories":[10],"tags":[],"_links":{"self":[{"href":"https:\/\/www.r2cpress.com.br\/v1\/wp-json\/wp\/v2\/posts\/62960"}],"collection":[{"href":"https:\/\/www.r2cpress.com.br\/v1\/wp-json\/wp\/v2\/posts"}],"about":[{"href":"https:\/\/www.r2cpress.com.br\/v1\/wp-json\/wp\/v2\/types\/post"}],"author":[{"embeddable":true,"href":"https:\/\/www.r2cpress.com.br\/v1\/wp-json\/wp\/v2\/users\/2"}],"replies":[{"embeddable":true,"href":"https:\/\/www.r2cpress.com.br\/v1\/wp-json\/wp\/v2\/comments?post=62960"}],"version-history":[{"count":6,"href":"https:\/\/www.r2cpress.com.br\/v1\/wp-json\/wp\/v2\/posts\/62960\/revisions"}],"predecessor-version":[{"id":62981,"href":"https:\/\/www.r2cpress.com.br\/v1\/wp-json\/wp\/v2\/posts\/62960\/revisions\/62981"}],"wp:attachment":[{"href":"https:\/\/www.r2cpress.com.br\/v1\/wp-json\/wp\/v2\/media?parent=62960"}],"wp:term":[{"taxonomy":"category","embeddable":true,"href":"https:\/\/www.r2cpress.com.br\/v1\/wp-json\/wp\/v2\/categories?post=62960"},{"taxonomy":"post_tag","embeddable":true,"href":"https:\/\/www.r2cpress.com.br\/v1\/wp-json\/wp\/v2\/tags?post=62960"}],"curies":[{"name":"wp","href":"https:\/\/api.w.org\/{rel}","templated":true}]}}