{"id":62982,"date":"2013-04-12T21:20:10","date_gmt":"2013-04-13T00:20:10","guid":{"rendered":"http:\/\/www.r2cpress.com.br\/v1\/?p=62982"},"modified":"2013-04-12T21:20:10","modified_gmt":"2013-04-13T00:20:10","slug":"prefeitura-de-ilheus-abre-vagas-para-professor-substituto","status":"publish","type":"post","link":"https:\/\/www.r2cpress.com.br\/v1\/2013\/04\/12\/prefeitura-de-ilheus-abre-vagas-para-professor-substituto\/","title":{"rendered":"Prefeitura de Ilh\u00e9us abre vagas para professor substituto"},"content":{"rendered":"<p>A Prefeitura de Ilh\u00e9us, atrav\u00e9s da Secretaria Municipal de Administra\u00e7\u00e3o, abre inscri\u00e7\u00f5es para o processo seletivo para contrata\u00e7\u00e3o de professor substituto. S\u00e3o 158 vagas para profissionais da Educa\u00e7\u00e3o Infantil, Ensino Fundamental I, Educa\u00e7\u00e3o de Jovens e Adultos (EJA) e Int\u00e9rprete de Libras. Interessados devem efetuar as inscri\u00e7\u00f5es na Secretaria Municipal de Educa\u00e7\u00e3o (Seduc) \u2013 Av. Soares Lopes, n\u00ba 840, Centro, Ilh\u00e9us, Bahia \u2013 nos dias 12, 15 e 16 deste m\u00eas de abril, no per\u00edodo das 9 \u00e0s 11h30 e das 14 \u00e0s 17h30.<\/p>\n<p>No ato da inscri\u00e7\u00e3o, o candidato dever\u00e1 apresentar o curr\u00edculo vitae, devidamente comprovado, inclusive experi\u00eancia na doc\u00eancia e em Int\u00e9rprete de Libras; ficha de inscri\u00e7\u00e3o, dispon\u00edvel no anexo \u00fanico do edital N\u00ba 01, de 11\/04\/13 no site  www.ioe.org.br\/prefeitura\/ilheus, preenchida e assinada; diploma ou certificado de licenciatura em curso de Pedagogia ou Normal Superior para a Educa\u00e7\u00e3o Infantil, Ensino Fundamental I e EJA e gradua\u00e7\u00e3o em \u00e1reas afins \u00e0 educa\u00e7\u00e3o ou Ensino M\u00e9dio Completo. Os candidatos \u00e0 vaga de Int\u00e9rprete de Libras devem apresentar o certificado de habilidade espec\u00edfica para ocupar o cargo. As inscri\u00e7\u00f5es tamb\u00e9m podem ser realizadas por meio de procura\u00e7\u00e3o p\u00fablica. A entrega dos documentos s\u00f3 ser\u00e1 aceita no ato da inscri\u00e7\u00e3o.<\/p>\n<p>Processo seletivo \u2013 O processo seletivo ser\u00e1 constitu\u00eddo por an\u00e1lise do Curr\u00edculo Vitae. Os crit\u00e9rios de pontua\u00e7\u00e3o ser\u00e3o definidos pela Comiss\u00e3o de Avalia\u00e7\u00e3o de Curr\u00edculos e\/ou Hist\u00f3rico Escolar, constitu\u00edda para este fim. Os aprovados ser\u00e3o lotados na Seduc, em regime de trabalho de 20 ou 40 horas, com remunera\u00e7\u00e3o de R$ 1.623,57 e R$ 811,79, respectivamente, para professores com n\u00edvel superior. Em caso do professor com ensino m\u00e9dio completo, a remunera\u00e7\u00e3o \u00e9 de R$ 1.451,00 (40 horas) e R$ 725,50 (20 horas). Validade \u2013 O processo seletivo ter\u00e1 validade de seis meses, contando a partir da data da publica\u00e7\u00e3o do Edital de Homologa\u00e7\u00e3o de Resultado Final na Imprensa Oficial do Munic\u00edpio &#8211; www.ioe.org.br\/prefeitura\/ilheus. De acordo com a necessidade da Institui\u00e7\u00e3o, a jornada de trabalho dos candidatos selecionados poder\u00e1 ser cumprida nos turnos diurno e\/ou noturno.<\/p>\n<p>N\u00e3o poder\u00e1 ser contratado o candidato integrante das carreiras de magist\u00e9rio das Institui\u00e7\u00f5es Municipais de Ensino ressalvados as hip\u00f3teses permitidas em lei. As demais informa\u00e7\u00f5es encontram-se \u00e0 disposi\u00e7\u00e3o dos interessados na Seduc e no site do munic\u00edpio.<\/p>\n<p>&#8212;<br \/>\nSecretaria de Comunica\u00e7\u00e3o Social (Secom)<br \/>\nIlh\u00e9us \u2013 12.04.2013<\/p>\n","protected":false},"excerpt":{"rendered":"<p>A Prefeitura de Ilh\u00e9us, atrav\u00e9s da Secretaria Municipal de Administra\u00e7\u00e3o, abre inscri\u00e7\u00f5es para o processo seletivo para contrata\u00e7\u00e3o de professor substituto. S\u00e3o 158 vagas para profissionais da Educa\u00e7\u00e3o Infantil, Ensino Fundamental I, Educa\u00e7\u00e3o de Jovens e Adultos (EJA) e Int\u00e9rprete de Libras. Interessados devem efetuar as inscri\u00e7\u00f5es na Secretaria Municipal de Educa\u00e7\u00e3o (Seduc) \u2013 Av. [&hellip;]<\/p>\n","protected":false},"author":2,"featured_media":0,"comment_status":"open","ping_status":"open","sticky":false,"template":"","format":"standard","meta":{"_links_to":"","_links_to_target":""},"categories":[23],"tags":[],"_links":{"self":[{"href":"https:\/\/www.r2cpress.com.br\/v1\/wp-json\/wp\/v2\/posts\/62982"}],"collection":[{"href":"https:\/\/www.r2cpress.com.br\/v1\/wp-json\/wp\/v2\/posts"}],"about":[{"href":"https:\/\/www.r2cpress.com.br\/v1\/wp-json\/wp\/v2\/types\/post"}],"author":[{"embeddable":true,"href":"https:\/\/www.r2cpress.com.br\/v1\/wp-json\/wp\/v2\/users\/2"}],"replies":[{"embeddable":true,"href":"https:\/\/www.r2cpress.com.br\/v1\/wp-json\/wp\/v2\/comments?post=62982"}],"version-history":[{"count":2,"href":"https:\/\/www.r2cpress.com.br\/v1\/wp-json\/wp\/v2\/posts\/62982\/revisions"}],"predecessor-version":[{"id":62984,"href":"https:\/\/www.r2cpress.com.br\/v1\/wp-json\/wp\/v2\/posts\/62982\/revisions\/62984"}],"wp:attachment":[{"href":"https:\/\/www.r2cpress.com.br\/v1\/wp-json\/wp\/v2\/media?parent=62982"}],"wp:term":[{"taxonomy":"category","embeddable":true,"href":"https:\/\/www.r2cpress.com.br\/v1\/wp-json\/wp\/v2\/categories?post=62982"},{"taxonomy":"post_tag","embeddable":true,"href":"https:\/\/www.r2cpress.com.br\/v1\/wp-json\/wp\/v2\/tags?post=62982"}],"curies":[{"name":"wp","href":"https:\/\/api.w.org\/{rel}","templated":true}]}}