{"id":63052,"date":"2013-04-14T19:36:12","date_gmt":"2013-04-14T22:36:12","guid":{"rendered":"http:\/\/www.r2cpress.com.br\/v1\/?p=63052"},"modified":"2013-04-15T10:34:25","modified_gmt":"2013-04-15T13:34:25","slug":"plenaria-do-sao-caetano-reune-novos-filiados-petistas-e-debate-projeto","status":"publish","type":"post","link":"https:\/\/www.r2cpress.com.br\/v1\/2013\/04\/14\/plenaria-do-sao-caetano-reune-novos-filiados-petistas-e-debate-projeto\/","title":{"rendered":"Plen\u00e1ria do S\u00e3o Caetano re\u00fane novos filiados petistas e debate projeto"},"content":{"rendered":"<p>O sal\u00e3o da Igreja Santa Rita no bairro S\u00e3o Caetano em Itabuna, foi palco de debates e constituiu um espa\u00e7o privilegiado para forma\u00e7\u00e3o pol\u00edtica dos novos militantes petistas.<\/p>\n<div id=\"attachment_63053\" style=\"width: 510px\" class=\"wp-caption aligncenter\"><a href=\"http:\/\/www.r2cpress.com.br\/v1\/wp-content\/uploads\/Plenaria_form_PT_SRita_14_04_13.jpg\"><img aria-describedby=\"caption-attachment-63053\" loading=\"lazy\" src=\"http:\/\/www.r2cpress.com.br\/v1\/wp-content\/uploads\/Plenaria_form_PT_SRita_14_04_13.jpg\" alt=\"Plenaria_form_PT_SRita_14_04_13.\" width=\"500\" height=\"296\" class=\"size-full wp-image-63053\" srcset=\"https:\/\/www.r2cpress.com.br\/v1\/wp-content\/uploads\/Plenaria_form_PT_SRita_14_04_13.jpg 500w, https:\/\/www.r2cpress.com.br\/v1\/wp-content\/uploads\/Plenaria_form_PT_SRita_14_04_13-300x177.jpg 300w\" sizes=\"(max-width: 500px) 100vw, 500px\" \/><\/a><p id=\"caption-attachment-63053\" class=\"wp-caption-text\">Plenaria_form_PT_SRita_14_04_13.<\/p><\/div>\n<p>Esta foi a 4\u00aa plen\u00e1ria de forma\u00e7\u00e3o prevista no calend\u00e1rio do Diret\u00f3rio Municipal do PT que atente as regras do Processo de Elei\u00e7\u00e3o Diretas(PED), 2013. Participaram al\u00e9m dos novos filiados, os veteranos, a Comiss\u00e3o Executiva municipal, vereadores, dirigentes estaduais e simpatizantes que foram ao encontro na tarde deste \u00faltimo s\u00e1bado, 13\/04.<\/p>\n<p>A palestra da forma\u00e7\u00e3o ficou por conta de Murilo Brito, Secret\u00e1rio Estadual de Forma\u00e7\u00e3o do PT.  Na ocasi\u00e3o o dirigente ap\u00f3s explicar a estrutura de organiza\u00e7\u00e3o partid\u00e1ria, sugeriu um amplo debate para a constru\u00e7\u00e3o de projeto pol\u00edtico que seja capaz de tirar Itabuna do atraso social e econ\u00f4mico dos \u00faltimos oito anos.<\/p>\n","protected":false},"excerpt":{"rendered":"<p>O sal\u00e3o da Igreja Santa Rita no bairro S\u00e3o Caetano em Itabuna, foi palco de debates e constituiu um espa\u00e7o privilegiado para forma\u00e7\u00e3o pol\u00edtica dos novos militantes petistas. Esta foi a 4\u00aa plen\u00e1ria de forma\u00e7\u00e3o prevista no calend\u00e1rio do Diret\u00f3rio Municipal do PT que atente as regras do Processo de Elei\u00e7\u00e3o Diretas(PED), 2013. Participaram al\u00e9m [&hellip;]<\/p>\n","protected":false},"author":2,"featured_media":0,"comment_status":"open","ping_status":"open","sticky":false,"template":"","format":"standard","meta":{"_links_to":"","_links_to_target":""},"categories":[15],"tags":[],"_links":{"self":[{"href":"https:\/\/www.r2cpress.com.br\/v1\/wp-json\/wp\/v2\/posts\/63052"}],"collection":[{"href":"https:\/\/www.r2cpress.com.br\/v1\/wp-json\/wp\/v2\/posts"}],"about":[{"href":"https:\/\/www.r2cpress.com.br\/v1\/wp-json\/wp\/v2\/types\/post"}],"author":[{"embeddable":true,"href":"https:\/\/www.r2cpress.com.br\/v1\/wp-json\/wp\/v2\/users\/2"}],"replies":[{"embeddable":true,"href":"https:\/\/www.r2cpress.com.br\/v1\/wp-json\/wp\/v2\/comments?post=63052"}],"version-history":[{"count":4,"href":"https:\/\/www.r2cpress.com.br\/v1\/wp-json\/wp\/v2\/posts\/63052\/revisions"}],"predecessor-version":[{"id":63070,"href":"https:\/\/www.r2cpress.com.br\/v1\/wp-json\/wp\/v2\/posts\/63052\/revisions\/63070"}],"wp:attachment":[{"href":"https:\/\/www.r2cpress.com.br\/v1\/wp-json\/wp\/v2\/media?parent=63052"}],"wp:term":[{"taxonomy":"category","embeddable":true,"href":"https:\/\/www.r2cpress.com.br\/v1\/wp-json\/wp\/v2\/categories?post=63052"},{"taxonomy":"post_tag","embeddable":true,"href":"https:\/\/www.r2cpress.com.br\/v1\/wp-json\/wp\/v2\/tags?post=63052"}],"curies":[{"name":"wp","href":"https:\/\/api.w.org\/{rel}","templated":true}]}}