{"id":6311,"date":"2011-01-11T18:31:53","date_gmt":"2011-01-11T21:31:53","guid":{"rendered":"http:\/\/www.r2cpress.com.br\/v1\/?p=6311"},"modified":"2011-01-11T18:31:53","modified_gmt":"2011-01-11T21:31:53","slug":"ministerio-da-justica-aprova-projeto-da-setrans-%e2%80%93-ilheus","status":"publish","type":"post","link":"https:\/\/www.r2cpress.com.br\/v1\/2011\/01\/11\/ministerio-da-justica-aprova-projeto-da-setrans-%e2%80%93-ilheus\/","title":{"rendered":"Minist\u00e9rio da Justi\u00e7a aprova projeto da Setrans \u2013 Ilh\u00e9us"},"content":{"rendered":"<p>Aprovado pelo Minist\u00e9rio da Justi\u00e7a projeto que visa a forma\u00e7\u00e3o e inclus\u00e3o social de jovens expostos a viol\u00eancia ou que vivam nas ruas. Segundo o Secret\u00e1rio Marcelo Barreto, o projeto est\u00e1 com recurso liberado pela Uni\u00e3o com dinheiro j\u00e1 na conta do munic\u00edpio na ordem de R$ 540.000,00 e ser\u00e1 desenvolvido no bairro do Teot\u00f4nio Vilela. O pr\u00f3ximo passo \u00e9 dar cumprimento a Lei n.\u00ba 9.452, de 20\/03\/1997 que obriga o munic\u00edpio a notificar os partidos pol\u00edticos, os sindicatos de trabalhadores e as entidades empresariais sobre a chegada do recurso e dar in\u00edcio a execu\u00e7\u00e3o do plano de trabalho estabelecido no projeto.<\/p>\n<p><strong>Entenda o que \u00e9 o Protejo<\/strong><\/p>\n<p>Projeto de Prote\u00e7\u00e3o dos Jovens em Territ\u00f3rio Vulner\u00e1vel (Protejo) prestar\u00e1 assist\u00eancia, por meio de programas de forma\u00e7\u00e3o e inclus\u00e3o social, a jovens adolescentes expostos \u00e0 viol\u00eancia dom\u00e9stica ou urbana ou que vivam nas ruas. O trabalho ter\u00e1 dura\u00e7\u00e3o de um ano, prorrog\u00e1vel por mais um, e ter\u00e1 como foco a forma\u00e7\u00e3o da cidadania desses jovens por meio de atividades culturais, esportivas e educacionais que visem resgatar sua auto-estima e permitir que eles disseminem uma cultura de paz em suas comunidades.<\/p>\n","protected":false},"excerpt":{"rendered":"<p>Aprovado pelo Minist\u00e9rio da Justi\u00e7a projeto que visa a forma\u00e7\u00e3o e inclus\u00e3o social de jovens expostos a viol\u00eancia ou que vivam nas ruas. Segundo o Secret\u00e1rio Marcelo Barreto, o projeto est\u00e1 com recurso liberado pela Uni\u00e3o com dinheiro j\u00e1 na conta do munic\u00edpio na ordem de R$ 540.000,00 e ser\u00e1 desenvolvido no bairro do Teot\u00f4nio [&hellip;]<\/p>\n","protected":false},"author":2,"featured_media":0,"comment_status":"open","ping_status":"open","sticky":false,"template":"","format":"standard","meta":{"_links_to":"","_links_to_target":""},"categories":[25],"tags":[],"_links":{"self":[{"href":"https:\/\/www.r2cpress.com.br\/v1\/wp-json\/wp\/v2\/posts\/6311"}],"collection":[{"href":"https:\/\/www.r2cpress.com.br\/v1\/wp-json\/wp\/v2\/posts"}],"about":[{"href":"https:\/\/www.r2cpress.com.br\/v1\/wp-json\/wp\/v2\/types\/post"}],"author":[{"embeddable":true,"href":"https:\/\/www.r2cpress.com.br\/v1\/wp-json\/wp\/v2\/users\/2"}],"replies":[{"embeddable":true,"href":"https:\/\/www.r2cpress.com.br\/v1\/wp-json\/wp\/v2\/comments?post=6311"}],"version-history":[{"count":2,"href":"https:\/\/www.r2cpress.com.br\/v1\/wp-json\/wp\/v2\/posts\/6311\/revisions"}],"predecessor-version":[{"id":6313,"href":"https:\/\/www.r2cpress.com.br\/v1\/wp-json\/wp\/v2\/posts\/6311\/revisions\/6313"}],"wp:attachment":[{"href":"https:\/\/www.r2cpress.com.br\/v1\/wp-json\/wp\/v2\/media?parent=6311"}],"wp:term":[{"taxonomy":"category","embeddable":true,"href":"https:\/\/www.r2cpress.com.br\/v1\/wp-json\/wp\/v2\/categories?post=6311"},{"taxonomy":"post_tag","embeddable":true,"href":"https:\/\/www.r2cpress.com.br\/v1\/wp-json\/wp\/v2\/tags?post=6311"}],"curies":[{"name":"wp","href":"https:\/\/api.w.org\/{rel}","templated":true}]}}