{"id":6314,"date":"2011-01-12T00:01:02","date_gmt":"2011-01-12T03:01:02","guid":{"rendered":"http:\/\/www.r2cpress.com.br\/v1\/?p=6314"},"modified":"2011-01-11T18:38:44","modified_gmt":"2011-01-11T21:38:44","slug":"vou-cantar-te-nos-meus-versos","status":"publish","type":"post","link":"https:\/\/www.r2cpress.com.br\/v1\/2011\/01\/12\/vou-cantar-te-nos-meus-versos\/","title":{"rendered":"&#8220;Vou cantar-te nos meus versos&#8221;"},"content":{"rendered":"<p><img align = \"left\" src = \"http:\/\/www.r2cpress.com.br\/v1\/wp-content\/uploads\/Carlos-Brickmann.jpg\"\/>\u00c9 hora da Copa e dos Jogos Ol\u00edmpicos. Daqui em diante, \u00e9 hora de ONGs que apoiam o esporte, tiram crian\u00e7as das ruas, combatem drogas. Depois das festas, todas ser\u00e3o investigadas por desvio de dinheiro p\u00fablico. E sumir\u00e3o do mapa.<\/p>\n<p>Copa e Olimp\u00edadas v\u00e3o para a passarela. Gilberto Gil estar\u00e1 num carro aleg\u00f3rico, representando &#8220;o esp\u00edrito ol\u00edmpico visitando a P\u00e1tria do Esporte num dia de sol, ao raiar do fogo da vit\u00f3ria e homenageando o mamoeiro que d\u00e1 lim\u00e3o&#8221;.<\/p>\n<p>O desenho dos mascotes vai misturar um \u00edndio, o sol, ali\u00e1s parecid\u00edssimo com uma bola Jabulani, o Carnaval, tudo criado por Hans Donner e Oscar Niemeyer. O mascote se chamar\u00e1 &#8220;Ca\u00edque Boleiro&#8221;, ou &#8220;Maninho do Olimpo&#8221;.<\/p>\n<p><!--more--><\/p>\n<p>A tocha ol\u00edmpica ser\u00e1 roubada (seguindo o destino da Ta\u00e7a Jules Rimet). O carnavalesco da Beija-Flor, orientado por Jo\u00e3ozinho 30, far\u00e1 uma r\u00e9plica.<\/p>\n<p>Cl\u00e1udia Leitte e Ivete Sangalo cantar\u00e3o o Hino da Copa e o das Olimp\u00edadas, compostos por Latino. Em baixo do palco, centenas de pessoas exibir\u00e3o cartazes de cartolina, com a inscri\u00e7\u00e3o &#8220;Galv\u00e3o, filma n\u00f3is&#8221; e &#8220;100% Comunidade&#8221;.<\/p>\n<p>Vai faltar g\u00e1s para a tocha ol\u00edmpica. E aquele pedestal chiqu\u00e9rrimo para a bola da Copa n\u00e3o chega at\u00e9 a semifinal.<\/p>\n<p>Um vira-lata simpatic\u00edssimo vai furar a seguran\u00e7a e confraternizar com os atletas. Ser\u00e1 batizado de Copinha e virar\u00e1 mascote, com direito a ficar no Maracan\u00e3. Ser\u00e1 adotado por um ex-ministro, que dir\u00e1 que cachorro tamb\u00e9m \u00e9 gente.<\/p>\n<p>Uma m\u00fasica de sucesso: &#8220;Segura na minha tocha que eu acendo a sua pira&#8221;.<\/p>\n<p><em><strong>Preced\u00eancia<br \/>\n<\/strong><\/em><br \/>\nO logotipo ol\u00edmpico \u00e9 genuinamente brasileiro, genuinamente criativo, genuinamente original. Quem o copiou foi o pintor Matisse, s\u00f3 que alguns anos antes.<\/p>\n<p><em><strong>Recordar \u00e9 viver<\/strong><\/em><\/p>\n<p>Em seu primeiro mandato, o presidente Lula rejeitou a maior parte dos pedidos do PMDB por posi\u00e7\u00f5es no Governo, chegando a desautorizar seu principal articulador pol\u00edtico, o chefe da Casa Civil Jos\u00e9 Dirceu. Resultado: para conseguir apoio no Congresso, houve necessidade de outro tipo de compensa\u00e7\u00e3o politica, o que acabou levando ao esc\u00e2ndalo do Mensal\u00e3o (que um dia, dizem, ser\u00e1 julgado). E Severino Cavalcanti derrotou o candidato oficial \u00e0 Presid\u00eancia da C\u00e2mara.<\/p>\n<p>Agora, o PMDB parece muito inquieto, julgando-se prejudicado na divis\u00e3o dos cargos do Governo Dilma. E, por coincid\u00eancia, surgem candidatos independentes \u00e0 Presid\u00eancia da C\u00e2mara, amea\u00e7ando a vit\u00f3ria do candidato oficial.<\/p>\n<p><em><strong>Acusados e acusadores<\/strong><\/em><\/p>\n<p>A den\u00fancia de superfaturamento na merenda escolar de Pindamonhangaba, SP, que resvala na fam\u00edlia do governador Geraldo Alckmin, \u00e9 relatada no Tribunal de Contas do Estado pelo conselheiro Robson Marinho &#8211; ele tamb\u00e9m investigado, pelo Minist\u00e9rio P\u00fablico, por acusa\u00e7\u00e3o de participar do esc\u00e2ndalo da Alstom. Conta banc\u00e1ria atribu\u00edda a ele est\u00e1 bloqueada na Su\u00ed\u00e7a. A prop\u00f3sito, fala-se em &#8220;merenda escolar&#8221; e parece coisa pequena. Mas \u00e9 coisa de R$ 7 milh\u00f5es.<\/p>\n<p><em><strong>Bobo ele, n\u00e3o?<\/strong><\/em><\/p>\n<p>Ao deixar o cargo de presidente dos Estados Unidos, Harry S. Truman saiu da Casa Branca e o motorista da limusine presidencial lhe abriu a porta. Truman explicou-lhe que j\u00e1 n\u00e3o era presidente, e portanto n\u00e3o poderia usar o carro oficial. Mandou chamar um t\u00e1xi.<\/p>\n<p>Deve ser chat\u00edssimo aguentar um babaca desses.<\/p>\n<p><em><strong>Os filhos de Papai Noel<\/strong><\/em><\/p>\n<p>Como diz a espl\u00eandida can\u00e7\u00e3o de Assis Valente, &#8220;eu pensei que todo mundo fosse filho de Papai Noel&#8221;. N\u00e3o \u00e9 bem assim; mas o final de 2010 e o in\u00edcio de 2011 mostraram que Papai Noel tem seus filhos preferenciais. O Sol nasceu para todos, mas numa praia particular do Guaruj\u00e1, e de gra\u00e7a, s\u00f3 para os escolhidos.<\/p>\n<p><em><strong>Os bons companheiros<\/strong><\/em><\/p>\n<p>O ministro das Comunica\u00e7\u00f5es, Paulo Bernardo, tocou num ponto important\u00edssimo ao defender que pol\u00edticos sejam proibidos de ter concess\u00f5es de r\u00e1dio e TV. J\u00e1 s\u00e3o; tanto que o senador Jos\u00e9 Sarney, por exemplo, n\u00e3o tem concess\u00e3o alguma &#8211; embora seu filho Fernando, que dirige o imp\u00e9rio econ\u00f4mico da fam\u00edlia, as tenha em quantidade. \u00c9 assim que se opera, e \u00e9 esta brecha que \u00e9 preciso tapar: os pol\u00edticos s\u00e3o donos, mas oficialmente n\u00e3o s\u00e3o. As concess\u00f5es v\u00e3o para parentes e aliados. Agora, por exemplo, Rodrigo, filho do senador Romero Juc\u00e1 (l\u00edder do Governo Fernando Henrique, l\u00edder do Governo Lula, l\u00edder do Governo que o convidar) acaba de conseguir cinco concess\u00f5es de TV e uma de r\u00e1dio. \u00c9 desleal: como disputar elei\u00e7\u00f5es com um advers\u00e1rio que \u00e9 dono da TV e das r\u00e1dios?<\/p>\n<p><em><strong>Homem de paz<\/strong><\/em><\/p>\n<p>O empres\u00e1rio Cl\u00e9sio Andrade, do PR mineiro, que assume na vaga do falecido senador Eliseu Resende, garantiu seu apoio a Dilma: embora tenha sido vice do tucano A\u00e9cio Neves em seu primeiro mandato, embora seja suplente de um senador do DEM, diz que &#8220;n\u00e3o h\u00e1 hip\u00f3tese&#8221; de ficar com A\u00e9cio contra Dilma.<\/p>\n<p>Cl\u00e9sio Andrade diz a verdade: \u00e9 um homem de princ\u00edpios. Enquanto Dilma for o poder, e A\u00e9cio apenas uma perspectiva distante, fica com Dilma. Se A\u00e9cio crescer e tiver chances reais de vencer em 2014, a\u00ed Cl\u00e9sio se aproximar\u00e1 dele.<\/p>\n","protected":false},"excerpt":{"rendered":"<p>\u00c9 hora da Copa e dos Jogos Ol\u00edmpicos. Daqui em diante, \u00e9 hora de ONGs que apoiam o esporte, tiram crian\u00e7as das ruas, combatem drogas. Depois das festas, todas ser\u00e3o investigadas por desvio de dinheiro p\u00fablico. E sumir\u00e3o do mapa. Copa e Olimp\u00edadas v\u00e3o para a passarela. Gilberto Gil estar\u00e1 num carro aleg\u00f3rico, representando &#8220;o [&hellip;]<\/p>\n","protected":false},"author":2,"featured_media":0,"comment_status":"open","ping_status":"open","sticky":false,"template":"","format":"standard","meta":{"_links_to":"","_links_to_target":""},"categories":[12],"tags":[],"_links":{"self":[{"href":"https:\/\/www.r2cpress.com.br\/v1\/wp-json\/wp\/v2\/posts\/6314"}],"collection":[{"href":"https:\/\/www.r2cpress.com.br\/v1\/wp-json\/wp\/v2\/posts"}],"about":[{"href":"https:\/\/www.r2cpress.com.br\/v1\/wp-json\/wp\/v2\/types\/post"}],"author":[{"embeddable":true,"href":"https:\/\/www.r2cpress.com.br\/v1\/wp-json\/wp\/v2\/users\/2"}],"replies":[{"embeddable":true,"href":"https:\/\/www.r2cpress.com.br\/v1\/wp-json\/wp\/v2\/comments?post=6314"}],"version-history":[{"count":5,"href":"https:\/\/www.r2cpress.com.br\/v1\/wp-json\/wp\/v2\/posts\/6314\/revisions"}],"predecessor-version":[{"id":6319,"href":"https:\/\/www.r2cpress.com.br\/v1\/wp-json\/wp\/v2\/posts\/6314\/revisions\/6319"}],"wp:attachment":[{"href":"https:\/\/www.r2cpress.com.br\/v1\/wp-json\/wp\/v2\/media?parent=6314"}],"wp:term":[{"taxonomy":"category","embeddable":true,"href":"https:\/\/www.r2cpress.com.br\/v1\/wp-json\/wp\/v2\/categories?post=6314"},{"taxonomy":"post_tag","embeddable":true,"href":"https:\/\/www.r2cpress.com.br\/v1\/wp-json\/wp\/v2\/tags?post=6314"}],"curies":[{"name":"wp","href":"https:\/\/api.w.org\/{rel}","templated":true}]}}