{"id":63174,"date":"2013-04-16T14:24:29","date_gmt":"2013-04-16T17:24:29","guid":{"rendered":"http:\/\/www.r2cpress.com.br\/v1\/?p=63174"},"modified":"2013-04-16T14:24:29","modified_gmt":"2013-04-16T17:24:29","slug":"obras-de-reforma-dos-postos-de-saude-sao-retomadas-em-ilheus","status":"publish","type":"post","link":"https:\/\/www.r2cpress.com.br\/v1\/2013\/04\/16\/obras-de-reforma-dos-postos-de-saude-sao-retomadas-em-ilheus\/","title":{"rendered":"Obras de reforma dos postos de sa\u00fade s\u00e3o retomadas em Ilh\u00e9us"},"content":{"rendered":"<p>Paralisadas desde novembro do ano passado, as obras de reforma dos postos de sa\u00fade Herval Soledade (Pontal), do Banco da Vit\u00f3ria, Ilh\u00e9us II, do Nossa Senhora da Vit\u00f3ria, do Alto do Bas\u00edlio e do Iguape, ser\u00e3o retomadas esta semana, pela empresa respons\u00e1vel pelos servi\u00e7os, a SC Construtora Ltda. Por determina\u00e7\u00e3o do prefeito Jabes Ribeiro, os t\u00e9cnicos da secretaria de Sa\u00fade e do Setor de Obras da Secretaria de Desenvolvimento Urbano (Sedur) conclu\u00edram as negocia\u00e7\u00f5es com a empresa, que abandonou as obras, em 2012, alegando falta de pagamento da administra\u00e7\u00e3o anterior.<br \/>\n<div id=\"attachment_63175\" style=\"width: 510px\" class=\"wp-caption aligncenter\"><a href=\"http:\/\/www.r2cpress.com.br\/v1\/wp-content\/uploads\/Vistoria-t\u00e9cnica-aos-postos-de-sa\u00fade-Foto-Alfredo-Filho-Secom-2.jpg\"><img aria-describedby=\"caption-attachment-63175\" loading=\"lazy\" src=\"http:\/\/www.r2cpress.com.br\/v1\/wp-content\/uploads\/Vistoria-t\u00e9cnica-aos-postos-de-sa\u00fade-Foto-Alfredo-Filho-Secom-2.jpg\" alt=\"Vistoria t\u00e9cnica aos postos de sa\u00fade - Foto Alfredo Filho - Secom.\" width=\"500\" height=\"427\" class=\"size-full wp-image-63175\" srcset=\"https:\/\/www.r2cpress.com.br\/v1\/wp-content\/uploads\/Vistoria-t\u00e9cnica-aos-postos-de-sa\u00fade-Foto-Alfredo-Filho-Secom-2.jpg 500w, https:\/\/www.r2cpress.com.br\/v1\/wp-content\/uploads\/Vistoria-t\u00e9cnica-aos-postos-de-sa\u00fade-Foto-Alfredo-Filho-Secom-2-300x256.jpg 300w\" sizes=\"(max-width: 500px) 100vw, 500px\" \/><\/a><p id=\"caption-attachment-63175\" class=\"wp-caption-text\">Vistoria t\u00e9cnica aos postos de sa\u00fade &#8211; Foto Alfredo Filho &#8211; Secom.<\/p><\/div><br \/>\nAl\u00e9m de interromper as obras, o governo anterior n\u00e3o prestou conta dos recursos recebidos atrav\u00e9s de conv\u00eanio com o Governo Federal para reforma prediais em unidades do Programa de Sa\u00fade da Fam\u00edlia (PSF), o que prejudicou diretamente as comunidades desses bairros. \u201cEles desmontaram o sistema de sa\u00fade de maneira irrespons\u00e1vel, como atesta o relat\u00f3rio da auditoria realizada na secretaria. Por isso, j\u00e1 solicitamos ao Denasus que fa\u00e7a auditoria pr\u00f3pria e apure as responsabilidades diante desses problemas\u201d, afirmou o prefeito.<\/p>\n<p>Reestabelecimento de servi\u00e7os \u2013 Jabes lembrou que recebeu o setor de sa\u00fade completamente aniquilado. Por outro lado, nos \u00faltimos tr\u00eas meses, a atual administra\u00e7\u00e3o j\u00e1 reativou o atendimento m\u00e9dico em 17 postos e unidades de sa\u00fade, implantou o pronto atendimento da dengue, montou for\u00e7a tarefa de combate \u00e0 prolifera\u00e7\u00e3o da doen\u00e7a com a realiza\u00e7\u00e3o de mutir\u00f5es em diversos bairros, restabeleceu o servi\u00e7o de vacina\u00e7\u00e3o e de distribui\u00e7\u00e3o de medicamentos.<br \/>\n<div id=\"attachment_63176\" style=\"width: 510px\" class=\"wp-caption aligncenter\"><a href=\"http:\/\/www.r2cpress.com.br\/v1\/wp-content\/uploads\/Vistoria-t\u00e9cnica-aos-postos-de-sa\u00fade-Foto-Alfredo-Filho-Secom.jpg\"><img aria-describedby=\"caption-attachment-63176\" loading=\"lazy\" src=\"http:\/\/www.r2cpress.com.br\/v1\/wp-content\/uploads\/Vistoria-t\u00e9cnica-aos-postos-de-sa\u00fade-Foto-Alfredo-Filho-Secom.jpg\" alt=\"Vistoria t\u00e9cnica aos postos de sa\u00fade - Foto Alfredo Filho - Secom\" width=\"500\" height=\"490\" class=\"size-full wp-image-63176\" srcset=\"https:\/\/www.r2cpress.com.br\/v1\/wp-content\/uploads\/Vistoria-t\u00e9cnica-aos-postos-de-sa\u00fade-Foto-Alfredo-Filho-Secom.jpg 500w, https:\/\/www.r2cpress.com.br\/v1\/wp-content\/uploads\/Vistoria-t\u00e9cnica-aos-postos-de-sa\u00fade-Foto-Alfredo-Filho-Secom-300x294.jpg 300w\" sizes=\"(max-width: 500px) 100vw, 500px\" \/><\/a><p id=\"caption-attachment-63176\" class=\"wp-caption-text\">Vistoria t\u00e9cnica aos postos de sa\u00fade &#8211; Foto Alfredo Filho &#8211; Secom<\/p><\/div><br \/>\nAl\u00e9m disso, o prefeito ressaltou que a gest\u00e3o tem mantido o pagamento dos sal\u00e1rios dos servidores em dia, al\u00e9m da negocia\u00e7\u00e3o para quitar sal\u00e1rios atrasados do governo anterior. No plano do atendimento de urg\u00eancia, a secretaria de Sa\u00fade tem feitos esfor\u00e7os para realizar o pagamento aos prestadores de servi\u00e7os, como hospitais e laborat\u00f3rios, atrasado desde o ano passado, o que gerou s\u00e9rios problemas para a popula\u00e7\u00e3o.<\/p>\n<p>Novo hospital \u2013 Jabes disse que tem tamb\u00e9m trabalhado para viabilizar a constru\u00e7\u00e3o de um novo Hospital Geral para Ilh\u00e9us, atrav\u00e9s do governo do Estado, e que duas Unidades de Pronto Atendimento (UPAS) ser\u00e3o constru\u00eddas para ampliar o atendimento m\u00e9dico de emerg\u00eancia para a cidade. <\/p>\n<p>&#8212;<br \/>\nSECOM\/ILH\u00c9US<\/p>\n","protected":false},"excerpt":{"rendered":"<p>Paralisadas desde novembro do ano passado, as obras de reforma dos postos de sa\u00fade Herval Soledade (Pontal), do Banco da Vit\u00f3ria, Ilh\u00e9us II, do Nossa Senhora da Vit\u00f3ria, do Alto do Bas\u00edlio e do Iguape, ser\u00e3o retomadas esta semana, pela empresa respons\u00e1vel pelos servi\u00e7os, a SC Construtora Ltda. Por determina\u00e7\u00e3o do prefeito Jabes Ribeiro, os [&hellip;]<\/p>\n","protected":false},"author":2,"featured_media":0,"comment_status":"open","ping_status":"open","sticky":false,"template":"","format":"standard","meta":{"_links_to":"","_links_to_target":""},"categories":[23],"tags":[],"_links":{"self":[{"href":"https:\/\/www.r2cpress.com.br\/v1\/wp-json\/wp\/v2\/posts\/63174"}],"collection":[{"href":"https:\/\/www.r2cpress.com.br\/v1\/wp-json\/wp\/v2\/posts"}],"about":[{"href":"https:\/\/www.r2cpress.com.br\/v1\/wp-json\/wp\/v2\/types\/post"}],"author":[{"embeddable":true,"href":"https:\/\/www.r2cpress.com.br\/v1\/wp-json\/wp\/v2\/users\/2"}],"replies":[{"embeddable":true,"href":"https:\/\/www.r2cpress.com.br\/v1\/wp-json\/wp\/v2\/comments?post=63174"}],"version-history":[{"count":3,"href":"https:\/\/www.r2cpress.com.br\/v1\/wp-json\/wp\/v2\/posts\/63174\/revisions"}],"predecessor-version":[{"id":63179,"href":"https:\/\/www.r2cpress.com.br\/v1\/wp-json\/wp\/v2\/posts\/63174\/revisions\/63179"}],"wp:attachment":[{"href":"https:\/\/www.r2cpress.com.br\/v1\/wp-json\/wp\/v2\/media?parent=63174"}],"wp:term":[{"taxonomy":"category","embeddable":true,"href":"https:\/\/www.r2cpress.com.br\/v1\/wp-json\/wp\/v2\/categories?post=63174"},{"taxonomy":"post_tag","embeddable":true,"href":"https:\/\/www.r2cpress.com.br\/v1\/wp-json\/wp\/v2\/tags?post=63174"}],"curies":[{"name":"wp","href":"https:\/\/api.w.org\/{rel}","templated":true}]}}