{"id":6320,"date":"2011-01-11T18:54:00","date_gmt":"2011-01-11T21:54:00","guid":{"rendered":"http:\/\/www.r2cpress.com.br\/v1\/?p=6320"},"modified":"2011-01-11T18:54:00","modified_gmt":"2011-01-11T21:54:00","slug":"3%c2%b0-projeto-verao-do-malhado-em-ilheus-tem-inicio-nesta-quarta-feira","status":"publish","type":"post","link":"https:\/\/www.r2cpress.com.br\/v1\/2011\/01\/11\/3%c2%b0-projeto-verao-do-malhado-em-ilheus-tem-inicio-nesta-quarta-feira\/","title":{"rendered":"3\u00b0 Projeto Ver\u00e3o do Malhado em Ilh\u00e9us tem in\u00edcio nesta quarta-feira"},"content":{"rendered":"<p><div id=\"attachment_6321\" style=\"width: 310px\" class=\"wp-caption alignleft\"><a href=\"http:\/\/www.r2cpress.com.br\/v1\/wp-content\/uploads\/Entrega-dos-uniformes-do-3\u00b0-Projeto-Ver\u00e3o-Malhado-1.jpg\"><img aria-describedby=\"caption-attachment-6321\" loading=\"lazy\" src=\"http:\/\/www.r2cpress.com.br\/v1\/wp-content\/uploads\/Entrega-dos-uniformes-do-3\u00b0-Projeto-Ver\u00e3o-Malhado-1-300x225.jpg\" alt=\"\" title=\"Entrega dos uniformes do 3\u00b0 Projeto Ver\u00e3o Malhado - 1\" width=\"300\" height=\"225\" class=\"size-medium wp-image-6321\" srcset=\"https:\/\/www.r2cpress.com.br\/v1\/wp-content\/uploads\/Entrega-dos-uniformes-do-3\u00b0-Projeto-Ver\u00e3o-Malhado-1-300x225.jpg 300w, https:\/\/www.r2cpress.com.br\/v1\/wp-content\/uploads\/Entrega-dos-uniformes-do-3\u00b0-Projeto-Ver\u00e3o-Malhado-1.jpg 750w\" sizes=\"(max-width: 300px) 100vw, 300px\" \/><\/a><p id=\"caption-attachment-6321\" class=\"wp-caption-text\">Entrega dos uniformes do 3\u00b0 Projeto Ver\u00e3o Malhado. <\/p><\/div>Vai come\u00e7ar amanh\u00e3 (12) o 3\u00b0 Projeto Ver\u00e3o do Malhado em Ilh\u00e9us. Ser\u00e3o realizadas diversas atividades esportivas ao longo dos meses de janeiro e fevereiro, sempre as quartas e sextas a partir das 19h na arena montada no Parque Lu\u00eds Eduardo Magalh\u00e3es, localizado na Avenida Litor\u00e2nea Norte. <\/p>\n<p>A 2\u00aa Copa Interbairros de Futebol de Areai ser\u00e1 mais uma vez a grande atra\u00e7\u00e3o do projeto. Modalidades como v\u00f4lei de praia e jud\u00f4 tamb\u00e9m fazem parte da programa\u00e7\u00e3o do evento. A novidade em 2011 ser\u00e1 a realiza\u00e7\u00e3o da 1\u00aa Copa Veteranos de Futebol de Areia. O 3\u00b0 Projeto Ver\u00e3o do Malhado contar\u00e1 ainda com aulas de gin\u00e1stica aer\u00f3bica para o grande p\u00fablico. <\/p>\n<p><!--more--><\/p>\n<p>As equipes de novos e de veteranos receberam na noite desta segunda-feira (10) os uniformes que ir\u00e3o utilizar durante todo o certame. Os integrantes do time do Teot\u00f4nio Vilela eram os mais euf\u00f3ricos durante a entrega, uma vez que entram no campeonato com a miss\u00e3o de defender o t\u00edtulo conquistado no ano passado. <\/p>\n<p>Os jogos de abertura da 2\u00aa Copa Interbairros ser\u00e3o Urbis x Pontal e Iguape x Bas\u00edlio. \u201cO Projeto Ver\u00e3o do Malhado foi um sucesso de p\u00fablico em 2010, em 2011 n\u00e3o poder\u00edamos deixar de realiz\u00e1-lo novamente\u201d, disse o vereador e realizador do evento Jailson Nascimento.<\/p>\n<p>O Projeto Ver\u00e3o Malhado 2011 \u00e9 idealizado pelo vereador Jailson Nascimento e conta com o apoio da C\u00e2mara Municipal de Ilh\u00e9us, Federa\u00e7\u00e3o Baiana de Futebol, Nova Schin, Seraf\u00e9til, Solar Toldos, In\u00e1cio Auto Pe\u00e7as, ST Transporte e Via\u00e7\u00e3o S\u00e3o Miguel.<\/p>\n<p><center><a href=\"http:\/\/www.r2cpress.com.br\/v1\/wp-content\/uploads\/tabela-cmi.jpg\"><img loading=\"lazy\" src=\"http:\/\/www.r2cpress.com.br\/v1\/wp-content\/uploads\/tabela-cmi-300x261.jpg\" alt=\"\" title=\"tabela cmi\" width=\"300\" height=\"261\" class=\"alignnone size-medium wp-image-6322\" srcset=\"https:\/\/www.r2cpress.com.br\/v1\/wp-content\/uploads\/tabela-cmi-300x261.jpg 300w, https:\/\/www.r2cpress.com.br\/v1\/wp-content\/uploads\/tabela-cmi.jpg 570w\" sizes=\"(max-width: 300px) 100vw, 300px\" \/><\/a><\/center><\/p>\n","protected":false},"excerpt":{"rendered":"<p>Vai come\u00e7ar amanh\u00e3 (12) o 3\u00b0 Projeto Ver\u00e3o do Malhado em Ilh\u00e9us. Ser\u00e3o realizadas diversas atividades esportivas ao longo dos meses de janeiro e fevereiro, sempre as quartas e sextas a partir das 19h na arena montada no Parque Lu\u00eds Eduardo Magalh\u00e3es, localizado na Avenida Litor\u00e2nea Norte. A 2\u00aa Copa Interbairros de Futebol de Areai [&hellip;]<\/p>\n","protected":false},"author":2,"featured_media":0,"comment_status":"open","ping_status":"open","sticky":false,"template":"","format":"standard","meta":{"_links_to":"","_links_to_target":""},"categories":[22],"tags":[],"_links":{"self":[{"href":"https:\/\/www.r2cpress.com.br\/v1\/wp-json\/wp\/v2\/posts\/6320"}],"collection":[{"href":"https:\/\/www.r2cpress.com.br\/v1\/wp-json\/wp\/v2\/posts"}],"about":[{"href":"https:\/\/www.r2cpress.com.br\/v1\/wp-json\/wp\/v2\/types\/post"}],"author":[{"embeddable":true,"href":"https:\/\/www.r2cpress.com.br\/v1\/wp-json\/wp\/v2\/users\/2"}],"replies":[{"embeddable":true,"href":"https:\/\/www.r2cpress.com.br\/v1\/wp-json\/wp\/v2\/comments?post=6320"}],"version-history":[{"count":2,"href":"https:\/\/www.r2cpress.com.br\/v1\/wp-json\/wp\/v2\/posts\/6320\/revisions"}],"predecessor-version":[{"id":6324,"href":"https:\/\/www.r2cpress.com.br\/v1\/wp-json\/wp\/v2\/posts\/6320\/revisions\/6324"}],"wp:attachment":[{"href":"https:\/\/www.r2cpress.com.br\/v1\/wp-json\/wp\/v2\/media?parent=6320"}],"wp:term":[{"taxonomy":"category","embeddable":true,"href":"https:\/\/www.r2cpress.com.br\/v1\/wp-json\/wp\/v2\/categories?post=6320"},{"taxonomy":"post_tag","embeddable":true,"href":"https:\/\/www.r2cpress.com.br\/v1\/wp-json\/wp\/v2\/tags?post=6320"}],"curies":[{"name":"wp","href":"https:\/\/api.w.org\/{rel}","templated":true}]}}