{"id":63209,"date":"2013-04-16T21:45:37","date_gmt":"2013-04-17T00:45:37","guid":{"rendered":"http:\/\/www.r2cpress.com.br\/v1\/?p=63209"},"modified":"2013-04-16T18:59:11","modified_gmt":"2013-04-16T21:59:11","slug":"prefeito-jabes-ribeiro-anuncia-obras-em-programas-de-radio","status":"publish","type":"post","link":"https:\/\/www.r2cpress.com.br\/v1\/2013\/04\/16\/prefeito-jabes-ribeiro-anuncia-obras-em-programas-de-radio\/","title":{"rendered":"Prefeito Jabes Ribeiro anuncia obras em programas de r\u00e1dio"},"content":{"rendered":"<p><div id=\"attachment_63210\" style=\"width: 310px\" class=\"wp-caption alignleft\"><a href=\"http:\/\/www.r2cpress.com.br\/v1\/wp-content\/uploads\/Prefeito-de-Ilh\u00e9us-Jabes-Ribeiro-Foto-Alfredo-Filho-Secom-PMIlh\u00e9us1.jpg\"><img aria-describedby=\"caption-attachment-63210\" loading=\"lazy\" src=\"http:\/\/www.r2cpress.com.br\/v1\/wp-content\/uploads\/Prefeito-de-Ilh\u00e9us-Jabes-Ribeiro-Foto-Alfredo-Filho-Secom-PMIlh\u00e9us1.jpg\" alt=\"Prefeito de Ilh\u00e9us - Jabes Ribeiro  Foto Alfredo Filho (Secom-PMIlh\u00e9us)\" width=\"300\" height=\"361\" class=\"size-full wp-image-63210\" srcset=\"https:\/\/www.r2cpress.com.br\/v1\/wp-content\/uploads\/Prefeito-de-Ilh\u00e9us-Jabes-Ribeiro-Foto-Alfredo-Filho-Secom-PMIlh\u00e9us1.jpg 300w, https:\/\/www.r2cpress.com.br\/v1\/wp-content\/uploads\/Prefeito-de-Ilh\u00e9us-Jabes-Ribeiro-Foto-Alfredo-Filho-Secom-PMIlh\u00e9us1-249x300.jpg 249w\" sizes=\"(max-width: 300px) 100vw, 300px\" \/><\/a><p id=\"caption-attachment-63210\" class=\"wp-caption-text\">Prefeito de Ilh\u00e9us &#8211; Jabes Ribeiro  Foto Alfredo Filho (Secom-PMIlh\u00e9us)<\/p><\/div>O prefeito Jabes Ribeiro anunciou, nesta ter\u00e7a-feira, 16, uma s\u00e9rie de obras e de interven\u00e7\u00f5es que ser\u00e3o realizadas no munic\u00edpio de Ilh\u00e9us em parceria com os governos Estadual e Federal, previstas para come\u00e7ar ainda este semestre. Al\u00e9m de confirmar que a licita\u00e7\u00e3o da nova ponte entre o Pontal e o Centro da cidade acontecer\u00e1 no dia 23 pr\u00f3ximo e que, provavelmente, o governador Jaques Wagner j\u00e1 possa at\u00e9 anunciar o nome da empresa vencedora da concorr\u00eancia no dia 24, em Ilh\u00e9us, durante o evento de lan\u00e7amento da obra do gasoduto entre Itabuna e Ilh\u00e9us \u2013 que ser\u00e1 feita sob a responsabilidade da Bahiag\u00e1s &#8211; o prefeito informou que j\u00e1 na pr\u00f3xima ter\u00e7a-feira, dia 23, t\u00e9cnicos do Departamento de Infraestrutura de Transporte da Bahia (Derba) ir\u00e3o come\u00e7ar o levantamento das ruas da cidade onde ser\u00e1 feito o recapeamento asf\u00e1ltico, o que servir\u00e1 para melhorar a situa\u00e7\u00e3o de trafegabilidade em diversos bairros.<\/p>\n<p>O prefeito tamb\u00e9m informou que uma patrulha mec\u00e2nica que ele havia solicitado ao Derba, por empr\u00e9stimo, j\u00e1 est\u00e1 no munic\u00edpio para a recupera\u00e7\u00e3o e melhoria das estradas do interior do munic\u00edpio. Jabes tamb\u00e9m falou sobre as obras de saneamento b\u00e1sico da bacia do Pontal, bem como do projeto que visa melhorar as condi\u00e7\u00f5es de vida nos morros de Ilh\u00e9us, al\u00e9m do que ir\u00e1 promover a requalifica\u00e7\u00e3o do mercado do Malhado, todos eles em andamento ou encaminhados para \u00f3rg\u00e3os federais e estaduais. \u201cIsto mostra que, apesar de todos os problemas que estamos enfrentando, vamos seguindo em busca dos nossos compromissos de conseguir resolver quest\u00f5es b\u00e1sicas para a popula\u00e7\u00e3o ilheense, procurando fazer o munic\u00edpio retomar o caminho do desenvolvimento\u201d, afirmou.<\/p>\n<p><!--more--><\/p>\n<p>Estas informa\u00e7\u00f5es foram concedidas pelo prefeito durante entrevistas aos programas Cidade Alerta, da R\u00e1dio Santa Cruz, no per\u00edodo da manh\u00e3, e Fatos em Detalhes, da r\u00e1dio Cultura, no turno vespertino. Nas duas ocasi\u00f5es, o prefeito destacou as melhorias que j\u00e1 s\u00e3o percept\u00edveis na \u00e1rea da sa\u00fade, como o pagamento dos prestadores de servi\u00e7os, requalifica\u00e7\u00e3o do Pronto Atendimento da Dengue, e realiza\u00e7\u00e3o de faxina\u00e7os nos locais com maior \u00edndice de prolifera\u00e7\u00e3o do mosquito transmissor da doen\u00e7a. Jabes tamb\u00e9m destacou a retomada da reforma dos seis postos que foi interrompida na gest\u00e3o anterior, bem como a defini\u00e7\u00e3o da \u00e1rea para a constru\u00e7\u00e3o do novo Hospital Regional, no Banco da Vit\u00f3ria, e reiterou sua inten\u00e7\u00e3o de transformar o Hospital Luiz Viana Filho, num hospital materno-infantil, ajudando a reduzir a car\u00eancia de maternidades em Ilh\u00e9us.<\/p>\n<p>\u201cEstamos trabalhando, lutando, mas \u00e9 preciso dizer aos ilheenses que recebemos uma casa desordenada e que estamos trabalhando duro para reorganizar a cidade\u201d, atestou o prefeito. \u201cTemos as dificuldades financeiras, os limites legais, mas ao mesmo tempo estamos avan\u00e7ando, e posso garantir que em junho a cidade estar\u00e1 melhor que em abril e apostamos que em setembro estaremos melhores do que em junho. Estamos avan\u00e7ando, de forma segura para que n\u00e3o haja retrocessos\u201d, frisou Jabes Ribeiro, que tamb\u00e9m desmentiu boatos de supostas condena\u00e7\u00f5es e destitui\u00e7\u00e3o do cargo.  <\/p>\n<p>Ante as dificuldades, o prefeito falou aos ilheenses sobre a import\u00e2ncia da quita\u00e7\u00e3o do Imposto Predial e Territorial Urbano (IPTU), lembrando que at\u00e9 a pr\u00f3xima sexta-feira, 19, \u00e9 poss\u00edvel pagar a cota \u00fanica com desconto de 20%, um dos maiores concedidos entre as grandes cidades do Estado. Entre outras quest\u00f5es, Jabes ainda esclareceu que a prefeitura est\u00e1 em fase de licita\u00e7\u00e3o para o novo transporte escolar e aguarda a chegada de 11 \u00f4nibus, cedidos pelo governo Federal, para completar o servi\u00e7o aos estudantes carentes das zonas rurais.<\/p>\n<p>CDL \u2013 Durante a manh\u00e3 desta ter\u00e7a-feira, 16, o prefeito recebeu a visita de representantes da C\u00e2mara dos Dirigentes Lojistas de Ilh\u00e9us (CDL) que apresentaram uma campanha, voltada para o desenvolvimento do com\u00e9rcio no munic\u00edpio, do per\u00edodo entre o dia das m\u00e3es e o S\u00e3o Jo\u00e3o. A campanha, com o t\u00edtulo \u201cCompre em Ilh\u00e9us \u2013 Encha seu cora\u00e7\u00e3o de presentes e alegria\u201d, pretende estimular as vendas entre os meses de maio e julho e oferecer\u00e1 diversos sorteios com muitos pr\u00eamios. <\/p>\n<p>&#8212;<br \/>\nSECOM\/ILH\u00c9US<\/p>\n","protected":false},"excerpt":{"rendered":"<p>O prefeito Jabes Ribeiro anunciou, nesta ter\u00e7a-feira, 16, uma s\u00e9rie de obras e de interven\u00e7\u00f5es que ser\u00e3o realizadas no munic\u00edpio de Ilh\u00e9us em parceria com os governos Estadual e Federal, previstas para come\u00e7ar ainda este semestre. Al\u00e9m de confirmar que a licita\u00e7\u00e3o da nova ponte entre o Pontal e o Centro da cidade acontecer\u00e1 no [&hellip;]<\/p>\n","protected":false},"author":2,"featured_media":0,"comment_status":"open","ping_status":"open","sticky":false,"template":"","format":"standard","meta":{"_links_to":"","_links_to_target":""},"categories":[23],"tags":[],"_links":{"self":[{"href":"https:\/\/www.r2cpress.com.br\/v1\/wp-json\/wp\/v2\/posts\/63209"}],"collection":[{"href":"https:\/\/www.r2cpress.com.br\/v1\/wp-json\/wp\/v2\/posts"}],"about":[{"href":"https:\/\/www.r2cpress.com.br\/v1\/wp-json\/wp\/v2\/types\/post"}],"author":[{"embeddable":true,"href":"https:\/\/www.r2cpress.com.br\/v1\/wp-json\/wp\/v2\/users\/2"}],"replies":[{"embeddable":true,"href":"https:\/\/www.r2cpress.com.br\/v1\/wp-json\/wp\/v2\/comments?post=63209"}],"version-history":[{"count":2,"href":"https:\/\/www.r2cpress.com.br\/v1\/wp-json\/wp\/v2\/posts\/63209\/revisions"}],"predecessor-version":[{"id":63212,"href":"https:\/\/www.r2cpress.com.br\/v1\/wp-json\/wp\/v2\/posts\/63209\/revisions\/63212"}],"wp:attachment":[{"href":"https:\/\/www.r2cpress.com.br\/v1\/wp-json\/wp\/v2\/media?parent=63209"}],"wp:term":[{"taxonomy":"category","embeddable":true,"href":"https:\/\/www.r2cpress.com.br\/v1\/wp-json\/wp\/v2\/categories?post=63209"},{"taxonomy":"post_tag","embeddable":true,"href":"https:\/\/www.r2cpress.com.br\/v1\/wp-json\/wp\/v2\/tags?post=63209"}],"curies":[{"name":"wp","href":"https:\/\/api.w.org\/{rel}","templated":true}]}}