{"id":63233,"date":"2013-04-17T12:00:54","date_gmt":"2013-04-17T15:00:54","guid":{"rendered":"http:\/\/www.r2cpress.com.br\/v1\/?p=63233"},"modified":"2013-04-17T12:00:54","modified_gmt":"2013-04-17T15:00:54","slug":"bahia-pesca-fortalece-assistencia-tecnica-com-entrega-de-25-carros-a-unidades-regionais","status":"publish","type":"post","link":"https:\/\/www.r2cpress.com.br\/v1\/2013\/04\/17\/bahia-pesca-fortalece-assistencia-tecnica-com-entrega-de-25-carros-a-unidades-regionais\/","title":{"rendered":"Bahia Pesca fortalece assist\u00eancia t\u00e9cnica com entrega de 25 carros a unidades regionais"},"content":{"rendered":"<p>Para dinamizar a assist\u00eancia t\u00e9cnica oferecida a pescadores e aquicultores em todo o Estado, a Bahia Pesca, empresa vinculada \u00e0 Secretaria da Agricultura (Seagri), entregou na manh\u00e3 de hoje (17), 25 carros \u00e0s suas unidades regionais. Com os ve\u00edculos a empresa pretende dar um atendimento mais \u00e1gil e eficiente \u00e0s fam\u00edlias de pescadores e aquicultores cadastradas nos projetos desenvolvidos pela Bahia Pesca e \u00e0quelas ligadas ao Programa Vida Melhor da Casa Civil.<\/p>\n<p>A partir de agora os mais de 125 mil pescadores, marisqueiras e demais produtores rurais poder\u00e3o contar com a presen\u00e7a cont\u00ednua do t\u00e9cnico da Bahia Pesca para orientar o desenvolvimento das atividades in loco. \u201cA assist\u00eancia t\u00e9cnica precisa ser fortalecida porque ela permeia todas as a\u00e7\u00f5es da empresa, possibilitando o desenvolvimento sustent\u00e1vel dos programas e a articula\u00e7\u00e3o entre as institui\u00e7\u00f5es e o nosso p\u00fablico\u201d, enfatizou o presidente da Bahia Pesca, C\u00e1ssio Peixoto, acrescentando que a ATER \u2013 Assist\u00eancia T\u00e9cnica e Extens\u00e3o Rural &#8211; \u00e9 um importante instrumento para impulsionar a atividade em todo o territ\u00f3rio baiano.<\/p>\n<p>O presidente lembrou ainda que a Bahia \u00e9 a primeira unidade da Federa\u00e7\u00e3o a atender \u00e0s exig\u00eancias da Lei Federal e Estadual da ATER, voltada para os segmentos da pesca e aquicultura. \u201cNossa proposta \u00e9 estar inteiramente afinados com as demandas locais, levando as a\u00e7\u00f5es efetivas para a inclus\u00e3o definitiva dos pequenos produtores no mercado da pesca e aquicultura\u201d, acrescentou Peixoto, ressaltando que o fomento \u00e0 pesca artesanal \u00e9 uma determina\u00e7\u00e3o do governo do estado, objetivando o desenvolvimento sustent\u00e1vel da atividade e, consequentemente, a melhoria da qualidade de vida daqueles que vivem da pesca e aq\u00fcicultura na Bahia.<\/p>\n<p>&#8212;<br \/>\nAscom\/Bahia Pesca<\/p>\n","protected":false},"excerpt":{"rendered":"<p>Para dinamizar a assist\u00eancia t\u00e9cnica oferecida a pescadores e aquicultores em todo o Estado, a Bahia Pesca, empresa vinculada \u00e0 Secretaria da Agricultura (Seagri), entregou na manh\u00e3 de hoje (17), 25 carros \u00e0s suas unidades regionais. Com os ve\u00edculos a empresa pretende dar um atendimento mais \u00e1gil e eficiente \u00e0s fam\u00edlias de pescadores e aquicultores [&hellip;]<\/p>\n","protected":false},"author":2,"featured_media":0,"comment_status":"open","ping_status":"open","sticky":false,"template":"","format":"standard","meta":{"_links_to":"","_links_to_target":""},"categories":[29],"tags":[],"_links":{"self":[{"href":"https:\/\/www.r2cpress.com.br\/v1\/wp-json\/wp\/v2\/posts\/63233"}],"collection":[{"href":"https:\/\/www.r2cpress.com.br\/v1\/wp-json\/wp\/v2\/posts"}],"about":[{"href":"https:\/\/www.r2cpress.com.br\/v1\/wp-json\/wp\/v2\/types\/post"}],"author":[{"embeddable":true,"href":"https:\/\/www.r2cpress.com.br\/v1\/wp-json\/wp\/v2\/users\/2"}],"replies":[{"embeddable":true,"href":"https:\/\/www.r2cpress.com.br\/v1\/wp-json\/wp\/v2\/comments?post=63233"}],"version-history":[{"count":2,"href":"https:\/\/www.r2cpress.com.br\/v1\/wp-json\/wp\/v2\/posts\/63233\/revisions"}],"predecessor-version":[{"id":63235,"href":"https:\/\/www.r2cpress.com.br\/v1\/wp-json\/wp\/v2\/posts\/63233\/revisions\/63235"}],"wp:attachment":[{"href":"https:\/\/www.r2cpress.com.br\/v1\/wp-json\/wp\/v2\/media?parent=63233"}],"wp:term":[{"taxonomy":"category","embeddable":true,"href":"https:\/\/www.r2cpress.com.br\/v1\/wp-json\/wp\/v2\/categories?post=63233"},{"taxonomy":"post_tag","embeddable":true,"href":"https:\/\/www.r2cpress.com.br\/v1\/wp-json\/wp\/v2\/tags?post=63233"}],"curies":[{"name":"wp","href":"https:\/\/api.w.org\/{rel}","templated":true}]}}