{"id":63258,"date":"2013-04-17T19:17:20","date_gmt":"2013-04-17T22:17:20","guid":{"rendered":"http:\/\/www.r2cpress.com.br\/v1\/?p=63258"},"modified":"2013-04-17T19:17:20","modified_gmt":"2013-04-17T22:17:20","slug":"secretaria-municipal-de-cultura-secult","status":"publish","type":"post","link":"https:\/\/www.r2cpress.com.br\/v1\/2013\/04\/17\/secretaria-municipal-de-cultura-secult\/","title":{"rendered":"Secretaria Municipal de Cultura (Secult)"},"content":{"rendered":"<p><strong>Nota de esclarecimento<\/strong><\/p>\n<p><em>A Secretaria Municipal de Cultura (Secult) esclarece que n\u00e3o est\u00e1 boicotando o ator Jos\u00e9 Delmo e que o mesmo n\u00e3o possui nenhum v\u00ednculo formal com a entidade. Ao contr\u00e1rio, o ator teve licen\u00e7a para atuar durante os meses de janeiro a mar\u00e7o, executando seu trabalho de \u201ccontador de hist\u00f3rias\u201d no Audit\u00f3rio Sos\u00edgenes  Costa, bem como no per\u00edodo do Aleluia Ilh\u00e9us Festival. O Audit\u00f3rio que foi utilizado pelo ator possui uma agenda com outros eventos. O ator foi informado em janeiro deste ano que haveria esta interrup\u00e7\u00e3o.<\/p>\n<p>Contudo, \u00e9 preciso esclarecer que a Casa de Cultura Jorge Amado, corresponde a um museu, cujo acervo cont\u00e9m pe\u00e7as que resgatam a hist\u00f3ria e mem\u00f3ria do literato. Nesse sentido, torna-se invi\u00e1vel a promo\u00e7\u00e3o de outras manifesta\u00e7\u00f5es no local, que deve estar livre para a circula\u00e7\u00e3o de turistas e moradores que querem apreciar e conhecer melhor a hist\u00f3ria do escritor. Ainda h\u00e1 o agravante de que espa\u00e7o sendo p\u00fablico n\u00e3o pode favorecer a apenas e exclusivamente a um ator.<\/p>\n<p>Portanto, a presen\u00e7a do ator Jos\u00e9 Delmo, no local de modo cont\u00ednuo, como ele pretende \u2013 inclusive favorecendo a entrada de pessoas estranhas ao servi\u00e7o cultural prestado \u2013 torna-se um inconveniente para os visitantes e, desse modo, acaba gerando problemas graves aos funcion\u00e1rios da casa, que precisam do espa\u00e7o, assegurando a melhor conserva\u00e7\u00e3o e preserva\u00e7\u00e3o das pe\u00e7as, bem como para melhor atender \u00e0s pessoas que frequentam o local. A decis\u00e3o da Secult n\u00e3o foi tomada exclusivamente pelo Secret\u00e1rio, mas por todo o corpo t\u00e9cnico em comum acordo.<\/em><\/p>\n<p>&#8212;<br \/>\nSecretaria Municipal de Cultura<br \/>\nIlh\u00e9us &#8211; 17.04.2013<\/p>\n","protected":false},"excerpt":{"rendered":"<p>Nota de esclarecimento A Secretaria Municipal de Cultura (Secult) esclarece que n\u00e3o est\u00e1 boicotando o ator Jos\u00e9 Delmo e que o mesmo n\u00e3o possui nenhum v\u00ednculo formal com a entidade. Ao contr\u00e1rio, o ator teve licen\u00e7a para atuar durante os meses de janeiro a mar\u00e7o, executando seu trabalho de \u201ccontador de hist\u00f3rias\u201d no Audit\u00f3rio Sos\u00edgenes [&hellip;]<\/p>\n","protected":false},"author":2,"featured_media":0,"comment_status":"open","ping_status":"open","sticky":false,"template":"","format":"standard","meta":{"_links_to":"","_links_to_target":""},"categories":[23],"tags":[],"_links":{"self":[{"href":"https:\/\/www.r2cpress.com.br\/v1\/wp-json\/wp\/v2\/posts\/63258"}],"collection":[{"href":"https:\/\/www.r2cpress.com.br\/v1\/wp-json\/wp\/v2\/posts"}],"about":[{"href":"https:\/\/www.r2cpress.com.br\/v1\/wp-json\/wp\/v2\/types\/post"}],"author":[{"embeddable":true,"href":"https:\/\/www.r2cpress.com.br\/v1\/wp-json\/wp\/v2\/users\/2"}],"replies":[{"embeddable":true,"href":"https:\/\/www.r2cpress.com.br\/v1\/wp-json\/wp\/v2\/comments?post=63258"}],"version-history":[{"count":2,"href":"https:\/\/www.r2cpress.com.br\/v1\/wp-json\/wp\/v2\/posts\/63258\/revisions"}],"predecessor-version":[{"id":63260,"href":"https:\/\/www.r2cpress.com.br\/v1\/wp-json\/wp\/v2\/posts\/63258\/revisions\/63260"}],"wp:attachment":[{"href":"https:\/\/www.r2cpress.com.br\/v1\/wp-json\/wp\/v2\/media?parent=63258"}],"wp:term":[{"taxonomy":"category","embeddable":true,"href":"https:\/\/www.r2cpress.com.br\/v1\/wp-json\/wp\/v2\/categories?post=63258"},{"taxonomy":"post_tag","embeddable":true,"href":"https:\/\/www.r2cpress.com.br\/v1\/wp-json\/wp\/v2\/tags?post=63258"}],"curies":[{"name":"wp","href":"https:\/\/api.w.org\/{rel}","templated":true}]}}