{"id":63314,"date":"2013-04-18T20:23:11","date_gmt":"2013-04-18T23:23:11","guid":{"rendered":"http:\/\/www.r2cpress.com.br\/v1\/?p=63314"},"modified":"2013-04-18T20:23:11","modified_gmt":"2013-04-18T23:23:11","slug":"exposicao-jane-hilda-badaro","status":"publish","type":"post","link":"https:\/\/www.r2cpress.com.br\/v1\/2013\/04\/18\/exposicao-jane-hilda-badaro\/","title":{"rendered":"EXPOSI\u00c7\u00c3O \/ Jane Hilda Badar\u00f3"},"content":{"rendered":"<p style=\"text-align: center;\"><b><i><span style=\"text-decoration: underline;\">JANE HILDA EXP\u00d5E NO MUSEU DA PIEDADE, NA CASA DE CULTURA \u00a0S\u00c1 BARRETO, NO JOQUEY CLUB DE S\u00c3O PAULO, E ABRE SEU ATELI\u00ca PARA VISITA\u00c7\u00c3O P\u00daBLICA. <\/span><\/i><\/b><\/p>\n<div id=\"attachment_63315\" style=\"width: 510px\" class=\"wp-caption aligncenter\"><a href=\"http:\/\/www.r2cpress.com.br\/v1\/wp-content\/uploads\/JANE-HILDA-01.jpg\"><img aria-describedby=\"caption-attachment-63315\" loading=\"lazy\" class=\"size-full wp-image-63315\" alt=\"JANE HILDA_ EXPOSI\u00c7\u00c3O.\" src=\"http:\/\/www.r2cpress.com.br\/v1\/wp-content\/uploads\/JANE-HILDA-01.jpg\" width=\"500\" height=\"375\" srcset=\"https:\/\/www.r2cpress.com.br\/v1\/wp-content\/uploads\/JANE-HILDA-01.jpg 500w, https:\/\/www.r2cpress.com.br\/v1\/wp-content\/uploads\/JANE-HILDA-01-300x225.jpg 300w\" sizes=\"(max-width: 500px) 100vw, 500px\" \/><\/a><p id=\"caption-attachment-63315\" class=\"wp-caption-text\">\u00a0 ANARLEIDE MENEZES\u00a0 E\u00a0 JANE HILDA<\/p><\/div>\n<p><b>\u00a0<\/b>Sob a curadoria de Anarleide Menezes, cerca de vinte (20) pinturas da artista pl\u00e1stica Jane Hilda Badar\u00f3- de fases distintas do seu processo criativo &#8211; podem ser vistas de 20 de abril a 20 de maio, no Museu da Piedade, situado no Convento g\u00f3tico das Freiras Ursulinas &#8211; datado de 1916. O Museu tem a miss\u00e3o de contribuir para a valoriza\u00e7\u00e3o da hist\u00f3ria da Regi\u00e3o Sul da Bahia, promover a Consolida\u00e7\u00e3o da mem\u00f3ria social, ser instrumento de acesso a bens culturais para a comunidade local, al\u00e9m de ser importante p\u00f3lo de visita\u00e7\u00e3o tur\u00edstica de Ilh\u00e9us, pela sua bela arquitetura.<\/p>\n<div id=\"attachment_63316\" style=\"width: 310px\" class=\"wp-caption alignright\"><a href=\"http:\/\/www.r2cpress.com.br\/v1\/wp-content\/uploads\/JANE-HILDA_02.jpg\"><img aria-describedby=\"caption-attachment-63316\" loading=\"lazy\" class=\"size-full wp-image-63316\" alt=\"Artista Pl\u00e1stica, Jane Hilda Badar\u00f3.\" src=\"http:\/\/www.r2cpress.com.br\/v1\/wp-content\/uploads\/JANE-HILDA_02.jpg\" width=\"300\" height=\"476\" srcset=\"https:\/\/www.r2cpress.com.br\/v1\/wp-content\/uploads\/JANE-HILDA_02.jpg 300w, https:\/\/www.r2cpress.com.br\/v1\/wp-content\/uploads\/JANE-HILDA_02-189x300.jpg 189w\" sizes=\"(max-width: 300px) 100vw, 300px\" \/><\/a><p id=\"caption-attachment-63316\" class=\"wp-caption-text\">Artista Pl\u00e1stica, Jane Hilda Badar\u00f3.<\/p><\/div>\n<p>Trabalhos de Jane Hilda podem ser visitados tamb\u00e9m no Restaurante e Casa de Cultura S\u00e1 Barreto &#8211; bairro Jardim Sav\u00f3ia &#8211; em Ilh\u00e9us. Conforme Raymundo S\u00e1 Barreto Neto, curador daquela Casa de Cultura, \u201cest\u00e3o ali expostas pinturas que a artista ilheense fez no ano de 2012, e que comp\u00f5em a s\u00e9rie realizada em homenagem ao centen\u00e1rio de nascimento do escritor Jorge Amado\u201d. Para ele, as telas est\u00e3o muito bem contextualizadas ali, visto que o saudoso historiador e Tabeli\u00e3o S\u00e1 Barreto, era conhecido como \u201co arquivo vivo de Jorge Amado\u201d, de quem era grande amigo.<\/p>\n<p>Na sequ\u00eancia de seus agendamentos, Jane Hilda destaca a abertura do seu Ateli\u00ea, a partir do m\u00eas de maio, instalado na casa onde reside e viveu a inf\u00e2ncia &#8211; um sobrado antigo, que marca suas ra\u00edzes familiares, na Avenida Soares, centro da cidade. \u201cPretendo estar presente quando as pessoas vierem conhecer minha arte, por isso o Ateli\u00ea ficar\u00e1 aberto em hor\u00e1rios diversificados \u2013 conforme minhas conveni\u00eancias di\u00e1rias &#8211; visto que tenho tamb\u00e9m atividades acad\u00eamicas e jur\u00eddicas a cumprir\u201d, diz. \u00a0Al\u00e9m de artista pl\u00e1stica ela \u00e9 advogada e professora do curso de Direito da Universidade Estadual de Santa Cruz- UESC.<\/p>\n<p>Ainda em maio vindouro, Jane Hilda participa da <i>VII Exposi\u00e7\u00e3o Coletiva do Jockey Club de S\u00e3o Paulo<\/i>, sob curadoria de Fabio Porchat, diretor da Academia Latino Americana de Arte. A ALA, entidade a qual ela se filiou \u00e0 partir de convite do pr\u00f3prio Porchat, \u00e9 uma das mais expansivas e prof\u00edcuas entidades culturais p\u00e1trias, colaborando como carro-chefe para o estreitamento cultural dos pa\u00edses latino-americanos e congregando artistas e intelectuais por meio de eventos nacionais e internacionais do mais alto n\u00edvel t\u00e9cnico e<b> <\/b>art\u00edstico.<\/p>\n","protected":false},"excerpt":{"rendered":"<p>JANE HILDA EXP\u00d5E NO MUSEU DA PIEDADE, NA CASA DE CULTURA \u00a0S\u00c1 BARRETO, NO JOQUEY CLUB DE S\u00c3O PAULO, E ABRE SEU ATELI\u00ca PARA VISITA\u00c7\u00c3O P\u00daBLICA. \u00a0Sob a curadoria de Anarleide Menezes, cerca de vinte (20) pinturas da artista pl\u00e1stica Jane Hilda Badar\u00f3- de fases distintas do seu processo criativo &#8211; podem ser vistas de [&hellip;]<\/p>\n","protected":false},"author":2,"featured_media":0,"comment_status":"open","ping_status":"open","sticky":false,"template":"","format":"standard","meta":{"_links_to":"","_links_to_target":""},"categories":[5],"tags":[],"_links":{"self":[{"href":"https:\/\/www.r2cpress.com.br\/v1\/wp-json\/wp\/v2\/posts\/63314"}],"collection":[{"href":"https:\/\/www.r2cpress.com.br\/v1\/wp-json\/wp\/v2\/posts"}],"about":[{"href":"https:\/\/www.r2cpress.com.br\/v1\/wp-json\/wp\/v2\/types\/post"}],"author":[{"embeddable":true,"href":"https:\/\/www.r2cpress.com.br\/v1\/wp-json\/wp\/v2\/users\/2"}],"replies":[{"embeddable":true,"href":"https:\/\/www.r2cpress.com.br\/v1\/wp-json\/wp\/v2\/comments?post=63314"}],"version-history":[{"count":4,"href":"https:\/\/www.r2cpress.com.br\/v1\/wp-json\/wp\/v2\/posts\/63314\/revisions"}],"predecessor-version":[{"id":63320,"href":"https:\/\/www.r2cpress.com.br\/v1\/wp-json\/wp\/v2\/posts\/63314\/revisions\/63320"}],"wp:attachment":[{"href":"https:\/\/www.r2cpress.com.br\/v1\/wp-json\/wp\/v2\/media?parent=63314"}],"wp:term":[{"taxonomy":"category","embeddable":true,"href":"https:\/\/www.r2cpress.com.br\/v1\/wp-json\/wp\/v2\/categories?post=63314"},{"taxonomy":"post_tag","embeddable":true,"href":"https:\/\/www.r2cpress.com.br\/v1\/wp-json\/wp\/v2\/tags?post=63314"}],"curies":[{"name":"wp","href":"https:\/\/api.w.org\/{rel}","templated":true}]}}