{"id":63356,"date":"2013-04-19T08:50:28","date_gmt":"2013-04-19T11:50:28","guid":{"rendered":"http:\/\/www.r2cpress.com.br\/v1\/?p=63356"},"modified":"2013-04-19T08:50:28","modified_gmt":"2013-04-19T11:50:28","slug":"programacao-de-final-de-semana-da-tenda-teatro-popular-de-ilheus","status":"publish","type":"post","link":"https:\/\/www.r2cpress.com.br\/v1\/2013\/04\/19\/programacao-de-final-de-semana-da-tenda-teatro-popular-de-ilheus\/","title":{"rendered":"PROGRAMA\u00c7\u00c3O DE FINAL DE SEMANA  DA TENDA TEATRO POPULAR DE ILH\u00c9US"},"content":{"rendered":"<p>\u00c0s 20 horas desta sexta-feira (19), ser\u00e1 apresentada a s\u00e1tira em cordel <i>Teodorico Majestade, as \u00faltimas horas de um prefeito<\/i>. H\u00e1 seis anos em cartaz, a com\u00e9dia do TPI mostra o lado rid\u00edculo dos bastidores da corrup\u00e7\u00e3o, mostrando a crise dos conchavos pol\u00edticos da fict\u00edcia cidade de Ilha Bela.<\/p>\n<p>E no s\u00e1bado, \u00e0s 17 horas, a A-RRISCA Cia. da Dan\u00e7a apresenta a interven\u00e7\u00e3o urbana <i>Outros<\/i> <i>Olhares<\/i>, na Pra\u00e7a Castro Alves. Mais tarde, \u00e0s 18 horas, a Cia. Boi da Cara Preta apresenta o musical infanto-juvenil <i>Auto do Boi da Cara Preta<\/i>. Com a alegria pr\u00f3pria dos festejos populares, a montagem conta as desventuras do vaqueiro Mateus para atender os anseios de sua mulher, Catarina, que est\u00e1 gr\u00e1vida e ansiosa para comer a l\u00edngua do boi do temido coronel Firmino.<\/p>\n<p>&#8212;<br \/>\n<strong><span style=\"font-family: Arial; font-size: small;\">T\u00e2nia Barbosa<\/span><\/strong><br \/>\n<span style=\"font-size: small;\">coord. de Teatro <\/span><\/p>\n","protected":false},"excerpt":{"rendered":"<p>\u00c0s 20 horas desta sexta-feira (19), ser\u00e1 apresentada a s\u00e1tira em cordel Teodorico Majestade, as \u00faltimas horas de um prefeito. H\u00e1 seis anos em cartaz, a com\u00e9dia do TPI mostra o lado rid\u00edculo dos bastidores da corrup\u00e7\u00e3o, mostrando a crise dos conchavos pol\u00edticos da fict\u00edcia cidade de Ilha Bela. E no s\u00e1bado, \u00e0s 17 horas, [&hellip;]<\/p>\n","protected":false},"author":2,"featured_media":0,"comment_status":"open","ping_status":"open","sticky":false,"template":"","format":"standard","meta":{"_links_to":"","_links_to_target":""},"categories":[5],"tags":[],"_links":{"self":[{"href":"https:\/\/www.r2cpress.com.br\/v1\/wp-json\/wp\/v2\/posts\/63356"}],"collection":[{"href":"https:\/\/www.r2cpress.com.br\/v1\/wp-json\/wp\/v2\/posts"}],"about":[{"href":"https:\/\/www.r2cpress.com.br\/v1\/wp-json\/wp\/v2\/types\/post"}],"author":[{"embeddable":true,"href":"https:\/\/www.r2cpress.com.br\/v1\/wp-json\/wp\/v2\/users\/2"}],"replies":[{"embeddable":true,"href":"https:\/\/www.r2cpress.com.br\/v1\/wp-json\/wp\/v2\/comments?post=63356"}],"version-history":[{"count":3,"href":"https:\/\/www.r2cpress.com.br\/v1\/wp-json\/wp\/v2\/posts\/63356\/revisions"}],"predecessor-version":[{"id":63359,"href":"https:\/\/www.r2cpress.com.br\/v1\/wp-json\/wp\/v2\/posts\/63356\/revisions\/63359"}],"wp:attachment":[{"href":"https:\/\/www.r2cpress.com.br\/v1\/wp-json\/wp\/v2\/media?parent=63356"}],"wp:term":[{"taxonomy":"category","embeddable":true,"href":"https:\/\/www.r2cpress.com.br\/v1\/wp-json\/wp\/v2\/categories?post=63356"},{"taxonomy":"post_tag","embeddable":true,"href":"https:\/\/www.r2cpress.com.br\/v1\/wp-json\/wp\/v2\/tags?post=63356"}],"curies":[{"name":"wp","href":"https:\/\/api.w.org\/{rel}","templated":true}]}}