{"id":63360,"date":"2013-04-19T09:17:36","date_gmt":"2013-04-19T12:17:36","guid":{"rendered":"http:\/\/www.r2cpress.com.br\/v1\/?p=63360"},"modified":"2013-04-19T09:17:36","modified_gmt":"2013-04-19T12:17:36","slug":"sindicato-dos-radialistas-de-ilheus-4","status":"publish","type":"post","link":"https:\/\/www.r2cpress.com.br\/v1\/2013\/04\/19\/sindicato-dos-radialistas-de-ilheus-4\/","title":{"rendered":"Sindicato dos Radialistas de Ilh\u00e9us"},"content":{"rendered":"<p align=\"center\"><strong>Sindicato dos Radialistas de Ilh\u00e9us<\/strong><\/p>\n<p align=\"center\"><strong>CNPJ 16.473.407\/0001-76<\/strong><\/p>\n<p align=\"center\"><strong>REUNI\u00c3O ORDIN\u00c1RIA MENSAL<\/strong><\/p>\n<p align=\"center\"><strong>CONVOCA\u00c7\u00c3O<\/strong><\/p>\n<p>\u00a0O Presidente do Sindicato dos Radialistas de Ilh\u00e9us, Elias Reis, no uso de suas atribui\u00e7\u00f5es legais com fulcro regimental, convoca todos os diretores desta entidade, bem como os associados que estejam em dia com suas contribui\u00e7\u00f5es, para reuni\u00e3o ordin\u00e1ria mensal que acontece <b>dia 30 de abril de 2013, \u00e0s 15h, no audit\u00f3rio central da Associa\u00e7\u00e3o Comercial de Ilh\u00e9us<\/b>, centro, \u00e0 Pra\u00e7a JJ SEABRA, para tratar da seguinte pauta:<\/p>\n<p>a)\u00a0\u00a0\u00a0\u00a0 ACT,<\/p>\n<p>b)\u00a0\u00a0\u00a0 AGO, Gabriela FM,<\/p>\n<p>c)\u00a0\u00a0\u00a0\u00a0 Projeto Cesupi (Semin\u00e1rio: \u00c9tica e imprensa),<\/p>\n<p>d)\u00a0\u00a0\u00a0 Atribui\u00e7\u00f5es diretoria,<\/p>\n<p>e)\u00a0\u00a0\u00a0\u00a0 1\u00ba de maio,<\/p>\n<p>f)\u00a0\u00a0\u00a0\u00a0\u00a0 Elei\u00e7\u00f5es ABI,<\/p>\n<p>g)\u00a0\u00a0\u00a0\u00a0 O que ocorrer.<\/p>\n<p align=\"center\">\u00a0Ilh\u00e9us-ba, 18 de abril de 2013.<\/p>\n<p align=\"center\">RITA DE C\u00c1SSIA CARVALHO<\/p>\n<p align=\"center\">Diretora de comunica\u00e7\u00e3o<\/p>\n","protected":false},"excerpt":{"rendered":"<p>Sindicato dos Radialistas de Ilh\u00e9us CNPJ 16.473.407\/0001-76 REUNI\u00c3O ORDIN\u00c1RIA MENSAL CONVOCA\u00c7\u00c3O \u00a0O Presidente do Sindicato dos Radialistas de Ilh\u00e9us, Elias Reis, no uso de suas atribui\u00e7\u00f5es legais com fulcro regimental, convoca todos os diretores desta entidade, bem como os associados que estejam em dia com suas contribui\u00e7\u00f5es, para reuni\u00e3o ordin\u00e1ria mensal que acontece dia 30 [&hellip;]<\/p>\n","protected":false},"author":2,"featured_media":0,"comment_status":"open","ping_status":"open","sticky":false,"template":"","format":"standard","meta":{"_links_to":"","_links_to_target":""},"categories":[28],"tags":[],"_links":{"self":[{"href":"https:\/\/www.r2cpress.com.br\/v1\/wp-json\/wp\/v2\/posts\/63360"}],"collection":[{"href":"https:\/\/www.r2cpress.com.br\/v1\/wp-json\/wp\/v2\/posts"}],"about":[{"href":"https:\/\/www.r2cpress.com.br\/v1\/wp-json\/wp\/v2\/types\/post"}],"author":[{"embeddable":true,"href":"https:\/\/www.r2cpress.com.br\/v1\/wp-json\/wp\/v2\/users\/2"}],"replies":[{"embeddable":true,"href":"https:\/\/www.r2cpress.com.br\/v1\/wp-json\/wp\/v2\/comments?post=63360"}],"version-history":[{"count":3,"href":"https:\/\/www.r2cpress.com.br\/v1\/wp-json\/wp\/v2\/posts\/63360\/revisions"}],"predecessor-version":[{"id":63363,"href":"https:\/\/www.r2cpress.com.br\/v1\/wp-json\/wp\/v2\/posts\/63360\/revisions\/63363"}],"wp:attachment":[{"href":"https:\/\/www.r2cpress.com.br\/v1\/wp-json\/wp\/v2\/media?parent=63360"}],"wp:term":[{"taxonomy":"category","embeddable":true,"href":"https:\/\/www.r2cpress.com.br\/v1\/wp-json\/wp\/v2\/categories?post=63360"},{"taxonomy":"post_tag","embeddable":true,"href":"https:\/\/www.r2cpress.com.br\/v1\/wp-json\/wp\/v2\/tags?post=63360"}],"curies":[{"name":"wp","href":"https:\/\/api.w.org\/{rel}","templated":true}]}}