{"id":63395,"date":"2013-04-19T12:49:55","date_gmt":"2013-04-19T15:49:55","guid":{"rendered":"http:\/\/www.r2cpress.com.br\/v1\/?p=63395"},"modified":"2013-04-19T12:49:55","modified_gmt":"2013-04-19T15:49:55","slug":"governo-da-bahia-e-municipios-de-vera-cruz-e-itaparica-assinam-termo-para-estudos-urbanisticos","status":"publish","type":"post","link":"https:\/\/www.r2cpress.com.br\/v1\/2013\/04\/19\/governo-da-bahia-e-municipios-de-vera-cruz-e-itaparica-assinam-termo-para-estudos-urbanisticos\/","title":{"rendered":"Governo da Bahia e munic\u00edpios de Vera Cruz e Itaparica assinam termo para estudos urban\u00edsticos"},"content":{"rendered":"<p>Os secret\u00e1rios estaduais Jos\u00e9 Sergio Gabrielli (Planejamento) e C\u00edcero Monteiro (Desenvolvimento Urbano) assinaram na tarde desta quinta-feira (18), um Termo de Coopera\u00e7\u00e3o T\u00e9cnica com os prefeitos Raimundo Nonato (Itaparica) e Ant\u00f4nio Magno (Vera Cruz) visando \u00e0 elabora\u00e7\u00e3o de estudos na \u00e1rea de desenvolvimento urbano da ilha. O objetivo \u00e9 iniciar os estudos urban\u00edsticos, que culminam com o lan\u00e7amento do edital ainda este m\u00eas.<br \/>\n<div id=\"attachment_63396\" style=\"width: 510px\" class=\"wp-caption aligncenter\"><a href=\"http:\/\/www.r2cpress.com.br\/v1\/wp-content\/uploads\/gabrielli_assinatura_acordo2.jpg\"><img aria-describedby=\"caption-attachment-63396\" loading=\"lazy\" src=\"http:\/\/www.r2cpress.com.br\/v1\/wp-content\/uploads\/gabrielli_assinatura_acordo2.jpg\" alt=\"Assinatura.\" width=\"500\" height=\"308\" class=\"size-full wp-image-63396\" srcset=\"https:\/\/www.r2cpress.com.br\/v1\/wp-content\/uploads\/gabrielli_assinatura_acordo2.jpg 500w, https:\/\/www.r2cpress.com.br\/v1\/wp-content\/uploads\/gabrielli_assinatura_acordo2-300x184.jpg 300w\" sizes=\"(max-width: 500px) 100vw, 500px\" \/><\/a><p id=\"caption-attachment-63396\" class=\"wp-caption-text\">Assinatura.<\/p><\/div><br \/>\nEsses estudos preveem uma s\u00e9rie de sugest\u00f5es, revis\u00f5es das leis municipais b\u00e1sicas e estrat\u00e9gias espec\u00edficas para a gest\u00e3o e ordenamento do uso do solo, al\u00e9m de melhoria de infraestrutura (abastecimento de \u00e1gua, esgotamento sanit\u00e1rio, coleta de res\u00edduos s\u00f3lidos, telefonia e seguran\u00e7a). Interven\u00e7\u00f5es necess\u00e1rias, visto que estudos preliminares indicam que o fluxo de autom\u00f3veis ser\u00e1 de 10 mil ve\u00edculos por dia no primeiro ano, alcan\u00e7ando 140 mil\/dia em tr\u00eas d\u00e9cadas.<\/p>\n<p>Em rela\u00e7\u00e3o ao fluxo de pessoas, estimativas apontam que no primeiro ano mais de 30 mil pessoas atravessar\u00e3o a ponte diariamente, na sua maioria (64%) usando transporte coletivo.<\/p>\n<p><!--more--><\/p>\n<p>De acordo com Gabrielli, um dos desafios do projeto \u00e9 minimizar a descren\u00e7a popular. \u201cAlgumas pessoas n\u00e3o acreditam que a ponte vai acontecer, mas ela j\u00e1 est\u00e1 acontecendo. Em todas as cidades por onde passo as pessoas questionam como a regi\u00e3o ser\u00e1 impactada. Os principais acessos v\u00e3o mudar e precisamos, desde j\u00e1, pensar nos problemas da vida urbana, como minimizar os efeitos negativos e maximizar os positivos\u201d, informa Gabrielli.<\/p>\n<p>O prefeito de Itaparica ressaltou que o crescimento da ilha \u00e9 necess\u00e1rio e o trabalho em conjunto \u00e9 a maneira adequada de conduzir o projeto. \u201c\u00c9 preciso que sejamos participantes para buscarmos as melhores solu\u00e7\u00f5es. A ilha precisa desse desenvolvimento\u201d, afirma Nonato.<\/p>\n<p>J\u00e1 o prefeito Ant\u00f4nio Magno ressalta que esta parceria \u00e9 mais um ponto positivo para as duas cidades, que hoje, gra\u00e7as ao projeto da ponte, discutem a ilha integrando as necessidades e possibilidades dos munic\u00edpios. \u201cQueremos ainda fazer de Vera Cruz e Itaparica a primeira regi\u00e3o planejada da Bahia\u201d, destaca Magno.<\/p>\n<p>A Secretaria de Desenvolvimento Urbano (Sedur) aproveitou a ocasi\u00e3o para anunciar que ser\u00e1 realizada na Ilha de Itaparica mais uma reuni\u00e3o para discutir as pol\u00edticas de res\u00edduos s\u00f3lidos.<\/p>\n<p>Edital &#8211; O edital de urbanismo, previsto para ser lan\u00e7ado ainda este m\u00eas, contempla os seguintes itens para os munic\u00edpios de Vera Cruz e Itaparica: elabora\u00e7\u00e3o do Plano Urbano Intermunicipal (PUI); revis\u00e3o dos Planos Diretores de Desenvolvimento Urbano (PDDU); elabora\u00e7\u00e3o do Plano Urban\u00edstico Municipal (PLUR) para as \u00e1reas de desenvolvimento; cadastro imobili\u00e1rio; e revis\u00e3o da legisla\u00e7\u00e3o b\u00e1sica para implementa\u00e7\u00e3o da pol\u00edtica urbana.<\/p>\n<p>O edital servir\u00e1 ainda de subs\u00eddio para os estudos do EIA\/Rima, visando um desenvolvimento urbano equilibrado com o meio ambiente da ilha.<\/p>\n<p>_______________________________________<br \/>\nAssessoria de Comunica\u00e7\u00e3o<br \/>\nSecretaria do Planejamento do Estado da Bahia<br \/>\nAv. Luis Viana Filho, 2\u00aa avenida n\u00ba250 &#8211; CAB<\/p>\n","protected":false},"excerpt":{"rendered":"<p>Os secret\u00e1rios estaduais Jos\u00e9 Sergio Gabrielli (Planejamento) e C\u00edcero Monteiro (Desenvolvimento Urbano) assinaram na tarde desta quinta-feira (18), um Termo de Coopera\u00e7\u00e3o T\u00e9cnica com os prefeitos Raimundo Nonato (Itaparica) e Ant\u00f4nio Magno (Vera Cruz) visando \u00e0 elabora\u00e7\u00e3o de estudos na \u00e1rea de desenvolvimento urbano da ilha. O objetivo \u00e9 iniciar os estudos urban\u00edsticos, que culminam [&hellip;]<\/p>\n","protected":false},"author":2,"featured_media":0,"comment_status":"open","ping_status":"open","sticky":false,"template":"","format":"standard","meta":{"_links_to":"","_links_to_target":""},"categories":[29],"tags":[],"_links":{"self":[{"href":"https:\/\/www.r2cpress.com.br\/v1\/wp-json\/wp\/v2\/posts\/63395"}],"collection":[{"href":"https:\/\/www.r2cpress.com.br\/v1\/wp-json\/wp\/v2\/posts"}],"about":[{"href":"https:\/\/www.r2cpress.com.br\/v1\/wp-json\/wp\/v2\/types\/post"}],"author":[{"embeddable":true,"href":"https:\/\/www.r2cpress.com.br\/v1\/wp-json\/wp\/v2\/users\/2"}],"replies":[{"embeddable":true,"href":"https:\/\/www.r2cpress.com.br\/v1\/wp-json\/wp\/v2\/comments?post=63395"}],"version-history":[{"count":2,"href":"https:\/\/www.r2cpress.com.br\/v1\/wp-json\/wp\/v2\/posts\/63395\/revisions"}],"predecessor-version":[{"id":63398,"href":"https:\/\/www.r2cpress.com.br\/v1\/wp-json\/wp\/v2\/posts\/63395\/revisions\/63398"}],"wp:attachment":[{"href":"https:\/\/www.r2cpress.com.br\/v1\/wp-json\/wp\/v2\/media?parent=63395"}],"wp:term":[{"taxonomy":"category","embeddable":true,"href":"https:\/\/www.r2cpress.com.br\/v1\/wp-json\/wp\/v2\/categories?post=63395"},{"taxonomy":"post_tag","embeddable":true,"href":"https:\/\/www.r2cpress.com.br\/v1\/wp-json\/wp\/v2\/tags?post=63395"}],"curies":[{"name":"wp","href":"https:\/\/api.w.org\/{rel}","templated":true}]}}