{"id":63399,"date":"2013-04-19T13:12:53","date_gmt":"2013-04-19T16:12:53","guid":{"rendered":"http:\/\/www.r2cpress.com.br\/v1\/?p=63399"},"modified":"2013-04-19T13:12:53","modified_gmt":"2013-04-19T16:12:53","slug":"caic-pais-articulam-movimento","status":"publish","type":"post","link":"https:\/\/www.r2cpress.com.br\/v1\/2013\/04\/19\/caic-pais-articulam-movimento\/","title":{"rendered":"CAIC  \/ PAIS ARTICULAM MOVIMENTO."},"content":{"rendered":"<p><em><strong>Leitora do site, indignada, manteve contato com nossa reda\u00e7\u00e3o e desenhou um quadro que \u00e9, no m\u00ednimo, estarrecedor.<\/p>\n<p>O CAIC (zona sul) de Ilh\u00e9us est\u00e1 sem \u00e1gua. Banheiros imundos, a limpeza comprometida e o pior: as aulas continuam normalmente.<\/p>\n<p>A fedentina j\u00e1 toma conta do col\u00e9gio  e os pais est\u00e3o articulando um movimento no sentido de ver solucionado esse problema que j\u00e1 est\u00e1 sendo considerado de SA\u00daDE P\u00daBLICA.<\/p>\n<p>Voltaremos ao assunto.<\/strong><\/em><\/p>\n<p><b><center>ESPA\u00c7O ABERTO PARA A DIRE\u00c7\u00c3O DO COL\u00c9GIO &#8211; QUERENDO &#8211; SE MANIFESTAR.<\/center><\/b><\/p>\n","protected":false},"excerpt":{"rendered":"<p>Leitora do site, indignada, manteve contato com nossa reda\u00e7\u00e3o e desenhou um quadro que \u00e9, no m\u00ednimo, estarrecedor. O CAIC (zona sul) de Ilh\u00e9us est\u00e1 sem \u00e1gua. Banheiros imundos, a limpeza comprometida e o pior: as aulas continuam normalmente. A fedentina j\u00e1 toma conta do col\u00e9gio e os pais est\u00e3o articulando um movimento no sentido [&hellip;]<\/p>\n","protected":false},"author":2,"featured_media":0,"comment_status":"open","ping_status":"open","sticky":false,"template":"","format":"standard","meta":{"_links_to":"","_links_to_target":""},"categories":[10],"tags":[],"_links":{"self":[{"href":"https:\/\/www.r2cpress.com.br\/v1\/wp-json\/wp\/v2\/posts\/63399"}],"collection":[{"href":"https:\/\/www.r2cpress.com.br\/v1\/wp-json\/wp\/v2\/posts"}],"about":[{"href":"https:\/\/www.r2cpress.com.br\/v1\/wp-json\/wp\/v2\/types\/post"}],"author":[{"embeddable":true,"href":"https:\/\/www.r2cpress.com.br\/v1\/wp-json\/wp\/v2\/users\/2"}],"replies":[{"embeddable":true,"href":"https:\/\/www.r2cpress.com.br\/v1\/wp-json\/wp\/v2\/comments?post=63399"}],"version-history":[{"count":2,"href":"https:\/\/www.r2cpress.com.br\/v1\/wp-json\/wp\/v2\/posts\/63399\/revisions"}],"predecessor-version":[{"id":63401,"href":"https:\/\/www.r2cpress.com.br\/v1\/wp-json\/wp\/v2\/posts\/63399\/revisions\/63401"}],"wp:attachment":[{"href":"https:\/\/www.r2cpress.com.br\/v1\/wp-json\/wp\/v2\/media?parent=63399"}],"wp:term":[{"taxonomy":"category","embeddable":true,"href":"https:\/\/www.r2cpress.com.br\/v1\/wp-json\/wp\/v2\/categories?post=63399"},{"taxonomy":"post_tag","embeddable":true,"href":"https:\/\/www.r2cpress.com.br\/v1\/wp-json\/wp\/v2\/tags?post=63399"}],"curies":[{"name":"wp","href":"https:\/\/api.w.org\/{rel}","templated":true}]}}