{"id":6340,"date":"2011-01-11T20:00:41","date_gmt":"2011-01-11T23:00:41","guid":{"rendered":"http:\/\/www.r2cpress.com.br\/v1\/?p=6340"},"modified":"2011-01-11T20:00:41","modified_gmt":"2011-01-11T23:00:41","slug":"bahia-esta-entre-os-estados-com-maior-risco-de-epidemia-de-dengue","status":"publish","type":"post","link":"https:\/\/www.r2cpress.com.br\/v1\/2011\/01\/11\/bahia-esta-entre-os-estados-com-maior-risco-de-epidemia-de-dengue\/","title":{"rendered":"Bahia est\u00e1 entre os estados com maior risco de epidemia de dengue"},"content":{"rendered":"<p><strong>Minist\u00e9rio da Sa\u00fade anunciou novo plano de combate \u00e0 doen\u00e7a para os 16 estados brasileiros com risco de epidemia<\/strong><\/p>\n<p>Levantamento do Minist\u00e9rio da Sa\u00fade mostra que, dentre os 16 estados com risco &#8220;muito alto&#8221; de sofrer uma epidemia de dengue no ver\u00e3o deste ano, 12 est\u00e3o nas regi\u00f5es Norte e Nordeste, no qual se inclui a Bahia.<\/p>\n<p>O novo mapa de risco da dengue foi divulgado nesta ter\u00e7a-feira (11) pelo ministro da Sa\u00fade, Alexandre Padilha. O objetivo do mapa de risco \u00e9 orientar as a\u00e7\u00f5es de preven\u00e7\u00e3o e aten\u00e7\u00e3o \u00e0 sa\u00fade para a esta\u00e7\u00e3o das chuvas neste ano.<\/p>\n<p>Em setembro do ano passado, quando o mapa foi lan\u00e7ado, eram dez os estados classificados entre os de risco &#8220;muito alto&#8221;.<\/p>\n<p><!--more--><\/p>\n<p>Os 16 estados considerados com risco &#8220;muito alto&#8221; de epidemia s\u00e3o  Bahia, Acre, Amazonas, Par\u00e1, Maranh\u00e3o, Piau\u00ed, Cear\u00e1, Rio Grande do Norte, Para\u00edba, Pernambuco, Alagoas, Sergipe, Tocantins, Mato Grosso, Esp\u00edrito Santo e Rio de Janeiro.<\/p>\n<p>Outros cinco estados, al\u00e9m do Distrito Federal, foram classificados como de risco &#8220;alto&#8221; de epidemia (Mato Grosso do Sul, Minas Gerais, Goi\u00e1s, Amap\u00e1 e Roraima).<\/p>\n<p>Segundo o ministro, o aumento nos estados com risco mais elevado se deve a crit\u00e9rios de classifica\u00e7\u00e3o mais \u201cconservadores\u201d.<\/p>\n<p>Na pr\u00f3xima semana, o ministro se reunir\u00e1 com secret\u00e1rios de Sa\u00fade dos 16 estados com risco muito alto de epidemia da doen\u00e7a. \u201cA cobran\u00e7a e a parceria do Minist\u00e9rio da Sa\u00fade com esses secret\u00e1rios \u00e9 a implanta\u00e7\u00e3o das diretrizes de combate \u00e0 dengue e a rede de aten\u00e7\u00e3o. Os estados t\u00eam papel fundamental de apoiar munic\u00edpios\u201d, disse o ministro.<\/p>\n<p>O Minist\u00e9rio da Sa\u00fade tamb\u00e9m identificou 70 munic\u00edpios com risco alto de surto da doen\u00e7a. Entre eles, est\u00e3o todas as capitais de estados, exceto Porto Alegre (RS), S\u00e3o Paulo (SP) e Florian\u00f3polis (SC). Esses locais ter\u00e3o a vigil\u00e2ncia refor\u00e7ada e o Minist\u00e9rio da Sa\u00fade far\u00e1 monitoramento semanal da situa\u00e7\u00e3o.<\/p>\n<p>Segundo informa\u00e7\u00f5es do G1, as cidades consideradas pelo governo em estado de maior aten\u00e7\u00e3o s\u00e3o Rio Branco, Porto Velho e Manaus. Nesta ter\u00e7a-feira, depois de reuni\u00e3o com a presidente Dilma Rousseff, o ministro da Sa\u00fade anunciou um plano de combate que re\u00fane 12 \u00f3rg\u00e3os do governo federal.<\/p>\n<p>&#8212;<br \/>\nReda\u00e7\u00e3o <a HREF = \"http:\/\/www.correio24horas.com.br\/noticias\/detalhes\/detalhes-1\/artigo\/bahia-esta-entre-os-estados-com-maior-risco-de-epidemia-de-dengue\/\" TARGET = \"_NEWS\"><b>CORREIO DA BAHIA<\/b><\/a><\/p>\n","protected":false},"excerpt":{"rendered":"<p>Minist\u00e9rio da Sa\u00fade anunciou novo plano de combate \u00e0 doen\u00e7a para os 16 estados brasileiros com risco de epidemia Levantamento do Minist\u00e9rio da Sa\u00fade mostra que, dentre os 16 estados com risco &#8220;muito alto&#8221; de sofrer uma epidemia de dengue no ver\u00e3o deste ano, 12 est\u00e3o nas regi\u00f5es Norte e Nordeste, no qual se inclui [&hellip;]<\/p>\n","protected":false},"author":2,"featured_media":0,"comment_status":"open","ping_status":"open","sticky":false,"template":"","format":"standard","meta":{"_links_to":"","_links_to_target":""},"categories":[13],"tags":[],"_links":{"self":[{"href":"https:\/\/www.r2cpress.com.br\/v1\/wp-json\/wp\/v2\/posts\/6340"}],"collection":[{"href":"https:\/\/www.r2cpress.com.br\/v1\/wp-json\/wp\/v2\/posts"}],"about":[{"href":"https:\/\/www.r2cpress.com.br\/v1\/wp-json\/wp\/v2\/types\/post"}],"author":[{"embeddable":true,"href":"https:\/\/www.r2cpress.com.br\/v1\/wp-json\/wp\/v2\/users\/2"}],"replies":[{"embeddable":true,"href":"https:\/\/www.r2cpress.com.br\/v1\/wp-json\/wp\/v2\/comments?post=6340"}],"version-history":[{"count":2,"href":"https:\/\/www.r2cpress.com.br\/v1\/wp-json\/wp\/v2\/posts\/6340\/revisions"}],"predecessor-version":[{"id":6342,"href":"https:\/\/www.r2cpress.com.br\/v1\/wp-json\/wp\/v2\/posts\/6340\/revisions\/6342"}],"wp:attachment":[{"href":"https:\/\/www.r2cpress.com.br\/v1\/wp-json\/wp\/v2\/media?parent=6340"}],"wp:term":[{"taxonomy":"category","embeddable":true,"href":"https:\/\/www.r2cpress.com.br\/v1\/wp-json\/wp\/v2\/categories?post=6340"},{"taxonomy":"post_tag","embeddable":true,"href":"https:\/\/www.r2cpress.com.br\/v1\/wp-json\/wp\/v2\/tags?post=6340"}],"curies":[{"name":"wp","href":"https:\/\/api.w.org\/{rel}","templated":true}]}}