{"id":63417,"date":"2013-04-19T20:00:15","date_gmt":"2013-04-19T23:00:15","guid":{"rendered":"http:\/\/www.r2cpress.com.br\/v1\/?p=63417"},"modified":"2013-04-19T19:46:35","modified_gmt":"2013-04-19T22:46:35","slug":"do-fundo-do-bau-de-jose-leite-109","status":"publish","type":"post","link":"https:\/\/www.r2cpress.com.br\/v1\/2013\/04\/19\/do-fundo-do-bau-de-jose-leite-109\/","title":{"rendered":"DO FUNDO DO BA\u00da DE JOS\u00c9 LEITE"},"content":{"rendered":"<p><center><img alt=\"\" src=\"http:\/\/www.r2cpress.com.br\/v1\/wp-content\/uploads\/tampa-do-ba%C3%BA-com-camisa.jpg\" \/><br \/>\n<strong>1) H\u00c1 21 ANOS ATR\u00c1S, O ABRA\u00c7O DOS AMIGOS QUE J\u00c1 SE FORAM.<br \/>\n2) NOS MIST\u00c9RIOS DA MA\u00c7\u00d4NARIA (10).<br \/>\n3) AS FOTOS DESTAQUES DA SEMANA.<\/strong><\/center><!--more--><\/p>\n<p>***<\/p>\n<p><center>H\u00c1 21 ANOS ATR\u00c1S, O ABRA\u00c7O DOS AMIGOS QUE J\u00c1 SE FORAM.<\/center>Aconteceu h\u00e1 21 anos atr\u00e1s, precisamente em janeiro de 1992, a C\u00c2MARA MUNICIPAL DE ILH\u00c9US reunida no CLUBE SOCIAL DE ILH\u00c9US conferiu o T\u00cdTULO DE CIDAD\u00c3O ILHEENSE a JOS\u00c9 LEITE DE SOUZA pelos relevantes servi\u00e7os prestados ao MUNIC\u00cdPIO de ILH\u00c9US. Foram 804 pessoas presentes, conforme assinaturas no livro de presen\u00e7a da C\u00c2MARA MUNICIPAL DE ILH\u00c9US, quantidade de pessoas at\u00e9 hoje n\u00e3o superada numa solenidade de entrega de um T\u00edtulo de CIDAD\u00c3O ILHEENSE, com um detalhe: a entrega foi somente para um homenageado. Foram centenas de pessoas (familiares, autoridades e amigos) presentes. Entre esses amigos, alguns j\u00e1 se \u201cforam\u201d, mas JOS\u00c9 LEITE n\u00e3o os esquece. POR QUE AMIGO, N\u00c3O \u00c9 COISA PARA SE ESQUECER!<\/p>\n<div id=\"attachment_63418\" style=\"width: 310px\" class=\"wp-caption aligncenter\"><a href=\"http:\/\/www.r2cpress.com.br\/v1\/wp-content\/uploads\/110.jpeg\"><img aria-describedby=\"caption-attachment-63418\" loading=\"lazy\" class=\"size-medium wp-image-63418\" alt=\"Abra\u00e7o do saudoso amigo FERNANDO COSTA LINO, companheiro lojista do CDL de ILH\u00c9US.\" src=\"http:\/\/www.r2cpress.com.br\/v1\/wp-content\/uploads\/110-300x236.jpeg\" width=\"300\" height=\"236\" srcset=\"https:\/\/www.r2cpress.com.br\/v1\/wp-content\/uploads\/110-300x236.jpeg 300w, https:\/\/www.r2cpress.com.br\/v1\/wp-content\/uploads\/110.jpeg 710w\" sizes=\"(max-width: 300px) 100vw, 300px\" \/><\/a><p id=\"caption-attachment-63418\" class=\"wp-caption-text\">Abra\u00e7o do saudoso amigo FERNANDO COSTA LINO, companheiro lojista do CDL de ILH\u00c9US.<\/p><\/div>\n<div id=\"attachment_63419\" style=\"width: 310px\" class=\"wp-caption aligncenter\"><a href=\"http:\/\/www.r2cpress.com.br\/v1\/wp-content\/uploads\/25.jpeg\"><img aria-describedby=\"caption-attachment-63419\" loading=\"lazy\" class=\"size-medium wp-image-63419\" alt=\"Abra\u00e7o do saudoso amigo FRANCISCO CARDOSO, diretor e colunista do saudoso JORNAL DI\u00c1RIO DA TARDE.\" src=\"http:\/\/www.r2cpress.com.br\/v1\/wp-content\/uploads\/25-300x227.jpeg\" width=\"300\" height=\"227\" srcset=\"https:\/\/www.r2cpress.com.br\/v1\/wp-content\/uploads\/25-300x227.jpeg 300w, https:\/\/www.r2cpress.com.br\/v1\/wp-content\/uploads\/25.jpeg 710w\" sizes=\"(max-width: 300px) 100vw, 300px\" \/><\/a><p id=\"caption-attachment-63419\" class=\"wp-caption-text\">Abra\u00e7o do saudoso amigo FRANCISCO CARDOSO, diretor e colunista do saudoso JORNAL DI\u00c1RIO DA TARDE.<\/p><\/div>\n<div id=\"attachment_63420\" style=\"width: 310px\" class=\"wp-caption aligncenter\"><a href=\"http:\/\/www.r2cpress.com.br\/v1\/wp-content\/uploads\/35.jpeg\"><img aria-describedby=\"caption-attachment-63420\" loading=\"lazy\" class=\"size-medium wp-image-63420\" alt=\"Abra\u00e7o do saudoso amigo VALMIR CHAGAS, foi quem lan\u00e7ou o Loteamento JARDIM ATL\u00c2NTICO n\u00ba 01 e n\u00ba 02 no Km 02 da Rodovia ILH\u00c9US\/OLIVEN\u00c7A.\" src=\"http:\/\/www.r2cpress.com.br\/v1\/wp-content\/uploads\/35-300x214.jpeg\" width=\"300\" height=\"214\" srcset=\"https:\/\/www.r2cpress.com.br\/v1\/wp-content\/uploads\/35-300x214.jpeg 300w, https:\/\/www.r2cpress.com.br\/v1\/wp-content\/uploads\/35.jpeg 710w\" sizes=\"(max-width: 300px) 100vw, 300px\" \/><\/a><p id=\"caption-attachment-63420\" class=\"wp-caption-text\">Abra\u00e7o do saudoso amigo VALMIR CHAGAS, foi quem lan\u00e7ou o Loteamento JARDIM ATL\u00c2NTICO n\u00ba 01 e n\u00ba 02 no Km 02 da Rodovia ILH\u00c9US\/OLIVEN\u00c7A.<\/p><\/div>\n<div id=\"attachment_63421\" style=\"width: 310px\" class=\"wp-caption aligncenter\"><a href=\"http:\/\/www.r2cpress.com.br\/v1\/wp-content\/uploads\/45.jpeg\"><img aria-describedby=\"caption-attachment-63421\" loading=\"lazy\" class=\"size-medium wp-image-63421\" alt=\"Abra\u00e7o do saudoso amigo RAIMUNDO DIOGENES CAMPOS (MUNDINHO) grande Goleiro do COLO-COLO nas d\u00e9cadas de 1960\/1970.\" src=\"http:\/\/www.r2cpress.com.br\/v1\/wp-content\/uploads\/45-300x234.jpeg\" width=\"300\" height=\"234\" srcset=\"https:\/\/www.r2cpress.com.br\/v1\/wp-content\/uploads\/45-300x234.jpeg 300w, https:\/\/www.r2cpress.com.br\/v1\/wp-content\/uploads\/45.jpeg 710w\" sizes=\"(max-width: 300px) 100vw, 300px\" \/><\/a><p id=\"caption-attachment-63421\" class=\"wp-caption-text\">Abra\u00e7o do saudoso amigo RAIMUNDO DIOGENES CAMPOS (MUNDINHO) grande Goleiro do COLO-COLO nas d\u00e9cadas de 1960\/1970.<\/p><\/div>\n<div id=\"attachment_63422\" style=\"width: 302px\" class=\"wp-caption aligncenter\"><a href=\"http:\/\/www.r2cpress.com.br\/v1\/wp-content\/uploads\/55.jpeg\"><img aria-describedby=\"caption-attachment-63422\" loading=\"lazy\" class=\"size-medium wp-image-63422\" alt=\"Abra\u00e7o do saudoso amigo Dr. ARISTON CARDOSO, Ex. Prefeito de ILH\u00c9US e meu professor na ESCOLA T\u00c9CNICA DE COM\u00c9RCIO (CEAMEV).\" src=\"http:\/\/www.r2cpress.com.br\/v1\/wp-content\/uploads\/55-292x300.jpeg\" width=\"292\" height=\"300\" srcset=\"https:\/\/www.r2cpress.com.br\/v1\/wp-content\/uploads\/55-292x300.jpeg 292w, https:\/\/www.r2cpress.com.br\/v1\/wp-content\/uploads\/55.jpeg 710w\" sizes=\"(max-width: 292px) 100vw, 292px\" \/><\/a><p id=\"caption-attachment-63422\" class=\"wp-caption-text\">Abra\u00e7o do saudoso amigo Dr. ARISTON CARDOSO, Ex. Prefeito de ILH\u00c9US e meu professor na ESCOLA T\u00c9CNICA DE COM\u00c9RCIO (CEAMEV).<\/p><\/div>\n<div id=\"attachment_63423\" style=\"width: 310px\" class=\"wp-caption aligncenter\"><a href=\"http:\/\/www.r2cpress.com.br\/v1\/wp-content\/uploads\/66.jpeg\"><img aria-describedby=\"caption-attachment-63423\" loading=\"lazy\" class=\"size-medium wp-image-63423\" alt=\"Abra\u00e7o do meu saudoso amigo MANOEL CARLOS AMORIM DE ALMEIDA, um apaixonado por ILH\u00c9US!\" src=\"http:\/\/www.r2cpress.com.br\/v1\/wp-content\/uploads\/66-300x203.jpeg\" width=\"300\" height=\"203\" srcset=\"https:\/\/www.r2cpress.com.br\/v1\/wp-content\/uploads\/66-300x203.jpeg 300w, https:\/\/www.r2cpress.com.br\/v1\/wp-content\/uploads\/66.jpeg 710w\" sizes=\"(max-width: 300px) 100vw, 300px\" \/><\/a><p id=\"caption-attachment-63423\" class=\"wp-caption-text\">Abra\u00e7o do meu saudoso amigo MANOEL CARLOS AMORIM DE ALMEIDA, um apaixonado por ILH\u00c9US!<\/p><\/div>\n<p><center>NOS MIST\u00c9RIOS DA MA\u00c7\u00d4NARIA (10)<\/center><\/p>\n<div id=\"attachment_63424\" style=\"width: 310px\" class=\"wp-caption aligncenter\"><a href=\"http:\/\/www.r2cpress.com.br\/v1\/wp-content\/uploads\/76.jpeg\"><img aria-describedby=\"caption-attachment-63424\" loading=\"lazy\" class=\"size-medium wp-image-63424\" alt=\"Depois de uma reuni\u00e3o festiva na LOJA MA\u00c7\u00d4NICA REGENERA\u00c7\u00c3O SUL BAIANA na d\u00e9cada de 1950, foi servido um fin\u00edssimo JANTAR cujo prato foi CARUR\u00da. Na foto acima o saudoso VENER\u00c1VEL MESTRE \u00c1LVARO MELLO VIEIRA servindo ao saudoso irm\u00e3o MA\u00c7OM ZAKI OCKE, pai dos irm\u00e3os OCKE. Observe tamb\u00e9m: o primeiro a direita \u00e9 o amigo irm\u00e3o Ma\u00e7om ANTONIO LINO PEREIRA CAMPOS que no \u00faltimo m\u00eas de novembro completou 90 anos com muita sa\u00fade, gra\u00e7as ao grande ARQUITETO DO UNIVERSO. \" src=\"http:\/\/www.r2cpress.com.br\/v1\/wp-content\/uploads\/76-300x217.jpeg\" width=\"300\" height=\"217\" srcset=\"https:\/\/www.r2cpress.com.br\/v1\/wp-content\/uploads\/76-300x217.jpeg 300w, https:\/\/www.r2cpress.com.br\/v1\/wp-content\/uploads\/76.jpeg 710w\" sizes=\"(max-width: 300px) 100vw, 300px\" \/><\/a><p id=\"caption-attachment-63424\" class=\"wp-caption-text\">Depois de uma reuni\u00e3o festiva na LOJA MA\u00c7\u00d4NICA REGENERA\u00c7\u00c3O SUL BAIANA na d\u00e9cada de 1950, foi servido um fin\u00edssimo JANTAR cujo prato foi CARUR\u00da. Na foto acima o saudoso VENER\u00c1VEL MESTRE \u00c1LVARO MELLO VIEIRA servindo ao saudoso irm\u00e3o MA\u00c7OM ZAKI OCKE, pai dos irm\u00e3os OCKE. Observe tamb\u00e9m: o primeiro a direita \u00e9 o amigo irm\u00e3o Ma\u00e7om ANTONIO LINO PEREIRA CAMPOS que no \u00faltimo m\u00eas de novembro completou 90 anos com muita sa\u00fade, gra\u00e7as ao grande ARQUITETO DO UNIVERSO.<\/p><\/div>\n<p><center>AS FOTOS DESTAQUES DA SEMANA<\/center><\/p>\n<div id=\"attachment_63425\" style=\"width: 153px\" class=\"wp-caption aligncenter\"><a href=\"http:\/\/www.r2cpress.com.br\/v1\/wp-content\/uploads\/85.jpeg\"><img aria-describedby=\"caption-attachment-63425\" loading=\"lazy\" class=\"size-medium wp-image-63425\" alt=\"COMO CAT\u00d3LICO APOST\u00d3LICO ROMANO, ESTAREI PRESENTE NA FESTA DE S\u00c3O JORGE.\" src=\"http:\/\/www.r2cpress.com.br\/v1\/wp-content\/uploads\/85-143x300.jpeg\" width=\"143\" height=\"300\" srcset=\"https:\/\/www.r2cpress.com.br\/v1\/wp-content\/uploads\/85-143x300.jpeg 143w, https:\/\/www.r2cpress.com.br\/v1\/wp-content\/uploads\/85.jpeg 286w\" sizes=\"(max-width: 143px) 100vw, 143px\" \/><\/a><p id=\"caption-attachment-63425\" class=\"wp-caption-text\">COMO CAT\u00d3LICO APOST\u00d3LICO ROMANO, ESTAREI PRESENTE NA FESTA DE S\u00c3O JORGE.<\/p><\/div>\n<div id=\"attachment_63426\" style=\"width: 310px\" class=\"wp-caption aligncenter\"><a href=\"http:\/\/www.r2cpress.com.br\/v1\/wp-content\/uploads\/96.jpeg\"><img aria-describedby=\"caption-attachment-63426\" loading=\"lazy\" class=\"size-medium wp-image-63426\" alt=\"A DIRETORIA DA C\u00c2MARA DE DIRIGENTES LOJISTAS DE ILH\u00c9US reuniu-se na \u00faltima ter\u00e7a feira (16-04-2013) com o Prefeito JABES RIBEIRO e Secret\u00e1rios com o objetivo de formar novas parcerias para o ano de 2013.\" src=\"http:\/\/www.r2cpress.com.br\/v1\/wp-content\/uploads\/96-300x198.jpeg\" width=\"300\" height=\"198\" srcset=\"https:\/\/www.r2cpress.com.br\/v1\/wp-content\/uploads\/96-300x198.jpeg 300w, https:\/\/www.r2cpress.com.br\/v1\/wp-content\/uploads\/96.jpeg 710w\" sizes=\"(max-width: 300px) 100vw, 300px\" \/><\/a><p id=\"caption-attachment-63426\" class=\"wp-caption-text\">A DIRETORIA DA C\u00c2MARA DE DIRIGENTES LOJISTAS DE ILH\u00c9US reuniu-se na \u00faltima ter\u00e7a feira (16-04-2013) com o Prefeito JABES RIBEIRO e Secret\u00e1rios com o objetivo de formar novas parcerias para o ano de 2013.<\/p><\/div>\n<div id=\"attachment_63427\" style=\"width: 310px\" class=\"wp-caption aligncenter\"><a href=\"http:\/\/www.r2cpress.com.br\/v1\/wp-content\/uploads\/106.jpeg\"><img aria-describedby=\"caption-attachment-63427\" loading=\"lazy\" class=\"size-medium wp-image-63427\" alt=\"AS MANGAS do quintal da casa do amigo Dr. GERALDO em JUAZEIRO DO NORTE.\" src=\"http:\/\/www.r2cpress.com.br\/v1\/wp-content\/uploads\/106-300x200.jpeg\" width=\"300\" height=\"200\" srcset=\"https:\/\/www.r2cpress.com.br\/v1\/wp-content\/uploads\/106-300x200.jpeg 300w, https:\/\/www.r2cpress.com.br\/v1\/wp-content\/uploads\/106.jpeg 710w\" sizes=\"(max-width: 300px) 100vw, 300px\" \/><\/a><p id=\"caption-attachment-63427\" class=\"wp-caption-text\">AS MANGAS do quintal da casa do amigo Dr. GERALDO em JUAZEIRO DO NORTE.<\/p><\/div>\n<div id=\"attachment_63428\" style=\"width: 310px\" class=\"wp-caption aligncenter\"><a href=\"http:\/\/www.r2cpress.com.br\/v1\/wp-content\/uploads\/116.jpeg\"><img aria-describedby=\"caption-attachment-63428\" loading=\"lazy\" class=\"size-medium wp-image-63428\" alt=\"Meu amigo Dr. GERALDO MENEZES BARBOSA, 89 anos com a energia e sa\u00fade de um jovem, fez quest\u00e3o de colher umas mangas para seu amigo JOS\u00c9 LEITE levar para ILH\u00c9US. \" src=\"http:\/\/www.r2cpress.com.br\/v1\/wp-content\/uploads\/116-300x203.jpeg\" width=\"300\" height=\"203\" srcset=\"https:\/\/www.r2cpress.com.br\/v1\/wp-content\/uploads\/116-300x203.jpeg 300w, https:\/\/www.r2cpress.com.br\/v1\/wp-content\/uploads\/116.jpeg 710w\" sizes=\"(max-width: 300px) 100vw, 300px\" \/><\/a><p id=\"caption-attachment-63428\" class=\"wp-caption-text\">Meu amigo Dr. GERALDO MENEZES BARBOSA, 89 anos com a energia e sa\u00fade de um jovem, fez quest\u00e3o de colher umas mangas para seu amigo JOS\u00c9 LEITE levar para ILH\u00c9US.<\/p><\/div>\n<div id=\"attachment_63429\" style=\"width: 310px\" class=\"wp-caption aligncenter\"><a href=\"http:\/\/www.r2cpress.com.br\/v1\/wp-content\/uploads\/126.jpeg\"><img aria-describedby=\"caption-attachment-63429\" loading=\"lazy\" class=\"size-medium wp-image-63429\" alt=\"GABRIEL LOPES SEARA (TOPERA) 16 anos ATUAL CAMPE\u00c3O ILHEENSE DE SKATE e VICE-CAMPE\u00c3O BAIANO DE SKATE precisa de PATROC\u00cdNIO para chegar ao P\u00f3dio nacional na categoria amador \u2013 2.  Contato: 73-8878-8809, e-mail: cebola@htomail.com. Na foto: GABRIEL, ao lado o Vice-Prefeito  CARLOS MACHADO (CAC\u00c1), JOS\u00c9 LEITE e JOSU\u00c9 MARCELINO DE SOUZA (Inaugura\u00e7\u00e3o da Loja LANYLLAS). \" src=\"http:\/\/www.r2cpress.com.br\/v1\/wp-content\/uploads\/126-300x206.jpeg\" width=\"300\" height=\"206\" srcset=\"https:\/\/www.r2cpress.com.br\/v1\/wp-content\/uploads\/126-300x206.jpeg 300w, https:\/\/www.r2cpress.com.br\/v1\/wp-content\/uploads\/126.jpeg 710w\" sizes=\"(max-width: 300px) 100vw, 300px\" \/><\/a><p id=\"caption-attachment-63429\" class=\"wp-caption-text\">GABRIEL LOPES SEARA (TOPERA) 16 anos ATUAL CAMPE\u00c3O ILHEENSE DE SKATE e VICE-CAMPE\u00c3O BAIANO DE SKATE precisa de PATROC\u00cdNIO para chegar ao P\u00f3dio nacional na categoria amador \u2013 2.<br \/>Contato: 73-8878-8809, e-mail: cebola@htomail.com.<br \/>Na foto: GABRIEL, ao lado o Vice-Prefeito\u00a0 CARLOS MACHADO (CAC\u00c1), JOS\u00c9 LEITE e JOSU\u00c9 MARCELINO DE SOUZA (Inaugura\u00e7\u00e3o da Loja LANYLLAS).<\/p><\/div>\n<div id=\"attachment_63430\" style=\"width: 229px\" class=\"wp-caption aligncenter\"><a href=\"http:\/\/www.r2cpress.com.br\/v1\/wp-content\/uploads\/136.jpeg\"><img aria-describedby=\"caption-attachment-63430\" loading=\"lazy\" class=\"size-medium wp-image-63430\" alt=\"UM DOS CORON\u00c9IS mais importantes da \u00e9poca do CACAU. ANTONIO LAVIGNE DE LEMOS (CEL. SEN\u00d4) e sua esposa DONA MARIA LUISA SCHAUM LAVIGNE, propriet\u00e1rios da FAZENDA ROS\u00c1RIO na Zona Norte do Munic\u00edpio de ILH\u00c9US. Existe uma Rua no centro de ILH\u00c9US homenageando o CORONEL  (RUA ANTONIO LAVIGNE DE LEMOS). \" src=\"http:\/\/www.r2cpress.com.br\/v1\/wp-content\/uploads\/136-219x300.jpeg\" width=\"219\" height=\"300\" srcset=\"https:\/\/www.r2cpress.com.br\/v1\/wp-content\/uploads\/136-219x300.jpeg 219w, https:\/\/www.r2cpress.com.br\/v1\/wp-content\/uploads\/136.jpeg 439w\" sizes=\"(max-width: 219px) 100vw, 219px\" \/><\/a><p id=\"caption-attachment-63430\" class=\"wp-caption-text\">UM DOS CORON\u00c9IS mais importantes da \u00e9poca do CACAU. ANTONIO LAVIGNE DE LEMOS (CEL. SEN\u00d4) e sua esposa DONA MARIA LUISA SCHAUM LAVIGNE, propriet\u00e1rios da FAZENDA ROS\u00c1RIO na Zona Norte do Munic\u00edpio de ILH\u00c9US. Existe uma Rua no centro de ILH\u00c9US homenageando o CORONEL<br \/>(RUA ANTONIO LAVIGNE DE LEMOS).<\/p><\/div>\n<div id=\"attachment_63431\" style=\"width: 310px\" class=\"wp-caption aligncenter\"><a href=\"http:\/\/www.r2cpress.com.br\/v1\/wp-content\/uploads\/144.jpeg\"><img aria-describedby=\"caption-attachment-63431\" loading=\"lazy\" class=\"size-medium wp-image-63431\" alt=\"Vista de ILH\u00c9US e o PORTO ainda em constru\u00e7\u00e3o. (Foto: final da d\u00e9cada de 1960).\" src=\"http:\/\/www.r2cpress.com.br\/v1\/wp-content\/uploads\/144-300x208.jpeg\" width=\"300\" height=\"208\" srcset=\"https:\/\/www.r2cpress.com.br\/v1\/wp-content\/uploads\/144-300x208.jpeg 300w, https:\/\/www.r2cpress.com.br\/v1\/wp-content\/uploads\/144.jpeg 710w\" sizes=\"(max-width: 300px) 100vw, 300px\" \/><\/a><p id=\"caption-attachment-63431\" class=\"wp-caption-text\">Vista de ILH\u00c9US e o PORTO ainda em constru\u00e7\u00e3o. (Foto: final da d\u00e9cada de 1960).<\/p><\/div>\n<p><center>E NO MAIS&#8230;<\/center><\/p>\n<div id=\"attachment_63432\" style=\"width: 310px\" class=\"wp-caption aligncenter\"><a href=\"http:\/\/www.r2cpress.com.br\/v1\/wp-content\/uploads\/156.jpeg\"><img aria-describedby=\"caption-attachment-63432\" loading=\"lazy\" class=\"size-medium wp-image-63432\" alt=\"BRUNO SUSNAGA propriet\u00e1rio do BAR E RESTAURANTE BARRAK\u00cdTICA ajoelhado, pedindo ao seu fregu\u00eas MOR\u00caIA (consome um refrigerante por semana) que continue seu cliente e n\u00e3o v\u00e1 para outro lugar. Rsrsrs.\" src=\"http:\/\/www.r2cpress.com.br\/v1\/wp-content\/uploads\/156-300x203.jpeg\" width=\"300\" height=\"203\" srcset=\"https:\/\/www.r2cpress.com.br\/v1\/wp-content\/uploads\/156-300x203.jpeg 300w, https:\/\/www.r2cpress.com.br\/v1\/wp-content\/uploads\/156.jpeg 710w\" sizes=\"(max-width: 300px) 100vw, 300px\" \/><\/a><p id=\"caption-attachment-63432\" class=\"wp-caption-text\">BRUNO SUSNAGA propriet\u00e1rio do BAR E RESTAURANTE BARRAK\u00cdTICA ajoelhado, pedindo ao seu fregu\u00eas MOR\u00caIA (consome um refrigerante por semana) que continue seu cliente e n\u00e3o v\u00e1 para outro lugar. Rsrsrs.<\/p><\/div>\n<p>&#8212;<br \/>\nTexto e fotos: Jos\u00e9 Leite de Souza<br \/>\njleitesouza@hotmail.com<br \/>\n(73) 3634-3134<\/p>\n","protected":false},"excerpt":{"rendered":"<p>1) H\u00c1 21 ANOS ATR\u00c1S, O ABRA\u00c7O DOS AMIGOS QUE J\u00c1 SE FORAM. 2) NOS MIST\u00c9RIOS DA MA\u00c7\u00d4NARIA (10). 3) AS FOTOS DESTAQUES DA SEMANA.<\/p>\n","protected":false},"author":2,"featured_media":0,"comment_status":"open","ping_status":"open","sticky":false,"template":"","format":"standard","meta":{"_links_to":"","_links_to_target":""},"categories":[10],"tags":[],"_links":{"self":[{"href":"https:\/\/www.r2cpress.com.br\/v1\/wp-json\/wp\/v2\/posts\/63417"}],"collection":[{"href":"https:\/\/www.r2cpress.com.br\/v1\/wp-json\/wp\/v2\/posts"}],"about":[{"href":"https:\/\/www.r2cpress.com.br\/v1\/wp-json\/wp\/v2\/types\/post"}],"author":[{"embeddable":true,"href":"https:\/\/www.r2cpress.com.br\/v1\/wp-json\/wp\/v2\/users\/2"}],"replies":[{"embeddable":true,"href":"https:\/\/www.r2cpress.com.br\/v1\/wp-json\/wp\/v2\/comments?post=63417"}],"version-history":[{"count":7,"href":"https:\/\/www.r2cpress.com.br\/v1\/wp-json\/wp\/v2\/posts\/63417\/revisions"}],"predecessor-version":[{"id":63480,"href":"https:\/\/www.r2cpress.com.br\/v1\/wp-json\/wp\/v2\/posts\/63417\/revisions\/63480"}],"wp:attachment":[{"href":"https:\/\/www.r2cpress.com.br\/v1\/wp-json\/wp\/v2\/media?parent=63417"}],"wp:term":[{"taxonomy":"category","embeddable":true,"href":"https:\/\/www.r2cpress.com.br\/v1\/wp-json\/wp\/v2\/categories?post=63417"},{"taxonomy":"post_tag","embeddable":true,"href":"https:\/\/www.r2cpress.com.br\/v1\/wp-json\/wp\/v2\/tags?post=63417"}],"curies":[{"name":"wp","href":"https:\/\/api.w.org\/{rel}","templated":true}]}}