{"id":63435,"date":"2013-04-19T14:45:56","date_gmt":"2013-04-19T17:45:56","guid":{"rendered":"http:\/\/www.r2cpress.com.br\/v1\/?p=63435"},"modified":"2013-04-19T14:45:56","modified_gmt":"2013-04-19T17:45:56","slug":"igreja-batista-lindinopolis-realiza-culto-pelo-perdao-no-nelson-costa","status":"publish","type":"post","link":"https:\/\/www.r2cpress.com.br\/v1\/2013\/04\/19\/igreja-batista-lindinopolis-realiza-culto-pelo-perdao-no-nelson-costa\/","title":{"rendered":"Igreja Batista Lindin\u00f3polis realiza culto pelo perd\u00e3o no Nelson Costa"},"content":{"rendered":"<p>            A congrega\u00e7\u00e3o da Igreja Batista Lindin\u00f3polis do bairro Nelson Costa realiza, neste s\u00e1bado (20) culto com o tema: Clamando pelo perd\u00e3o de Deus. A solenidade religiosa acontecer\u00e1 \u00e0s 19 horas, na Pra\u00e7a da Mangueira. A atividade ser\u00e1 conduzida pelo pastor Gilmar Bonfim e ser\u00e1 aberta a toda comunidade, independente de religi\u00e3o ou denomina\u00e7\u00e3o.<\/p>\n<p>Para o pastor respons\u00e1vel pela congrega\u00e7\u00e3o, Samuel Silva da Fonseca, a atitude e comportamento da civiliza\u00e7\u00e3o moderna t\u00eam mudado a dire\u00e7\u00e3o e alterado conceitos, levando muitos a se desviarem dos padr\u00f5es de santidade estabelecidos por Deus, nas sagradas escrituras. Por isso, o texto \u00e1ureo trabalhado ser\u00e1 o contido em 2 Cr\u00f4nicas, cap\u00edtulo 7, vers\u00edculo 14:  \u201cSe o meu povo, que se chama pelo meu nome, se humilhar e orar, buscar a minha face e se afastar dos seus maus caminhos, dos c\u00e9us o ouvirei, perdoarei o seu pecado e curarei a sua terra\u201d.  <\/p>\n<p>            O culto especial faz parte da programa\u00e7\u00e3o especial de evangelismo, integrante do \u201cAbril \u2013 m\u00eas da Escola B\u00edblica Dominical\u201d. A congrega\u00e7\u00e3o do bairro Nelson Costa est\u00e1 localizada na Rua Euc\u00e1rio Bastos, 295. J\u00e1 a sede da Igreja Batista Lindin\u00f3polis, presidida pelo pastor Pedro Chagas, fica na Avenida Luiz Viana Filho, 281, bairro da Conquista, em Ilh\u00e9us.<\/p>\n","protected":false},"excerpt":{"rendered":"<p>A congrega\u00e7\u00e3o da Igreja Batista Lindin\u00f3polis do bairro Nelson Costa realiza, neste s\u00e1bado (20) culto com o tema: Clamando pelo perd\u00e3o de Deus. A solenidade religiosa acontecer\u00e1 \u00e0s 19 horas, na Pra\u00e7a da Mangueira. A atividade ser\u00e1 conduzida pelo pastor Gilmar Bonfim e ser\u00e1 aberta a toda comunidade, independente de religi\u00e3o ou denomina\u00e7\u00e3o. Para o [&hellip;]<\/p>\n","protected":false},"author":2,"featured_media":0,"comment_status":"open","ping_status":"open","sticky":false,"template":"","format":"standard","meta":{"_links_to":"","_links_to_target":""},"categories":[28],"tags":[],"_links":{"self":[{"href":"https:\/\/www.r2cpress.com.br\/v1\/wp-json\/wp\/v2\/posts\/63435"}],"collection":[{"href":"https:\/\/www.r2cpress.com.br\/v1\/wp-json\/wp\/v2\/posts"}],"about":[{"href":"https:\/\/www.r2cpress.com.br\/v1\/wp-json\/wp\/v2\/types\/post"}],"author":[{"embeddable":true,"href":"https:\/\/www.r2cpress.com.br\/v1\/wp-json\/wp\/v2\/users\/2"}],"replies":[{"embeddable":true,"href":"https:\/\/www.r2cpress.com.br\/v1\/wp-json\/wp\/v2\/comments?post=63435"}],"version-history":[{"count":2,"href":"https:\/\/www.r2cpress.com.br\/v1\/wp-json\/wp\/v2\/posts\/63435\/revisions"}],"predecessor-version":[{"id":63437,"href":"https:\/\/www.r2cpress.com.br\/v1\/wp-json\/wp\/v2\/posts\/63435\/revisions\/63437"}],"wp:attachment":[{"href":"https:\/\/www.r2cpress.com.br\/v1\/wp-json\/wp\/v2\/media?parent=63435"}],"wp:term":[{"taxonomy":"category","embeddable":true,"href":"https:\/\/www.r2cpress.com.br\/v1\/wp-json\/wp\/v2\/categories?post=63435"},{"taxonomy":"post_tag","embeddable":true,"href":"https:\/\/www.r2cpress.com.br\/v1\/wp-json\/wp\/v2\/tags?post=63435"}],"curies":[{"name":"wp","href":"https:\/\/api.w.org\/{rel}","templated":true}]}}