{"id":63521,"date":"2013-04-20T07:33:09","date_gmt":"2013-04-20T10:33:09","guid":{"rendered":"http:\/\/www.r2cpress.com.br\/v1\/?p=63521"},"modified":"2013-04-20T07:33:09","modified_gmt":"2013-04-20T10:33:09","slug":"ilheus-faz-mobilizacao-para-vacina-contra-a-gripe-neste-sabado","status":"publish","type":"post","link":"https:\/\/www.r2cpress.com.br\/v1\/2013\/04\/20\/ilheus-faz-mobilizacao-para-vacina-contra-a-gripe-neste-sabado\/","title":{"rendered":"Ilh\u00e9us faz mobiliza\u00e7\u00e3o para vacina contra a gripe neste s\u00e1bado"},"content":{"rendered":"<p>Neste s\u00e1bado, 20, dia de mobiliza\u00e7\u00e3o nacional da campanha de vacina\u00e7\u00e3o contra a gripe (influenza), em Ilh\u00e9us, os postos de vacina\u00e7\u00e3o na zona urbana funcionar\u00e3o das 8 \u00e0s 17 horas. Al\u00e9m disso, a secretaria municipal de Sa\u00fade (Sesau) vai instalar dois postos extras de atendimento, um na Central de Abastecimento do Malhado (feira livre) e outro no Banco da Vit\u00f3ria (posto de gasolina).<\/p>\n<p>A campanha de vacina\u00e7\u00e3o pretende imunizar mais de 34 mil pessoas em todo o munic\u00edpio. Na zona urbana, as equipes de vacinadores v\u00e3o trabalhar at\u00e9 o dia 30 de maio. A vacina contra a gripe influenza \u00e9 dirigida \u00e0s crian\u00e7as na faixa et\u00e1ria de seis meses a dois anos de idade, idosos, trabalhadores da sa\u00fade, gestantes, puerperas (at\u00e9 seis meses ap\u00f3s o parto), doentes cr\u00f4nicos e ind\u00edgenas. As categorias de doen\u00e7as cr\u00f4nicas s\u00e3o respirat\u00f3ria, card\u00edaca, renal, hep\u00e1tica e neurol\u00f3gica.<\/p>\n<p><strong>Zona Rural<\/strong> &#8211; A popula\u00e7\u00e3o da zona rural de Ilh\u00e9us est\u00e1 sendo atendida atrav\u00e9s de duas equipes em unidades m\u00f3veis. No pr\u00f3ximo dia 22, segunda-feira, ser\u00e3o atendidas as comunidades de Castelo Novo e Rio de Engenho. No dia 23, os vacinadores ir\u00e3o \u00e0s localidades de Ponta da Tulha e Ponta do Ramo, no litoral norte. J\u00e1 no dia 24, quarta-feira, as equipes estar\u00e3o no Japu e Maria Jape. No dia 25, quinta-feira, ser\u00e1 a vez de Pimenteira e Inema. E no dia 26, Rio do Bra\u00e7o e S\u00e3o Jos\u00e9.  <\/p>\n<p>Zona urbana \u2013 As salas de vacina na zona urbana est\u00e3o funcionando nos seguintes postos de sa\u00fade: na zona central, no CAE III (antigo Sesp), Almiro Vinhaes (Princesa Isabel), Programa de Sa\u00fade da Fam\u00edlia (PSF\/Conquista) e Policl\u00ednica Municipal da Conquista. Na zona sul, no Centro de Sa\u00fade do Hernani S\u00e1 (Urbis), Centro de Sa\u00fade de Oliven\u00e7a, e nos PSFs dos bairros Nelson Costa e Nossa Senhora da Vit\u00f3ria.<\/p>\n<p>Na zona oeste, as salas de vacina funcionam nos postos de sa\u00fade I, II e IV do bairro Tet\u00f4nio Vilela, no centro de sa\u00fade de Vila Cahoeira e nos PSFs I e II (juntos)do Salobrinho. Na zona norte da cidade, a campanha de vacina\u00e7\u00e3o acontece no centro de sa\u00fade Sarah Kubitschek, no Malhado, no Centro Social Urbano (CSU) da Barra e no centro de sa\u00fade do Iguape.   <\/p>\n<p>&#8212;<br \/>\nSecretaria de Comunica\u00e7\u00e3o Social (Secom)<br \/>\nIlh\u00e9us \u2013 19.04.2013<\/p>\n","protected":false},"excerpt":{"rendered":"<p>Neste s\u00e1bado, 20, dia de mobiliza\u00e7\u00e3o nacional da campanha de vacina\u00e7\u00e3o contra a gripe (influenza), em Ilh\u00e9us, os postos de vacina\u00e7\u00e3o na zona urbana funcionar\u00e3o das 8 \u00e0s 17 horas. Al\u00e9m disso, a secretaria municipal de Sa\u00fade (Sesau) vai instalar dois postos extras de atendimento, um na Central de Abastecimento do Malhado (feira livre) e [&hellip;]<\/p>\n","protected":false},"author":2,"featured_media":0,"comment_status":"open","ping_status":"open","sticky":false,"template":"","format":"standard","meta":{"_links_to":"","_links_to_target":""},"categories":[23],"tags":[],"_links":{"self":[{"href":"https:\/\/www.r2cpress.com.br\/v1\/wp-json\/wp\/v2\/posts\/63521"}],"collection":[{"href":"https:\/\/www.r2cpress.com.br\/v1\/wp-json\/wp\/v2\/posts"}],"about":[{"href":"https:\/\/www.r2cpress.com.br\/v1\/wp-json\/wp\/v2\/types\/post"}],"author":[{"embeddable":true,"href":"https:\/\/www.r2cpress.com.br\/v1\/wp-json\/wp\/v2\/users\/2"}],"replies":[{"embeddable":true,"href":"https:\/\/www.r2cpress.com.br\/v1\/wp-json\/wp\/v2\/comments?post=63521"}],"version-history":[{"count":2,"href":"https:\/\/www.r2cpress.com.br\/v1\/wp-json\/wp\/v2\/posts\/63521\/revisions"}],"predecessor-version":[{"id":63523,"href":"https:\/\/www.r2cpress.com.br\/v1\/wp-json\/wp\/v2\/posts\/63521\/revisions\/63523"}],"wp:attachment":[{"href":"https:\/\/www.r2cpress.com.br\/v1\/wp-json\/wp\/v2\/media?parent=63521"}],"wp:term":[{"taxonomy":"category","embeddable":true,"href":"https:\/\/www.r2cpress.com.br\/v1\/wp-json\/wp\/v2\/categories?post=63521"},{"taxonomy":"post_tag","embeddable":true,"href":"https:\/\/www.r2cpress.com.br\/v1\/wp-json\/wp\/v2\/tags?post=63521"}],"curies":[{"name":"wp","href":"https:\/\/api.w.org\/{rel}","templated":true}]}}