{"id":63575,"date":"2013-04-20T21:45:45","date_gmt":"2013-04-21T00:45:45","guid":{"rendered":"http:\/\/www.r2cpress.com.br\/v1\/?p=63575"},"modified":"2013-04-20T21:45:45","modified_gmt":"2013-04-21T00:45:45","slug":"falecimentoinformacoes","status":"publish","type":"post","link":"https:\/\/www.r2cpress.com.br\/v1\/2013\/04\/20\/falecimentoinformacoes\/","title":{"rendered":"Falecimento\/informa\u00e7\u00f5es"},"content":{"rendered":"<p>O corpo de Rafael Santos Arag\u00e3o est\u00e1 sendo velado na resid\u00eancia do seu pai, mec\u00e2nico muito conhecido e querido na cidade de Ilh\u00e9us, Everaldo Arag\u00e3o. O endere\u00e7o \u00e9 rua Candeias e o sepultamento ser\u00e1 amanh\u00e3, domingo, \u00e0s 10 horas.<br \/>\nA rua Candeias fica  na subida do &#8220;Carneiro&#8221; ladeira que d\u00e1 acesso ao bairro da Conquista.<\/p>\n<p>Com sentimentos pela perda.<\/p>\n<p><strong>Rabat\/R2CPRESS-AG\u00caNCIA DE NOT\u00cdCIAS.<\/strong><\/p>\n","protected":false},"excerpt":{"rendered":"<p>O corpo de Rafael Santos Arag\u00e3o est\u00e1 sendo velado na resid\u00eancia do seu pai, mec\u00e2nico muito conhecido e querido na cidade de Ilh\u00e9us, Everaldo Arag\u00e3o. O endere\u00e7o \u00e9 rua Candeias e o sepultamento ser\u00e1 amanh\u00e3, domingo, \u00e0s 10 horas. A rua Candeias fica na subida do &#8220;Carneiro&#8221; ladeira que d\u00e1 acesso ao bairro da Conquista. [&hellip;]<\/p>\n","protected":false},"author":2,"featured_media":0,"comment_status":"open","ping_status":"open","sticky":false,"template":"","format":"standard","meta":{"_links_to":"","_links_to_target":""},"categories":[10],"tags":[],"_links":{"self":[{"href":"https:\/\/www.r2cpress.com.br\/v1\/wp-json\/wp\/v2\/posts\/63575"}],"collection":[{"href":"https:\/\/www.r2cpress.com.br\/v1\/wp-json\/wp\/v2\/posts"}],"about":[{"href":"https:\/\/www.r2cpress.com.br\/v1\/wp-json\/wp\/v2\/types\/post"}],"author":[{"embeddable":true,"href":"https:\/\/www.r2cpress.com.br\/v1\/wp-json\/wp\/v2\/users\/2"}],"replies":[{"embeddable":true,"href":"https:\/\/www.r2cpress.com.br\/v1\/wp-json\/wp\/v2\/comments?post=63575"}],"version-history":[{"count":3,"href":"https:\/\/www.r2cpress.com.br\/v1\/wp-json\/wp\/v2\/posts\/63575\/revisions"}],"predecessor-version":[{"id":63578,"href":"https:\/\/www.r2cpress.com.br\/v1\/wp-json\/wp\/v2\/posts\/63575\/revisions\/63578"}],"wp:attachment":[{"href":"https:\/\/www.r2cpress.com.br\/v1\/wp-json\/wp\/v2\/media?parent=63575"}],"wp:term":[{"taxonomy":"category","embeddable":true,"href":"https:\/\/www.r2cpress.com.br\/v1\/wp-json\/wp\/v2\/categories?post=63575"},{"taxonomy":"post_tag","embeddable":true,"href":"https:\/\/www.r2cpress.com.br\/v1\/wp-json\/wp\/v2\/tags?post=63575"}],"curies":[{"name":"wp","href":"https:\/\/api.w.org\/{rel}","templated":true}]}}