{"id":63604,"date":"2013-04-22T09:43:43","date_gmt":"2013-04-22T12:43:43","guid":{"rendered":"http:\/\/www.r2cpress.com.br\/v1\/?p=63604"},"modified":"2013-04-22T09:47:18","modified_gmt":"2013-04-22T12:47:18","slug":"itapeba-1a-feira-do-livro-a-festa","status":"publish","type":"post","link":"https:\/\/www.r2cpress.com.br\/v1\/2013\/04\/22\/itapeba-1a-feira-do-livro-a-festa\/","title":{"rendered":"ITAP\u00c9\/BA: 1\u00aa FEIRA DO LIVRO &#8211; A FESTA"},"content":{"rendered":"<p><strong>Ontem, 21 de abril de 2013 foi dia de festa liter\u00e1ria na bela cidade de Itap\u00e9.<\/strong><\/p>\n<p>Realizou-se a PRIMEIRA FEIRA DO LIVRO que durante todo o dia manteve em atividade escolas, artistas, escritores numa intera\u00e7\u00e3o maravilhosa com o povo da cidade e os muitos visitantes que lotaram a pra\u00e7a da Igreja Bom Jesus. Com abertura \u00e0s 9 horas aconteceu apresenta\u00e7\u00e3o de Show musical, Balllet cl\u00e1ssico, grupos de dan\u00e7a, m\u00fasica popular brasileira, poesia, leitura, etc. Ao adquirir um livro, voc\u00ea recebia um cart\u00e3o b\u00f4nus que lhe dava direito a outro livro \u00e0 sua escolha.<\/p>\n<p><center> <div id=\"attachment_63605\" style=\"width: 510px\" class=\"wp-caption aligncenter\"><a href=\"http:\/\/www.r2cpress.com.br\/v1\/wp-content\/uploads\/cyro-itap\u00e9.jpg\"><img aria-describedby=\"caption-attachment-63605\" loading=\"lazy\" src=\"http:\/\/www.r2cpress.com.br\/v1\/wp-content\/uploads\/cyro-itap\u00e9.jpg\" alt=\"Cyro de Mattos (D) e o Divulgador Rog\u00e9rio Matos, da Saraiva.\" width=\"500\" height=\"405\" class=\"size-full wp-image-63605\" srcset=\"https:\/\/www.r2cpress.com.br\/v1\/wp-content\/uploads\/cyro-itap\u00e9.jpg 500w, https:\/\/www.r2cpress.com.br\/v1\/wp-content\/uploads\/cyro-itap\u00e9-300x243.jpg 300w\" sizes=\"(max-width: 500px) 100vw, 500px\" \/><\/a><p id=\"caption-attachment-63605\" class=\"wp-caption-text\">Cyro de Mattos (D) e o Divulgador Rog\u00e9rio Matos, da Saraiva.<\/p><\/div><\/center><br \/>\nNot\u00e1vel a presen\u00e7a do escritor\/poeta Grapi\u00fana Cyro de Mattos membro da Academia de Letras da Bahia (ALB), da Academia de Letras de Ilh\u00e9us (ALI) e da Academia de Letras de Itabuna (ALITA) em sess\u00e3o de aut\u00f3grafos e lan\u00e7amento do seu livro de cr\u00f4nicas \u201cAlma mais que tudo\u201d. Acompanhava Cyro de Mattos sua esposa e musa Mariza.<\/p>\n<p>Tamb\u00e9m presentes o escritor ga\u00facho Kalunga e Ulisses Tavares, escritor paulista. Os dois posaram para fotos, autografaram e esbanjaram simpatia e alegria todo o tempo.<\/p>\n<p>O poeta itabunense Oscar Ben\u00edcio dos Santos e sua irm\u00e3, a poetisa Jasm\u00ednea Ben\u00edcio dos Santos, membro da Academia Grapi\u00fana de Letras (AGRAL) tamb\u00e9m visitaram a 1\u00aa Feira do Livro.<\/p>\n<p>Um dia diferente e muito gratificante para a popula\u00e7\u00e3o de Itap\u00e9. E serve de exemplo para as demais cidades do sul da Bahia, ao mostrar que \u00e9 poss\u00edvel numa regi\u00e3o marcada pela viol\u00eancia principalmente contra os jovens dar um primeiro passo para uma mudan\u00e7a profunda, ao colocar em pr\u00e1tica o imperativo do poeta baiano Castro Alves, no poema O livro e a Am\u00e9rica: \u201cOh! bendito o que semeia livros, livros \u00e0 m\u00e3o cheia e manda o povo pensar&#8230;\u201d<\/p>\n<p><center><a href=\"http:\/\/cemanosdeitabuna.ning.com\/profiles\/blogs\/itape-ba-1a-feira-do-livro-a-festa?xg_source=activity\" target=\"_news\"><b>ITABUNA CENTEN\u00c1RIA \u2013 RSIC<\/b><\/a> esteve presente, participou e fotografou.<\/center><\/p>\n","protected":false},"excerpt":{"rendered":"<p>Ontem, 21 de abril de 2013 foi dia de festa liter\u00e1ria na bela cidade de Itap\u00e9. Realizou-se a PRIMEIRA FEIRA DO LIVRO que durante todo o dia manteve em atividade escolas, artistas, escritores numa intera\u00e7\u00e3o maravilhosa com o povo da cidade e os muitos visitantes que lotaram a pra\u00e7a da Igreja Bom Jesus. Com abertura [&hellip;]<\/p>\n","protected":false},"author":2,"featured_media":0,"comment_status":"open","ping_status":"open","sticky":false,"template":"","format":"standard","meta":{"_links_to":"","_links_to_target":""},"categories":[5],"tags":[],"_links":{"self":[{"href":"https:\/\/www.r2cpress.com.br\/v1\/wp-json\/wp\/v2\/posts\/63604"}],"collection":[{"href":"https:\/\/www.r2cpress.com.br\/v1\/wp-json\/wp\/v2\/posts"}],"about":[{"href":"https:\/\/www.r2cpress.com.br\/v1\/wp-json\/wp\/v2\/types\/post"}],"author":[{"embeddable":true,"href":"https:\/\/www.r2cpress.com.br\/v1\/wp-json\/wp\/v2\/users\/2"}],"replies":[{"embeddable":true,"href":"https:\/\/www.r2cpress.com.br\/v1\/wp-json\/wp\/v2\/comments?post=63604"}],"version-history":[{"count":9,"href":"https:\/\/www.r2cpress.com.br\/v1\/wp-json\/wp\/v2\/posts\/63604\/revisions"}],"predecessor-version":[{"id":63611,"href":"https:\/\/www.r2cpress.com.br\/v1\/wp-json\/wp\/v2\/posts\/63604\/revisions\/63611"}],"wp:attachment":[{"href":"https:\/\/www.r2cpress.com.br\/v1\/wp-json\/wp\/v2\/media?parent=63604"}],"wp:term":[{"taxonomy":"category","embeddable":true,"href":"https:\/\/www.r2cpress.com.br\/v1\/wp-json\/wp\/v2\/categories?post=63604"},{"taxonomy":"post_tag","embeddable":true,"href":"https:\/\/www.r2cpress.com.br\/v1\/wp-json\/wp\/v2\/tags?post=63604"}],"curies":[{"name":"wp","href":"https:\/\/api.w.org\/{rel}","templated":true}]}}