{"id":63615,"date":"2013-04-22T10:14:47","date_gmt":"2013-04-22T13:14:47","guid":{"rendered":"http:\/\/www.r2cpress.com.br\/v1\/?p=63615"},"modified":"2013-04-22T10:14:47","modified_gmt":"2013-04-22T13:14:47","slug":"prefeitura-e-infraero-unem-esforcos-para-reduzir-perigo-no-aeroporto","status":"publish","type":"post","link":"https:\/\/www.r2cpress.com.br\/v1\/2013\/04\/22\/prefeitura-e-infraero-unem-esforcos-para-reduzir-perigo-no-aeroporto\/","title":{"rendered":"Prefeitura e Infraero unem esfor\u00e7os para reduzir perigo no aeroporto"},"content":{"rendered":"<p>A Superintend\u00eancia da Infraero em Ilh\u00e9us solicitou ao prefeito Jabes Ribeiro ajuda para solucionar alguns problemas que est\u00e3o comprometendo a seguran\u00e7a das opera\u00e7\u00f5es de embarque e desembarque no Aeroporto Jorge Amado, especialmente a presen\u00e7a de aves (principalmente urubus) na trajet\u00f3ria das aeronaves. Em audi\u00eancia com o prefeito, que contou com a presen\u00e7a do vereador Gurita (PP) e dos secret\u00e1rios de Turismo, Alcides Kruschewsky e de Comunica\u00e7\u00e3o, Paix\u00e3o Barbosa, o superintendente Itaipes Paiva informou que durante os primeiros tr\u00eas meses deste ano j\u00e1 foram registrados quatro impactos de urubus contra avi\u00f5es, enquanto em todo o ano de 2012 foram anotadas apenas duas ocorr\u00eancias similares, o que revela a urg\u00eancia da ado\u00e7\u00e3o de provid\u00eancias como forma de evitar um acidente.<br \/>\n<div id=\"attachment_63616\" style=\"width: 560px\" class=\"wp-caption aligncenter\"><a href=\"http:\/\/www.r2cpress.com.br\/v1\/wp-content\/uploads\/Prefeito-Jabes-Ribeiro-em-reuni\u00e3o-com-o-superintendente-do-Aeroporto-Jorge-Amado-Itaipes-Paiva-Foto-Gidelzo-Silva-Secom-Ilh\u00e9us-2.jpg\"><img aria-describedby=\"caption-attachment-63616\" loading=\"lazy\" src=\"http:\/\/www.r2cpress.com.br\/v1\/wp-content\/uploads\/Prefeito-Jabes-Ribeiro-em-reuni\u00e3o-com-o-superintendente-do-Aeroporto-Jorge-Amado-Itaipes-Paiva-Foto-Gidelzo-Silva-Secom-Ilh\u00e9us-2.jpg\" alt=\"Prefeito Jabes Ribeiro em reuni\u00e3o com o superintendente do Aeroporto Jorge Amado Itaipes Paiva - Foto Gidelzo Silva - Secom Ilh\u00e9us.\" width=\"550\" height=\"339\" class=\"size-full wp-image-63616\" srcset=\"https:\/\/www.r2cpress.com.br\/v1\/wp-content\/uploads\/Prefeito-Jabes-Ribeiro-em-reuni\u00e3o-com-o-superintendente-do-Aeroporto-Jorge-Amado-Itaipes-Paiva-Foto-Gidelzo-Silva-Secom-Ilh\u00e9us-2.jpg 550w, https:\/\/www.r2cpress.com.br\/v1\/wp-content\/uploads\/Prefeito-Jabes-Ribeiro-em-reuni\u00e3o-com-o-superintendente-do-Aeroporto-Jorge-Amado-Itaipes-Paiva-Foto-Gidelzo-Silva-Secom-Ilh\u00e9us-2-300x184.jpg 300w\" sizes=\"(max-width: 550px) 100vw, 550px\" \/><\/a><p id=\"caption-attachment-63616\" class=\"wp-caption-text\">Prefeito Jabes Ribeiro em reuni\u00e3o com o superintendente do Aeroporto Jorge Amado Itaipes Paiva &#8211; Foto Gidelzo Silva &#8211; Secom Ilh\u00e9us.<\/p><\/div><br \/>\nApesar das limita\u00e7\u00f5es financeiras impostas pela situa\u00e7\u00e3o dif\u00edcil que a Prefeitura atravessa, o prefeito Jabes Ribeiro  garantiu que todos os \u00f3rg\u00e3os da administra\u00e7\u00e3o que atuam nas \u00e1reas de limpeza urbana, saneamento e meio ambiente ir\u00e3o trabalhar em conjunto com a Infraero para garantir a seguran\u00e7a das opera\u00e7\u00f5es do aeroporto. Nesta ter\u00e7a-feira, dia 23, uma equipe da Ag\u00eancia Nacional da Avia\u00e7\u00e3o Civil (Anac) estar\u00e1 em Ilh\u00e9us para percorrer, junto com t\u00e9cnicos locais  da Infraero  todos os locais que possam estar atraindo os urubus e outras aves para a rota dos avi\u00f5es e, em seguida, um detalhado relat\u00f3rio ser\u00e1 encaminhado \u00e0 Prefeitura, para que a administra\u00e7\u00e3o municipal possa adotar as provid\u00eancias necess\u00e1rias.<\/p>\n<p>Alguns pontos foram citados por Itaipes Paiva, como a \u00e1rea do bairro Nelson Costa, onde h\u00e1 locais com ac\u00famulo de lixo (apesar das opera\u00e7\u00f5es de limpeza j\u00e1 realizadas pela Prefeitura nos \u00faltimos meses), um c\u00f3rrego que passa dentro da \u00e1rea do aeroporto e que tem sido assoreado pela popula\u00e7\u00e3o vizinha, com o descarte de lixo, um frigor\u00edfico localizado nas proximidades do bairro Teot\u00f4nio Vilela e at\u00e9 um ponto de venda de peixes nas proximidades do porto (para chegar at\u00e9 l\u00e1 os urubus passam pelas rotas dos avi\u00f5es). O prefeito assegurou que ir\u00e1 mobilizar as secretarias de Desenvolvimento Urbano (Sedur) e do Meio Ambiente (Semau), para promover as medidas capazes de reduzir a aflu\u00eancia das aves para as proximidades do aeroporto, seja limpando e desobstruindo o c\u00f3rrego, tomando provid\u00eancias legais para aumentar a limpeza das ruas pr\u00f3ximas, organizando pontos de venda para evitar o descarte de res\u00edduos.<\/p>\n<p>&#8212;<br \/>\nSecretaria de Comunica\u00e7\u00e3o Social (Secom)<br \/>\nIlh\u00e9us \u2013 22.04.2013<\/p>\n","protected":false},"excerpt":{"rendered":"<p>A Superintend\u00eancia da Infraero em Ilh\u00e9us solicitou ao prefeito Jabes Ribeiro ajuda para solucionar alguns problemas que est\u00e3o comprometendo a seguran\u00e7a das opera\u00e7\u00f5es de embarque e desembarque no Aeroporto Jorge Amado, especialmente a presen\u00e7a de aves (principalmente urubus) na trajet\u00f3ria das aeronaves. Em audi\u00eancia com o prefeito, que contou com a presen\u00e7a do vereador Gurita [&hellip;]<\/p>\n","protected":false},"author":2,"featured_media":0,"comment_status":"open","ping_status":"open","sticky":false,"template":"","format":"standard","meta":{"_links_to":"","_links_to_target":""},"categories":[23],"tags":[],"_links":{"self":[{"href":"https:\/\/www.r2cpress.com.br\/v1\/wp-json\/wp\/v2\/posts\/63615"}],"collection":[{"href":"https:\/\/www.r2cpress.com.br\/v1\/wp-json\/wp\/v2\/posts"}],"about":[{"href":"https:\/\/www.r2cpress.com.br\/v1\/wp-json\/wp\/v2\/types\/post"}],"author":[{"embeddable":true,"href":"https:\/\/www.r2cpress.com.br\/v1\/wp-json\/wp\/v2\/users\/2"}],"replies":[{"embeddable":true,"href":"https:\/\/www.r2cpress.com.br\/v1\/wp-json\/wp\/v2\/comments?post=63615"}],"version-history":[{"count":2,"href":"https:\/\/www.r2cpress.com.br\/v1\/wp-json\/wp\/v2\/posts\/63615\/revisions"}],"predecessor-version":[{"id":63618,"href":"https:\/\/www.r2cpress.com.br\/v1\/wp-json\/wp\/v2\/posts\/63615\/revisions\/63618"}],"wp:attachment":[{"href":"https:\/\/www.r2cpress.com.br\/v1\/wp-json\/wp\/v2\/media?parent=63615"}],"wp:term":[{"taxonomy":"category","embeddable":true,"href":"https:\/\/www.r2cpress.com.br\/v1\/wp-json\/wp\/v2\/categories?post=63615"},{"taxonomy":"post_tag","embeddable":true,"href":"https:\/\/www.r2cpress.com.br\/v1\/wp-json\/wp\/v2\/tags?post=63615"}],"curies":[{"name":"wp","href":"https:\/\/api.w.org\/{rel}","templated":true}]}}