{"id":63646,"date":"2013-04-22T17:20:30","date_gmt":"2013-04-22T20:20:30","guid":{"rendered":"http:\/\/www.r2cpress.com.br\/v1\/?p=63646"},"modified":"2013-04-22T17:20:30","modified_gmt":"2013-04-22T20:20:30","slug":"deputada-destaca-a-importancia-da-pm-na-garantia-da-seguranca","status":"publish","type":"post","link":"https:\/\/www.r2cpress.com.br\/v1\/2013\/04\/22\/deputada-destaca-a-importancia-da-pm-na-garantia-da-seguranca\/","title":{"rendered":"Deputada destaca a import\u00e2ncia  da PM na garantia da seguran\u00e7a"},"content":{"rendered":"<p>\u201cDe todas as institui\u00e7\u00f5es, \u00f3rg\u00e3os, corpora\u00e7\u00f5es e organiza\u00e7\u00f5es voltadas para a seguran\u00e7a p\u00fabica no Brasil, a Pol\u00edcia Militar da Bahia \u00e9 uma das que mais conquistaram o respeito, a admira\u00e7\u00e3o e a credibilidade dos cidad\u00e3os e cidad\u00e3s brasileiros\u201d. A declara\u00e7\u00e3o foi da deputada estadual \u00c2ngela Sousa (PSD) durante a solenidade em homenagem a Joaquim Jos\u00e9 da Silva Xavier, o Tiradentes, patrono das pol\u00edcias brasileiras, realizada na manh\u00e3 desta segunda-feira (22), na sede do 2\u00ba Batalh\u00e3o de Pol\u00edcia Militar de Ilh\u00e9us.<br \/>\n<div id=\"attachment_63647\" style=\"width: 560px\" class=\"wp-caption aligncenter\"><a href=\"http:\/\/www.r2cpress.com.br\/v1\/wp-content\/uploads\/angela-pm.jpg\"><img aria-describedby=\"caption-attachment-63647\" loading=\"lazy\" src=\"http:\/\/www.r2cpress.com.br\/v1\/wp-content\/uploads\/angela-pm.jpg\" alt=\" \u00c2ngela Sousa em solenidade da Pol\u00edcia Militar.\" width=\"550\" height=\"367\" class=\"size-full wp-image-63647\" srcset=\"https:\/\/www.r2cpress.com.br\/v1\/wp-content\/uploads\/angela-pm.jpg 550w, https:\/\/www.r2cpress.com.br\/v1\/wp-content\/uploads\/angela-pm-300x200.jpg 300w\" sizes=\"(max-width: 550px) 100vw, 550px\" \/><\/a><p id=\"caption-attachment-63647\" class=\"wp-caption-text\">\u00c2ngela Sousa em solenidade da Pol\u00edcia Militar.<\/p><\/div><br \/>\nParticiparam tamb\u00e9m da solenidade o comandante de Policiamento Regional Sul, coronel Ant\u00f4nio Jos\u00e9 Barbosa Reis, o comandante do 2\u00ba Batalh\u00e3o de Pol\u00edcia Militar de Ilh\u00e9us, Marcelo Teixeira, o prefeito Jabes Ribeiro, dentre v\u00e1rias outras autoridades civis e militares. Um dos pontos altos do evento foi a palestra ministrada pelo professor, escritor e historiador Carlos Alberto Arl\u00e9o Barbosa, que falou da hist\u00f3ria de Tiradentes, da sua bravura e da importante contribui\u00e7\u00e3o para a hist\u00f3ria brasileira.<br \/>\n<!--more--><br \/>\nAinda durante a solenidade a deputada estadual \u00c2ngela Sousa destacou a credibilidade que a Pol\u00edcia Militar tem perante a comunidade. \u201cRespeito e admira\u00e7\u00e3o conquistados gra\u00e7as ao trabalho s\u00e9rio, aguerrido, competente e incans\u00e1vel de homens e mulheres que fazem da seguran\u00e7a p\u00fablica muito mais que um servi\u00e7o prestado \u00e0 comunidade, mas sim uma miss\u00e3o de preservar e garantir vidas, a paz e a conviv\u00eancia harmoniosa e respeitosa entre as pessoas\u201d, complementou a deputada estadual.<\/p>\n<p>\u00c2ngela Sousa tamb\u00e9m destacou que \u00e9 gra\u00e7as a esse trabalho s\u00e9rio que a Pol\u00edcia Militar do Estado da Bahia comemorou recentemente 188 anos de exist\u00eancia e de bons servi\u00e7os prestados \u00e0 comunidade. \u201cNenhuma institui\u00e7\u00e3o, corpora\u00e7\u00e3o, companhia ou organiza\u00e7\u00e3o chegaria aos seus 188 anos de exist\u00eancia, com este vigor e com esta credibilidade, se n\u00e3o prezasse, acima de tudo, pela responsabilidade, pela compet\u00eancia, pelo compromisso com a cidadania e principalmente pelo respeito e dedica\u00e7\u00e3o \u00e0s suas fun\u00e7\u00f5es e atribui\u00e7\u00f5es\u201d, real\u00e7ou a deputada estadual, argumento que toda essa bravura \u00e9 muito bem representada na figura e na hist\u00f3ria de Tiradentes, patrono da PM, um exemplo de vida a ser seguido por todos os cidad\u00e3os brasileiros.<\/p>\n","protected":false},"excerpt":{"rendered":"<p>\u201cDe todas as institui\u00e7\u00f5es, \u00f3rg\u00e3os, corpora\u00e7\u00f5es e organiza\u00e7\u00f5es voltadas para a seguran\u00e7a p\u00fabica no Brasil, a Pol\u00edcia Militar da Bahia \u00e9 uma das que mais conquistaram o respeito, a admira\u00e7\u00e3o e a credibilidade dos cidad\u00e3os e cidad\u00e3s brasileiros\u201d. A declara\u00e7\u00e3o foi da deputada estadual \u00c2ngela Sousa (PSD) durante a solenidade em homenagem a Joaquim Jos\u00e9 [&hellip;]<\/p>\n","protected":false},"author":2,"featured_media":0,"comment_status":"open","ping_status":"open","sticky":false,"template":"","format":"standard","meta":{"_links_to":"","_links_to_target":""},"categories":[22],"tags":[],"_links":{"self":[{"href":"https:\/\/www.r2cpress.com.br\/v1\/wp-json\/wp\/v2\/posts\/63646"}],"collection":[{"href":"https:\/\/www.r2cpress.com.br\/v1\/wp-json\/wp\/v2\/posts"}],"about":[{"href":"https:\/\/www.r2cpress.com.br\/v1\/wp-json\/wp\/v2\/types\/post"}],"author":[{"embeddable":true,"href":"https:\/\/www.r2cpress.com.br\/v1\/wp-json\/wp\/v2\/users\/2"}],"replies":[{"embeddable":true,"href":"https:\/\/www.r2cpress.com.br\/v1\/wp-json\/wp\/v2\/comments?post=63646"}],"version-history":[{"count":2,"href":"https:\/\/www.r2cpress.com.br\/v1\/wp-json\/wp\/v2\/posts\/63646\/revisions"}],"predecessor-version":[{"id":63649,"href":"https:\/\/www.r2cpress.com.br\/v1\/wp-json\/wp\/v2\/posts\/63646\/revisions\/63649"}],"wp:attachment":[{"href":"https:\/\/www.r2cpress.com.br\/v1\/wp-json\/wp\/v2\/media?parent=63646"}],"wp:term":[{"taxonomy":"category","embeddable":true,"href":"https:\/\/www.r2cpress.com.br\/v1\/wp-json\/wp\/v2\/categories?post=63646"},{"taxonomy":"post_tag","embeddable":true,"href":"https:\/\/www.r2cpress.com.br\/v1\/wp-json\/wp\/v2\/tags?post=63646"}],"curies":[{"name":"wp","href":"https:\/\/api.w.org\/{rel}","templated":true}]}}