{"id":63650,"date":"2013-04-22T17:24:28","date_gmt":"2013-04-22T20:24:28","guid":{"rendered":"http:\/\/www.r2cpress.com.br\/v1\/?p=63650"},"modified":"2013-04-23T07:32:48","modified_gmt":"2013-04-23T10:32:48","slug":"passagem-de-comando-dos-grupamentos-de-bombeiros-militares-de-itabuna-e-ilheus","status":"publish","type":"post","link":"https:\/\/www.r2cpress.com.br\/v1\/2013\/04\/22\/passagem-de-comando-dos-grupamentos-de-bombeiros-militares-de-itabuna-e-ilheus\/","title":{"rendered":"PASSAGEM DE COMANDO DOS GRUPAMENTOS DE BOMBEIROS MILITARES DE ITABUNA E ILH\u00c9US"},"content":{"rendered":"<p style=\"text-align: center;\" align=\"center\"><strong>POLICIA MILITAR DA BAHIA<\/strong><\/p>\n<p style=\"text-align: center;\"><strong>COORDENADORIA DE OPERA\u00c7\u00d5ES DE BOMBEIROS MILITARES<\/strong><\/p>\n<p style=\"text-align: center;\" align=\"center\"><strong>PRESS RELEASE N\u00ba 002\/2013<\/strong><\/p>\n<p style=\"text-align: center;\" align=\"center\"><strong>\u00a022\/04\/2013<\/strong><\/p>\n<p><b>\u00a0<\/b><strong>PASSAGEM DE COMANDO DOS GRUPAMENTOS DE BOMBEIROS MILITARES DE ITABUNA E ILH\u00c9US<\/strong><\/p>\n<pre>No pr\u00f3ximo dia (23) \u00e0s <strong>17:30h<\/strong>, acontecer\u00e1 na \u00e1rea c\u00edvica do 15\u00ba Batalh\u00e3o de Pol\u00edcia Militar, passagem de Comando dos GBMs de Itabuna e Ilh\u00e9us.<\/pre>\n<pre>Assumir\u00e1 o Comando do 4\u00ba GBM \u2013 Itabuna o Ten Cel BM Alan Kardec substituindo o Ten Cel BM Eliseu Maciel e o Comando do 5\u00ba GBM \u2013 Ilh\u00e9us o Ten Cel BM Andr\u00e9 Bomfim substituindo o Ten Cel BM Marivaldo Elias.<\/pre>\n<pre>A solenidade ser\u00e1 presidida pelo Cel PM Alfredo Braga de Castro \u2013 Comandante Geral da PMBA, conduzida pelo Cel BM Jos\u00e9 Nilton Nunes Filho e contar\u00e1 com a presen\u00e7a de autoridades civis e militares.<\/pre>\n<pre><\/pre>\n<p align=\"center\">\u00a0DALTON DA SILVA BARBOSA \u2013 CEL BM<\/p>\n<p align=\"center\">Comandante de Opera\u00e7\u00f5es BM<\/p>\n","protected":false},"excerpt":{"rendered":"<p>POLICIA MILITAR DA BAHIA COORDENADORIA DE OPERA\u00c7\u00d5ES DE BOMBEIROS MILITARES PRESS RELEASE N\u00ba 002\/2013 \u00a022\/04\/2013 \u00a0PASSAGEM DE COMANDO DOS GRUPAMENTOS DE BOMBEIROS MILITARES DE ITABUNA E ILH\u00c9US No pr\u00f3ximo dia (23) \u00e0s 17:30h, acontecer\u00e1 na \u00e1rea c\u00edvica do 15\u00ba Batalh\u00e3o de Pol\u00edcia Militar, passagem de Comando dos GBMs de Itabuna e Ilh\u00e9us. Assumir\u00e1 o Comando [&hellip;]<\/p>\n","protected":false},"author":2,"featured_media":0,"comment_status":"open","ping_status":"open","sticky":false,"template":"","format":"standard","meta":{"_links_to":"","_links_to_target":""},"categories":[25],"tags":[],"_links":{"self":[{"href":"https:\/\/www.r2cpress.com.br\/v1\/wp-json\/wp\/v2\/posts\/63650"}],"collection":[{"href":"https:\/\/www.r2cpress.com.br\/v1\/wp-json\/wp\/v2\/posts"}],"about":[{"href":"https:\/\/www.r2cpress.com.br\/v1\/wp-json\/wp\/v2\/types\/post"}],"author":[{"embeddable":true,"href":"https:\/\/www.r2cpress.com.br\/v1\/wp-json\/wp\/v2\/users\/2"}],"replies":[{"embeddable":true,"href":"https:\/\/www.r2cpress.com.br\/v1\/wp-json\/wp\/v2\/comments?post=63650"}],"version-history":[{"count":4,"href":"https:\/\/www.r2cpress.com.br\/v1\/wp-json\/wp\/v2\/posts\/63650\/revisions"}],"predecessor-version":[{"id":63653,"href":"https:\/\/www.r2cpress.com.br\/v1\/wp-json\/wp\/v2\/posts\/63650\/revisions\/63653"}],"wp:attachment":[{"href":"https:\/\/www.r2cpress.com.br\/v1\/wp-json\/wp\/v2\/media?parent=63650"}],"wp:term":[{"taxonomy":"category","embeddable":true,"href":"https:\/\/www.r2cpress.com.br\/v1\/wp-json\/wp\/v2\/categories?post=63650"},{"taxonomy":"post_tag","embeddable":true,"href":"https:\/\/www.r2cpress.com.br\/v1\/wp-json\/wp\/v2\/tags?post=63650"}],"curies":[{"name":"wp","href":"https:\/\/api.w.org\/{rel}","templated":true}]}}