{"id":63654,"date":"2013-04-22T17:39:29","date_gmt":"2013-04-22T20:39:29","guid":{"rendered":"http:\/\/www.r2cpress.com.br\/v1\/?p=63654"},"modified":"2013-04-22T17:39:29","modified_gmt":"2013-04-22T20:39:29","slug":"o-nome-da-rosa","status":"publish","type":"post","link":"https:\/\/www.r2cpress.com.br\/v1\/2013\/04\/22\/o-nome-da-rosa\/","title":{"rendered":"O nome da rosa"},"content":{"rendered":"<p style=\"text-align: right;\" align=\"center\"><b>Karine Pansa*<\/b><\/p>\n<p style=\"text-align: justify;\">Em 23 de abril, transcorre o Dia Mundial do Livro e dos Direitos Autorais, celebrado oficialmente h\u00e1 17 anos pela Unesco (Organiza\u00e7\u00e3o das Na\u00e7\u00f5es Unidas para a Educa\u00e7\u00e3o, a Ci\u00eancia e a Cultura). Por ocasi\u00e3o da comemora\u00e7\u00e3o em 2013, \u00e9 pertinente enfatizar a mensagem relativa \u00e0 data escrita por Irina Bokova, pol\u00edtica e intelectual b\u00falgara, diretora-geral daquela organiza\u00e7\u00e3o multilateral: \u201cEste dia propicia oportunidade para refletirmos juntos sobre maneiras de melhor disseminar a cultura da palavra escrita e de permitir que todos os indiv\u00edduos, homens, mulheres e crian\u00e7as, tenham acesso a ela, por meio de programas de alfabetiza\u00e7\u00e3o e de apoio a carreiras em publica\u00e7\u00f5es, livrarias, bibliotecas e escolas. Os livros s\u00e3o nossos aliados na dissemina\u00e7\u00e3o da educa\u00e7\u00e3o, da ci\u00eancia, da cultura e da informa\u00e7\u00e3o pelo mundo\u201d.<\/p>\n<p style=\"text-align: justify;\">Essa inquestion\u00e1vel constata\u00e7\u00e3o da Unesco, compartilhada integralmente pela C\u00e2mara Brasileira do Livro (CBL), evidencia a imensa responsabilidade do setor produtivo do mercado editorial, cuja atividade transcende em muito ao universo dos neg\u00f3cios. N\u00e3o basta produzir e vender livros com foco na demanda do mercado privado. \u00c9 preciso, em especial em pa\u00edses que ainda n\u00e3o alcan\u00e7aram o desenvolvimento, viabilizar a multiplica\u00e7\u00e3o do acesso \u00e0 leitura, de modo que seja um direito inerente \u00e0 cidadania e uma ferramenta de aperfei\u00e7oamento do ensino e melhoria do aprendizado e n\u00e3o mero privil\u00e9gio ligado ao poder aquisitivo.<\/p>\n<p style=\"text-align: justify;\"><!--more--><\/p>\n<p style=\"text-align: justify;\">\u00a0Assim, t\u00eam sido gratificantes os esfor\u00e7os da CBL, em iniciativas como a Bienal Internacional do Livro de S\u00e3o Paulo, Pr\u00eamio Jabuti, internacionaliza\u00e7\u00e3o da produ\u00e7\u00e3o editorial brasileira, em parceria com a Apex-Brasil, est\u00edmulo e apoio a eventos nacionais e organiza\u00e7\u00e3o da participa\u00e7\u00e3o de nosso pa\u00eds em eventos do exterior. Bom exemplo disso \u00e9 a Feira do Livro de Frankfurt, em outubro pr\u00f3ximo, na qual o Brasil ser\u00e1 homenageado. Em a\u00e7\u00e3o conjunta com a Funda\u00e7\u00e3o Biblioteca Nacional (FBN), estamos preparando uma participa\u00e7\u00e3o destacada do Pa\u00eds, levando 70 autores e revestindo a cidade alem\u00e3 de brasilidade.<strong> <\/strong><\/p>\n<p style=\"text-align: justify;\">\u00a0S\u00e3o a\u00e7\u00f5es importantes, demonstrando que as entidades de classe devem trabalhar de maneira proativa para estimular, defender, ter voz pol\u00edtica e contribuir para o fortalecimento do segmento em que atuam seus associados. No caso do livro, este fiador do desenvolvimento e da justi\u00e7a social, \u00e9 decisiva a sinergia do mercado em torno de seus organismos representativos, de modo que todas as medidas e estrat\u00e9gias voltadas \u00e0 dissemina\u00e7\u00e3o da leitura tenham ainda mais for\u00e7a e possam ampliar o acesso dos brasileiros \u00e0 informa\u00e7\u00e3o e \u00e0 cultura.<\/p>\n<p style=\"text-align: justify;\">Os n\u00fameros mostram que estamos avan\u00e7ando nesse processo. Segundo a \u00faltima edi\u00e7\u00e3o da pesquisa FIPE \u201cProdu\u00e7\u00e3o e Vendas do Setor Editorial Brasileiro\u201d, as editoras brasileiras comercializaram aproximadamente 469,5 milh\u00f5es de livros em 2011, estabelecendo um novo recorde de vendas para o setor. O n\u00famero \u00e9 7,2% superior ao registrado em 2010, quando cerca de 438 milh\u00f5es de exemplares foram comercializados. Do ponto de vista do faturamento, o resultado tamb\u00e9m foi positivo, e atingiu a casa dos R$ 4,837 bilh\u00f5es \u2013 um crescimento de 7,36% sobre o ano anterior, o que, se descontada a infla\u00e7\u00e3o de 6,5% pelo IPCA do per\u00edodo, corresponde a um aumento real de 0,81%. O melhor \u00e9 que o pre\u00e7o m\u00e9dio do livro recuou 6,11% nas vendas das editoras ao mercado, numa queda acumulada de 21,8% desde 2004. Descontada a infla\u00e7\u00e3o, significa decr\u00e9scimo real no pre\u00e7o m\u00e9dio do livro de 44,9% no per\u00edodo 2004-2011.<\/p>\n<p style=\"text-align: justify;\">Portanto, o Brasil est\u00e1 alinhado \u00e0s metas da celebra\u00e7\u00e3o do Dia Mundial do Livro e dos Direitos Autorais, comemora\u00e7\u00e3o que enaltece a imortalidade de Cervantes e Shakespeare, falecidos em 23 de abril de 1616, e celebra o nascimento de autores como Maurice Druon, K. Laxness, Vladimir Nabokov, Josep Pla e Manuel Mej\u00eda Vallejo. Ah, sim: o leitor deve estar se perguntando a esta altura o porqu\u00ea de o t\u00edtulo deste artigo \u201cplagiar\u201d o genial romance do grande Humberto Eco. Explico: em paralelo \u00e0 vida e obra dos antol\u00f3gicos escritores, outra\u00a0 ideia inspiradora da Unesco para instituir a data adv\u00e9m da tradi\u00e7\u00e3o catal\u00e3, na Espanha, de dar uma rosa a quem compra um livro nesse dia. O nome da rosa \u00e9 <i>conhecimento<\/i>!<\/p>\n<p>&nbsp;<\/p>\n<p><b>*Karine Pansa, empres\u00e1ria do setor editorial, \u00e9 presidente da C\u00e2mara Brasileira do Livro (CBL).<\/b><\/p>\n","protected":false},"excerpt":{"rendered":"<p>Karine Pansa* Em 23 de abril, transcorre o Dia Mundial do Livro e dos Direitos Autorais, celebrado oficialmente h\u00e1 17 anos pela Unesco (Organiza\u00e7\u00e3o das Na\u00e7\u00f5es Unidas para a Educa\u00e7\u00e3o, a Ci\u00eancia e a Cultura). Por ocasi\u00e3o da comemora\u00e7\u00e3o em 2013, \u00e9 pertinente enfatizar a mensagem relativa \u00e0 data escrita por Irina Bokova, pol\u00edtica e [&hellip;]<\/p>\n","protected":false},"author":2,"featured_media":0,"comment_status":"open","ping_status":"open","sticky":false,"template":"","format":"standard","meta":{"_links_to":"","_links_to_target":""},"categories":[5],"tags":[],"_links":{"self":[{"href":"https:\/\/www.r2cpress.com.br\/v1\/wp-json\/wp\/v2\/posts\/63654"}],"collection":[{"href":"https:\/\/www.r2cpress.com.br\/v1\/wp-json\/wp\/v2\/posts"}],"about":[{"href":"https:\/\/www.r2cpress.com.br\/v1\/wp-json\/wp\/v2\/types\/post"}],"author":[{"embeddable":true,"href":"https:\/\/www.r2cpress.com.br\/v1\/wp-json\/wp\/v2\/users\/2"}],"replies":[{"embeddable":true,"href":"https:\/\/www.r2cpress.com.br\/v1\/wp-json\/wp\/v2\/comments?post=63654"}],"version-history":[{"count":7,"href":"https:\/\/www.r2cpress.com.br\/v1\/wp-json\/wp\/v2\/posts\/63654\/revisions"}],"predecessor-version":[{"id":63661,"href":"https:\/\/www.r2cpress.com.br\/v1\/wp-json\/wp\/v2\/posts\/63654\/revisions\/63661"}],"wp:attachment":[{"href":"https:\/\/www.r2cpress.com.br\/v1\/wp-json\/wp\/v2\/media?parent=63654"}],"wp:term":[{"taxonomy":"category","embeddable":true,"href":"https:\/\/www.r2cpress.com.br\/v1\/wp-json\/wp\/v2\/categories?post=63654"},{"taxonomy":"post_tag","embeddable":true,"href":"https:\/\/www.r2cpress.com.br\/v1\/wp-json\/wp\/v2\/tags?post=63654"}],"curies":[{"name":"wp","href":"https:\/\/api.w.org\/{rel}","templated":true}]}}