{"id":63688,"date":"2013-04-23T09:46:07","date_gmt":"2013-04-23T12:46:07","guid":{"rendered":"http:\/\/www.r2cpress.com.br\/v1\/?p=63688"},"modified":"2013-04-23T09:46:07","modified_gmt":"2013-04-23T12:46:07","slug":"wagner-em-itabuna-e-ilheus","status":"publish","type":"post","link":"https:\/\/www.r2cpress.com.br\/v1\/2013\/04\/23\/wagner-em-itabuna-e-ilheus\/","title":{"rendered":"WAGNER EM ITABUNA E ILHEUS"},"content":{"rendered":"<p align=\"center\"><b>WAGNER EM ITABUNA E ILHEUS<br \/>\n<\/b><\/p>\n<table width=\"619\" border=\"1\" cellspacing=\"0\" cellpadding=\"0\">\n<tbody>\n<tr>\n<td valign=\"top\" width=\"130\">\n<p align=\"center\"><b>\u00a0<\/b><\/p>\n<p align=\"center\"><b>TERRIT\u00d3RIO<\/b><\/p>\n<\/td>\n<td valign=\"top\" width=\"131\">\n<p align=\"center\"><b>\u00a0<\/b><\/p>\n<p align=\"center\"><b>MUNIC\u00cdPIO<\/b><\/p>\n<\/td>\n<td valign=\"top\" width=\"108\">\n<p align=\"center\"><b>\u00a0<\/b><\/p>\n<p align=\"center\"><b>DATA<\/b><\/p>\n<\/td>\n<td valign=\"top\" width=\"250\">\n<p align=\"center\"><b>\u00a0<\/b><\/p>\n<p align=\"center\"><b>HORA E EVENTO<\/b><\/p>\n<p align=\"center\"><b>\u00a0<\/b><\/p>\n<\/td>\n<\/tr>\n<tr>\n<td valign=\"top\" width=\"130\">\n<p align=\"center\">LITORAL SUL<\/p>\n<\/td>\n<td valign=\"top\" width=\"131\">\n<p align=\"center\">ILH\u00c9US<\/p>\n<\/td>\n<td valign=\"top\" width=\"108\">\n<p align=\"center\">24\/04\/2013- -QUARTA-FEIRA<\/p>\n<p align=\"center\">9 horas, Hotel Aldeia da Praia, Rodovia Ilh\u00e9us Oliven\u00e7a<\/p>\n<\/td>\n<td valign=\"top\" width=\"250\">09:HS- LAN\u00c7AMENTO DO EDITAL DE LICITA\u00c7\u00c3O PARA A CONSTRU\u00c7\u00c3O DO GASODUTO ITABUNA\/ILH\u00c9US, CONSTRUIDO PELA BAHIAG\u00c1S<\/td>\n<\/tr>\n<tr>\n<td valign=\"top\" width=\"130\">\n<p align=\"center\">LITORAL SUL<\/p>\n<\/td>\n<td valign=\"top\" width=\"131\">\n<p align=\"center\">ITABUNA<\/p>\n<\/td>\n<td valign=\"top\" width=\"108\">\n<p align=\"center\">24\/04\/2013- -QUARTA-FEIRA<\/p>\n<p align=\"center\">11 HORAS, BATALH\u00c3O DA POLICIA MILITAR, \u00a0AV. MANOEL CHAVES, BAIRRO JA\u00c7AN\u00c3<\/p>\n<\/td>\n<td valign=\"top\" width=\"250\">11:HS- INAUGURA\u00c7\u00c3O DO CICOM- CENTRO INTEGRADO DE COMUNICA\u00c7\u00c3O DA SEGURAN\u00c7A P\u00daBLICA.<\/td>\n<\/tr>\n<\/tbody>\n<\/table>\n<p align=\"center\">\n<p><b><a href=\"http:\/\/www.comunicacao.ba.gov.br\/noticias\/2013\/04\/19\/bahiagas-lanca-processo-licitatorio-para-construcao-do-gasoduto-itabuna-ilheus\" target=\"_blank\">Bahiag\u00e1s lan\u00e7a processo licitat\u00f3rio para constru\u00e7\u00e3o do gasoduto Itabuna\/Ilh\u00e9us<\/a><\/b><\/p>\n<p>A Companhia de G\u00e1s da Bahia (Bahiag\u00e1s) lan\u00e7a nesta quarta-feira (24), em Ilh\u00e9us, no sul do estado, o processo licitat\u00f3rio de constru\u00e7\u00e3o do gasoduto Itabuna\/Ilh\u00e9us, que ter\u00e1 36 quil\u00f4metros de extens\u00e3o e investimento na ordem de R$ 45 milh\u00f5es. O equipamento vai permitir o fornecimento do g\u00e1s natural ao munic\u00edpio de Ilh\u00e9us e aos novos empreendimentos atra\u00eddos pelo Complexo do Porto Sul, garantindo a rede estruturante de distribui\u00e7\u00e3o na regi\u00e3o.<\/p>\n<p>A iniciativa d\u00e1 sequ\u00eancia ao Programa G\u00e1s no Eixo Sul, dentro da diretriz de Interioriza\u00e7\u00e3o do G\u00e1s Natural no estado, que a partir das esta\u00e7\u00f5es em Mucuri, Eun\u00e1polis e Itabuna expande o consumo de g\u00e1s natural para outros munic\u00edpios da regi\u00e3o, criando tamb\u00e9m um modal rodovi\u00e1rio na BR-101, para fornecimento de G\u00e1s Natural Veicular (GNV) a postos situados estrategicamente ao longo da rodovia.<\/p>\n<p>O processo ter\u00e1 dois editais, sendo um de R$ 35,5 milh\u00f5es, referente \u00e0 obra, e outro de R$ 9,5 milh\u00f5es para materiais. O in\u00edcio das obras est\u00e1 previsto para setembro pr\u00f3ximo e conclus\u00e3o, em 2015. Com o gasoduto os investimentos da Bahiag\u00e1s no sul chegar\u00e3o a R$ 70 milh\u00f5es.\u00a0 . \u201cA chegada do Gasene e a rede de distribui\u00e7\u00e3o que estamos construindo em torno dele \u00e9 um fator de desenvolvimento e de atra\u00e7\u00e3o de novos investimentos para regi\u00e3o\u201d, frisa o diretor presidente da Bahiag\u00e1s, Davidson Magalh\u00e3es.<\/p>\n<p>O evento acontece \u00e0s 9 horas, no hotel Aldeia da Praia, com a presen\u00e7a do governador Jaques Wagner.-<\/p>\n<p align=\"center\"><strong>Itabuna: SSP inaugura 5\u00ba Centro Integrado de Comunica\u00e7\u00e3o<\/strong><\/p>\n<p align=\"center\"><!--more--><\/p>\n<p>O governador Jaques Wagner, o secret\u00e1rio da Seguran\u00e7a P\u00fablica, Maur\u00edcio Barbosa,\u00a0 o comandante-geral da PM, coronel Alfredo Castro, e o delegado-geral da Pol\u00edcia Civil, H\u00e9lio Jorge Paix\u00e3o, inauguram, nesta quarta-feira (24), \u00e0s 11horas, no bairro Ja\u00e7an\u00e3, o 5\u00ba Centro Integrado de Comunica\u00e7\u00e3o, instalado no munic\u00edpio de Itabuna. Localizado na Avenida Manoel Chaves, o Cicom vai concentrar as liga\u00e7\u00f5es de urg\u00eancia \u2013 190 (Pol\u00edcia Militar), 197 (Pol\u00edcia Civil) e 193 (Corpo de Bombeiros) \u2013 de mais 32 localidades vizinhas, num s\u00f3 lugar.<\/p>\n<p>A iniciativa evita o congestionamento da central, mesmo em \u00e9poca de grandes demandas, otimizando o tempo de resposta para o atendimento das chamadas. No total, R$ 1,1 milh\u00e3o foram aplicados em infraestrutura e tecnologia, que permitem o grande alcance do sistema em v\u00e1rios munic\u00edpios: Aurelino Leal, Barra do Cho\u00e7a, Gongogi, Ibirapitanga, Ubaitaba, Ubat\u00e3, Ilheus, Itacar\u00e9, Mara\u00fa, Uru\u00e7uca, Itaju\u00edpe, Itapitanga, Buerarema, Coaraci, Almadina, Barro Preto, Firmino Alves, Floresta Azul, Ibicara\u00ed, Itaju do Col\u00f4nia, Santa Cruz da Vit\u00f3ria, Itap\u00e9, Jussara, Arataca, Camac\u00e3, Mascote, Pau Brasil, Potiragu\u00e1, Santa Luzia,S\u00e3o Jos\u00e9 da Vit\u00f3ria, Canavieiras e Una.<\/p>\n<p style=\"text-align: justify;\" align=\"center\">Com o aux\u00edlio de 28 policiais \u2013 14 militares, sete civis e sete bombeiros \u2013 e 16 atendentes, o Cicom de Itabuna, que vai atender \u00e0 popula\u00e7\u00e3o dos munic\u00edpios beneficiados pelo sistema integrado de comunica\u00e7\u00e3o, conta ainda com\u00a0uma central telef\u00f4nica PABX, 11 computadores e quatro c\u00e2meras fixas no centro de opera\u00e7\u00f5es, quatro esta\u00e7\u00f5es repetidoras, 34 r\u00e1dios bases fixas em unidades policiais e cerca de 90 r\u00e1dios veiculares.<\/p>\n","protected":false},"excerpt":{"rendered":"<p>WAGNER EM ITABUNA E ILHEUS \u00a0 TERRIT\u00d3RIO \u00a0 MUNIC\u00cdPIO \u00a0 DATA \u00a0 HORA E EVENTO \u00a0 LITORAL SUL ILH\u00c9US 24\/04\/2013- -QUARTA-FEIRA 9 horas, Hotel Aldeia da Praia, Rodovia Ilh\u00e9us Oliven\u00e7a 09:HS- LAN\u00c7AMENTO DO EDITAL DE LICITA\u00c7\u00c3O PARA A CONSTRU\u00c7\u00c3O DO GASODUTO ITABUNA\/ILH\u00c9US, CONSTRUIDO PELA BAHIAG\u00c1S LITORAL SUL ITABUNA 24\/04\/2013- -QUARTA-FEIRA 11 HORAS, BATALH\u00c3O DA POLICIA [&hellip;]<\/p>\n","protected":false},"author":2,"featured_media":0,"comment_status":"open","ping_status":"open","sticky":false,"template":"","format":"standard","meta":{"_links_to":"","_links_to_target":""},"categories":[29],"tags":[],"_links":{"self":[{"href":"https:\/\/www.r2cpress.com.br\/v1\/wp-json\/wp\/v2\/posts\/63688"}],"collection":[{"href":"https:\/\/www.r2cpress.com.br\/v1\/wp-json\/wp\/v2\/posts"}],"about":[{"href":"https:\/\/www.r2cpress.com.br\/v1\/wp-json\/wp\/v2\/types\/post"}],"author":[{"embeddable":true,"href":"https:\/\/www.r2cpress.com.br\/v1\/wp-json\/wp\/v2\/users\/2"}],"replies":[{"embeddable":true,"href":"https:\/\/www.r2cpress.com.br\/v1\/wp-json\/wp\/v2\/comments?post=63688"}],"version-history":[{"count":3,"href":"https:\/\/www.r2cpress.com.br\/v1\/wp-json\/wp\/v2\/posts\/63688\/revisions"}],"predecessor-version":[{"id":63691,"href":"https:\/\/www.r2cpress.com.br\/v1\/wp-json\/wp\/v2\/posts\/63688\/revisions\/63691"}],"wp:attachment":[{"href":"https:\/\/www.r2cpress.com.br\/v1\/wp-json\/wp\/v2\/media?parent=63688"}],"wp:term":[{"taxonomy":"category","embeddable":true,"href":"https:\/\/www.r2cpress.com.br\/v1\/wp-json\/wp\/v2\/categories?post=63688"},{"taxonomy":"post_tag","embeddable":true,"href":"https:\/\/www.r2cpress.com.br\/v1\/wp-json\/wp\/v2\/tags?post=63688"}],"curies":[{"name":"wp","href":"https:\/\/api.w.org\/{rel}","templated":true}]}}