{"id":63701,"date":"2013-04-23T16:47:53","date_gmt":"2013-04-23T19:47:53","guid":{"rendered":"http:\/\/www.r2cpress.com.br\/v1\/?p=63701"},"modified":"2013-04-23T16:48:20","modified_gmt":"2013-04-23T19:48:20","slug":"sindicato-dos-radialistas-de-ilheus-e-abcd","status":"publish","type":"post","link":"https:\/\/www.r2cpress.com.br\/v1\/2013\/04\/23\/sindicato-dos-radialistas-de-ilheus-e-abcd\/","title":{"rendered":"SINDICATO DOS RADIALISTAS DE ILH\u00c9US E ABCD"},"content":{"rendered":"<p>Companheiros de imprensa.<br \/>\nO acesso ao est\u00e1dio M\u00e1rio Pessoa para cobertura dos jogos do Colo Colo, s\u00f3 ser\u00e1 poss\u00edvel com a apresenta\u00e7\u00e3o da credencial da  ABCD.<\/p>\n<p>Em dezembro e janeiro \u00faltimo, apresentamos nota na imprensa e encaminhamos email  todos para os procedimentos. A maioria n\u00e3o retornaram ou se mostraram interessados.<\/p>\n<p>Seguimentos da imprensa que procuraram o SINDICATO DOS RADIALISTAS DE ILH\u00c9US e tiveram interesse no credenciamento, todas as carteiras j\u00e1 foram providenciadas e entregues a contento.<\/p>\n<p>A partir deste momento, inclus\u00edve para efeitos de DECLARA\u00c7\u00c3O DE RELA\u00c7\u00c3O DE TRABALHO, o assunto deve ser tratado diretamente com o escrit\u00f3rio da ABCD.<\/p>\n<p>SINDICATO DOS RADIALISTAS DE ILH\u00c9US.<br \/>\nRua Ant\u00f4nio Lavigne de Lemos, centro &#8211; Ilh\u00e9us-Bahia<\/p>\n<p>&#8212;<\/p>\n<p><center><iframe loading=\"lazy\" src=\"http:\/\/www.slideshare.net\/slideshow\/embed_code\/19797827\" width=\"479\" height=\"511\" frameborder=\"0\" marginwidth=\"0\" marginheight=\"0\" scrolling=\"no\" style=\"border:1px solid #CCC;border-width:1px 1px 0;margin-bottom:5px\" allowfullscreen webkitallowfullscreen mozallowfullscreen> <\/iframe> <\/p>\n<div style=\"margin-bottom:5px\"> <strong> <a href=\"http:\/\/www.slideshare.net\/r2cpress\/comunicado-imprensa-abcd\" title=\"Comunicado imprensa abcd\" target=\"_blank\">Comunicado imprensa abcd<\/a> <\/strong> from <strong><a href=\"http:\/\/www.slideshare.net\/r2cpress\" target=\"_blank\">Roberto Rabat Chame<\/a><\/strong> <\/div>\n<p> <strong>Para ler em TELA CHEIA clique onde est\u00e3o as 4 setinhas (Lado direito).<\/strong><\/center><\/p>\n","protected":false},"excerpt":{"rendered":"<p>Companheiros de imprensa. O acesso ao est\u00e1dio M\u00e1rio Pessoa para cobertura dos jogos do Colo Colo, s\u00f3 ser\u00e1 poss\u00edvel com a apresenta\u00e7\u00e3o da credencial da ABCD. Em dezembro e janeiro \u00faltimo, apresentamos nota na imprensa e encaminhamos email todos para os procedimentos. A maioria n\u00e3o retornaram ou se mostraram interessados. Seguimentos da imprensa que procuraram [&hellip;]<\/p>\n","protected":false},"author":2,"featured_media":0,"comment_status":"open","ping_status":"open","sticky":false,"template":"","format":"standard","meta":{"_links_to":"","_links_to_target":""},"categories":[11],"tags":[],"_links":{"self":[{"href":"https:\/\/www.r2cpress.com.br\/v1\/wp-json\/wp\/v2\/posts\/63701"}],"collection":[{"href":"https:\/\/www.r2cpress.com.br\/v1\/wp-json\/wp\/v2\/posts"}],"about":[{"href":"https:\/\/www.r2cpress.com.br\/v1\/wp-json\/wp\/v2\/types\/post"}],"author":[{"embeddable":true,"href":"https:\/\/www.r2cpress.com.br\/v1\/wp-json\/wp\/v2\/users\/2"}],"replies":[{"embeddable":true,"href":"https:\/\/www.r2cpress.com.br\/v1\/wp-json\/wp\/v2\/comments?post=63701"}],"version-history":[{"count":3,"href":"https:\/\/www.r2cpress.com.br\/v1\/wp-json\/wp\/v2\/posts\/63701\/revisions"}],"predecessor-version":[{"id":63704,"href":"https:\/\/www.r2cpress.com.br\/v1\/wp-json\/wp\/v2\/posts\/63701\/revisions\/63704"}],"wp:attachment":[{"href":"https:\/\/www.r2cpress.com.br\/v1\/wp-json\/wp\/v2\/media?parent=63701"}],"wp:term":[{"taxonomy":"category","embeddable":true,"href":"https:\/\/www.r2cpress.com.br\/v1\/wp-json\/wp\/v2\/categories?post=63701"},{"taxonomy":"post_tag","embeddable":true,"href":"https:\/\/www.r2cpress.com.br\/v1\/wp-json\/wp\/v2\/tags?post=63701"}],"curies":[{"name":"wp","href":"https:\/\/api.w.org\/{rel}","templated":true}]}}