{"id":6372,"date":"2011-01-12T08:02:04","date_gmt":"2011-01-12T11:02:04","guid":{"rendered":"http:\/\/www.r2cpress.com.br\/v1\/?p=6372"},"modified":"2011-01-12T08:02:04","modified_gmt":"2011-01-12T11:02:04","slug":"bahia-e-um-dos-estados-com-maior-risco-de-surto-de-dengue","status":"publish","type":"post","link":"https:\/\/www.r2cpress.com.br\/v1\/2011\/01\/12\/bahia-e-um-dos-estados-com-maior-risco-de-surto-de-dengue\/","title":{"rendered":"Bahia \u00e9 um dos estados com maior risco de surto de dengue"},"content":{"rendered":"<p>A Bahia \u00e9 um dos 16 estados brasileiros com risco muito alto de epidemia de dengue e possui sete dos 178 munic\u00edpios brasileiros com risco de surto ou em situa\u00e7\u00e3o de alerta para epidemia, segundo o novo Mapa de Risco para a Dengue no Brasil, divulgado nesta ter\u00e7a-feira, 11, pelo ministro da Sa\u00fade, Alexandre Padilha.<\/p>\n<p>Para combater esta situa\u00e7\u00e3o, o ministro afirmou que o governo deve investir R$ 1,08 bilh\u00e3o nas a\u00e7\u00f5es de enfrentamento da doen\u00e7a neste ver\u00e3o.<\/p>\n<p>Salvador, Feira de Santana, Vit\u00f3ria da Conquista, Juazeiro, Ilh\u00e9us, Itabuna e Cama\u00e7ari est\u00e3o entre os 70 munic\u00edpios brasileiros que ser\u00e3o submetidos a monitoramento semanal dos casos, podendo at\u00e9 mesmo ganhar refor\u00e7o de a\u00e7\u00f5es de sa\u00fade para evitar a prolifera\u00e7\u00e3o de casos graves da doen\u00e7a.<\/p>\n<p><!--more--><\/p>\n<p>Esse grupo de cidades foi classificado pelo chamado \u201crisco dengue\u201d, que cruza os n\u00fameros da infesta\u00e7\u00e3o pelo mosquito Aedes aegypti com a densidade populacional e o tamanho da rede de aten\u00e7\u00e3o \u00e0 sa\u00fade.<\/p>\n<p>O ministro Alexandre Padilha detalhou o plano de a\u00e7\u00e3o, integrado por 13 \u00f3rg\u00e3os do governo federal, para prevenir e combater a eleva\u00e7\u00e3o dos casos graves, especialmente na popula\u00e7\u00e3o com menos de 15 anos.<\/p>\n<p>De acordo com ele, na pr\u00f3xima semana haver\u00e1 um encontro em Bras\u00edlia com 16 secret\u00e1rios estaduais da Sa\u00fade para tra\u00e7ar um plano de a\u00e7\u00e3o integrado entre estados e munic\u00edpios. O primeiro passo ser\u00e1 analisar o plano de conting\u00eancia de cada governo estadual.<\/p>\n<p>Em 2010, um milh\u00e3o de pessoas adoeceram no Pa\u00eds, com mais de 550 mortes. <\/p>\n<p>&#8212;<\/p>\n<p>Marjorie Moura l <a href = \"http:\/\/atarde.com.br\/cidades\/noticia.jsf?id=5672557\" target = \"_news\"><b>A TARDE<\/b><\/a> On Line<\/p>\n","protected":false},"excerpt":{"rendered":"<p>A Bahia \u00e9 um dos 16 estados brasileiros com risco muito alto de epidemia de dengue e possui sete dos 178 munic\u00edpios brasileiros com risco de surto ou em situa\u00e7\u00e3o de alerta para epidemia, segundo o novo Mapa de Risco para a Dengue no Brasil, divulgado nesta ter\u00e7a-feira, 11, pelo ministro da Sa\u00fade, Alexandre Padilha. [&hellip;]<\/p>\n","protected":false},"author":2,"featured_media":0,"comment_status":"open","ping_status":"open","sticky":false,"template":"","format":"standard","meta":{"_links_to":"","_links_to_target":""},"categories":[13],"tags":[],"_links":{"self":[{"href":"https:\/\/www.r2cpress.com.br\/v1\/wp-json\/wp\/v2\/posts\/6372"}],"collection":[{"href":"https:\/\/www.r2cpress.com.br\/v1\/wp-json\/wp\/v2\/posts"}],"about":[{"href":"https:\/\/www.r2cpress.com.br\/v1\/wp-json\/wp\/v2\/types\/post"}],"author":[{"embeddable":true,"href":"https:\/\/www.r2cpress.com.br\/v1\/wp-json\/wp\/v2\/users\/2"}],"replies":[{"embeddable":true,"href":"https:\/\/www.r2cpress.com.br\/v1\/wp-json\/wp\/v2\/comments?post=6372"}],"version-history":[{"count":2,"href":"https:\/\/www.r2cpress.com.br\/v1\/wp-json\/wp\/v2\/posts\/6372\/revisions"}],"predecessor-version":[{"id":6374,"href":"https:\/\/www.r2cpress.com.br\/v1\/wp-json\/wp\/v2\/posts\/6372\/revisions\/6374"}],"wp:attachment":[{"href":"https:\/\/www.r2cpress.com.br\/v1\/wp-json\/wp\/v2\/media?parent=6372"}],"wp:term":[{"taxonomy":"category","embeddable":true,"href":"https:\/\/www.r2cpress.com.br\/v1\/wp-json\/wp\/v2\/categories?post=6372"},{"taxonomy":"post_tag","embeddable":true,"href":"https:\/\/www.r2cpress.com.br\/v1\/wp-json\/wp\/v2\/tags?post=6372"}],"curies":[{"name":"wp","href":"https:\/\/api.w.org\/{rel}","templated":true}]}}