{"id":6379,"date":"2011-01-12T08:47:21","date_gmt":"2011-01-12T11:47:21","guid":{"rendered":"http:\/\/www.r2cpress.com.br\/v1\/?p=6379"},"modified":"2011-01-12T08:47:21","modified_gmt":"2011-01-12T11:47:21","slug":"vaticano-deve-anunciar-novo-arcebispo-de-salvador-e-primaz-do-brasil-ainda-nesta-semana","status":"publish","type":"post","link":"https:\/\/www.r2cpress.com.br\/v1\/2011\/01\/12\/vaticano-deve-anunciar-novo-arcebispo-de-salvador-e-primaz-do-brasil-ainda-nesta-semana\/","title":{"rendered":"Vaticano deve anunciar novo arcebispo de Salvador e primaz do Brasil ainda nesta semana"},"content":{"rendered":"<p><em><strong>Segundo fontes pr\u00f3ximas ao cardeal, citadas pela Ag\u00eancia Estado, os nomes mais cotados para o posto s\u00e3o do arcebispo de Maring\u00e1 (Paran\u00e1), dom Anuar Battisti, 57 anos, e dom Murilo Krieger, 67 anos, de Florian\u00f3polis<\/strong><\/em><\/p>\n<p>O Vaticano dever\u00e1 anunciar nos pr\u00f3ximos dias, provavelmente at\u00e9 amanh\u00e3, o nome do novo arcebispo de Salvador e primaz do Brasil, em substitui\u00e7\u00e3o ao cardeal Geraldo Majella Agnelo, 77 anos. Em mar\u00e7o de 2009, dom Geraldo apresentou sua ren\u00fancia \u00e0 Santa S\u00e9 por limite de idade (75 anos). Conforme o costume, a partir desse limite, o Vaticano j\u00e1 pode escolher  substituto.<\/p>\n<p>Segundo fontes pr\u00f3ximas ao cardeal, citadas pela Ag\u00eancia Estado, os nomes mais cotados para o posto s\u00e3o do arcebispo de Maring\u00e1 (Paran\u00e1), dom Anuar Battisti, 57 anos, e  dom Murilo Krieger, 67 anos, de Florian\u00f3polis. A Arquidiocese de Salvador, no entanto, n\u00e3o confirmou as informa\u00e7\u00f5es.<\/p>\n<p><!--more--><\/p>\n<p>Segundo a assessoria do arcebispado, sugest\u00f5es sobre o  prov\u00e1vel substituto de dom Geraldo  s\u00e3o comuns nesta \u00e9poca  e devem ser tratadas como \u201cpura especula\u00e7\u00e3o\u201d. Ainda segundo a  assessoria,  a decis\u00e3o do papa Bento 16 ser\u00e1 anunciada do Vaticano, sem intermedi\u00e1rios e atrav\u00e9s do L&#8217;Osservatore Romano, publica\u00e7\u00e3o oficial da Santa S\u00e9.<\/p>\n<p>O t\u00edtulo de primaz cabe ao arcebispo de Salvador pela cidade ter recebido a primeira diocese criada no Brasil. Outra mudan\u00e7a esperada para breve \u00e9 a indica\u00e7\u00e3o do arcebispo de Bras\u00edlia, ap\u00f3s a nomea\u00e7\u00e3o de dom Jo\u00e3o Braz de Aviz, 63, para prefeito da Congrega\u00e7\u00e3o dos Institutos de Vida Consagrada e Sociedades de Vida Apost\u00f3lica, na C\u00faria Romana.<\/p>\n<p>No <a href = \"http:\/\/www.correio24horas.com.br\/noticias\/detalhes\/detalhes-1\/artigo\/vaticano-deve-anunciar-novo-arcebispo-de-salvador-e-primaz-do-brasil-ainda-nesta-semana\/\" target = \"_news\"><b>CORREIO DA BAHIA<\/b><\/a><\/p>\n","protected":false},"excerpt":{"rendered":"<p>Segundo fontes pr\u00f3ximas ao cardeal, citadas pela Ag\u00eancia Estado, os nomes mais cotados para o posto s\u00e3o do arcebispo de Maring\u00e1 (Paran\u00e1), dom Anuar Battisti, 57 anos, e dom Murilo Krieger, 67 anos, de Florian\u00f3polis O Vaticano dever\u00e1 anunciar nos pr\u00f3ximos dias, provavelmente at\u00e9 amanh\u00e3, o nome do novo arcebispo de Salvador e primaz do [&hellip;]<\/p>\n","protected":false},"author":2,"featured_media":0,"comment_status":"open","ping_status":"open","sticky":false,"template":"","format":"standard","meta":{"_links_to":"","_links_to_target":""},"categories":[13],"tags":[],"_links":{"self":[{"href":"https:\/\/www.r2cpress.com.br\/v1\/wp-json\/wp\/v2\/posts\/6379"}],"collection":[{"href":"https:\/\/www.r2cpress.com.br\/v1\/wp-json\/wp\/v2\/posts"}],"about":[{"href":"https:\/\/www.r2cpress.com.br\/v1\/wp-json\/wp\/v2\/types\/post"}],"author":[{"embeddable":true,"href":"https:\/\/www.r2cpress.com.br\/v1\/wp-json\/wp\/v2\/users\/2"}],"replies":[{"embeddable":true,"href":"https:\/\/www.r2cpress.com.br\/v1\/wp-json\/wp\/v2\/comments?post=6379"}],"version-history":[{"count":2,"href":"https:\/\/www.r2cpress.com.br\/v1\/wp-json\/wp\/v2\/posts\/6379\/revisions"}],"predecessor-version":[{"id":6381,"href":"https:\/\/www.r2cpress.com.br\/v1\/wp-json\/wp\/v2\/posts\/6379\/revisions\/6381"}],"wp:attachment":[{"href":"https:\/\/www.r2cpress.com.br\/v1\/wp-json\/wp\/v2\/media?parent=6379"}],"wp:term":[{"taxonomy":"category","embeddable":true,"href":"https:\/\/www.r2cpress.com.br\/v1\/wp-json\/wp\/v2\/categories?post=6379"},{"taxonomy":"post_tag","embeddable":true,"href":"https:\/\/www.r2cpress.com.br\/v1\/wp-json\/wp\/v2\/tags?post=6379"}],"curies":[{"name":"wp","href":"https:\/\/api.w.org\/{rel}","templated":true}]}}