{"id":6382,"date":"2011-01-12T09:03:36","date_gmt":"2011-01-12T12:03:36","guid":{"rendered":"http:\/\/www.r2cpress.com.br\/v1\/?p=6382"},"modified":"2011-01-12T09:03:36","modified_gmt":"2011-01-12T12:03:36","slug":"ficc-divulga-vencedores-do-concurso-de-fotografia-%e2%80%9cos-olhares-da-cidade%e2%80%9d","status":"publish","type":"post","link":"https:\/\/www.r2cpress.com.br\/v1\/2011\/01\/12\/ficc-divulga-vencedores-do-concurso-de-fotografia-%e2%80%9cos-olhares-da-cidade%e2%80%9d\/","title":{"rendered":"FICC DIVULGA VENCEDORES DO CONCURSO DE FOTOGRAFIA \u201cOS OLHARES DA CIDADE\u201d"},"content":{"rendered":"<p>            Entre dezenas de concorrentes, o itabunense Tiago da Silva Pereira conquistou o primeiro lugar \u2013 Pr\u00eamio Jovelino  Alves dos Santos (Alem\u00e3o), no Concurso Fotogr\u00e1fico \u201cOs Olhares da Cidade\u201d promovido pela Funda\u00e7\u00e3o Itabunense de Cultura e Cidadania, com o ensaio  \u201cReflexo da Alma Grapi\u00fana\u201d, fazendo jus a diploma  e  premia\u00e7\u00e3o de hum mil e quinhentos reais. A Comiss\u00e3o Julgadora do concurso  foi constitu\u00edda das professoras do  Departamento de Letras da Universidade Estadual de Santa Cruz, Doutora Joliane Olschowsky da Cruz, Mestra Juliana  Nascimento Torrezani e do fot\u00f3grafo Pedro Augusto Benevides, da Assessoria de Comunica\u00e7\u00e3o da Prefeitura Municipal de Itabuna.<\/p>\n<p>Segundo o presidente da FICC, Cyro de Mattos, o Concurso Fotogr\u00e1fico \u201cOs Olhares da Cidade\u201d cumpre um dos objetivos da entidade oferecendo o bem para a cultura em nossa sociedade, ao homenagear a mem\u00f3ria de fot\u00f3grafos que dedicaram sua vida \u00e0 arte da fotografia e assim prestaram um servi\u00e7o relevante \u00e0 comunidade itabunense, al\u00e9m de dar oportunidade aos artistas da cidade,  regi\u00e3o e de outros lugares  para  revelarem seu valor na arte da fotografia.<\/p>\n<p><!--more--><\/p>\n<p>Afirmou Mattos que o prazo de encerramento do concurso foi prorrogado v\u00e1rias vezes em raz\u00e3o do pequeno n\u00famero de concorrentes no in\u00edcio,  da dificuldade em constituir a comiss\u00e3o julgadora, reunir seus membros depois de constitu\u00edda, alegando falta  de tempo para julgar os trabalhos devido a seus afazeres profissionais, al\u00e9m da falta de recursos para a exposi\u00e7\u00e3o dos trabalhos vencedores com o pagamento dos pr\u00eamios. \u201cN\u00e3o \u00e9 estranh\u00e1vel que isso aconte\u00e7a, pois a prorroga\u00e7\u00e3o de qualquer concurso art\u00edstico promovido por \u00f3rg\u00e3o p\u00fablico acontece em qualquer lugar pelos motivos apontados ou outros\u201d,  ressaltou  o presidente da FICC.  <\/p>\n<p>A assessora de projetos e pesquisas da FICC, coordenadora da execu\u00e7\u00e3o do concurso,  professora Genny Xavier, informou que a rela\u00e7\u00e3o dos premiados \u00e9 a seguinte: <\/p>\n<p><strong>1\u00b0 LUGAR \u2013 Pr\u00eamio Jovelino Alves do Santos (Alem\u00e3o) \u2013 R$ 1.500,00<\/p>\n<p>\u2022\tTiago da Silva Pereira &#8211; Itabuna<\/strong><br \/>\nT\u00edtulo do ensaio: \u201cReflexo da Alma Grapi\u00fana\u201d<\/p>\n<p><strong>2\u00ba LUGAR \u2013 Pr\u00eamio Armando Mendes \u2013 R$ 1.000,00<\/p>\n<p>\u2022\tJanduari Sim\u00f5es \u2013 Itabuna<\/strong><br \/>\nT\u00edtulo do ensaio: \u201cItabuna: Eu Vi\u201d<\/p>\n<p><strong>3\u00ba LUGAR \u2013 Pr\u00eamio Niwton Maxwell \u2013 R$ 800,00<\/p>\n<p>\u2022\tRafael Almeida Teixeira &#8211; Itabuna<\/strong><br \/>\nT\u00edtulo do Ensaio \u2013 \u201cO Andarilho em Itabuna\u201d <\/p>\n<p><strong>4\u00ba LUGAR \u2013 Pr\u00eamio Raimundo Bastos \u2013 R$ 700,00  <\/p>\n<p>\u2022\tK\u00e1tia Soares Messias \u2013 Itabuna<\/strong><br \/>\nT\u00edtulo do ensaio: \u201cCenten\u00e1rios\u201d<\/p>\n<p><strong>5\u00ba LUGAR \u2013 Premio Sabino Primitivo Cerqueira \u2013 R$ 500,00<\/p>\n<p>\u2022\tFelippe Calazans Thomaz &#8211; Itabuna<\/strong><br \/>\nT\u00edtulo do ensaio: \u201cO tempo passa em duas cores\u201d<\/p>\n<p><strong>ESPECIAL DO JURI (pr\u00eamio de incentivo escolhido entre os concorrentes nascidos em Itabuna) \u2013 Pr\u00eamio Emerson Trindade Carregosa \u2013 R$ 300,00<\/p>\n<p>\u2022\tEduardo Lessa Silva &#8211; Itabuna<\/strong><br \/>\nT\u00edtulo do ensaio: \u201cA Exclus\u00e3o Digital\u201d<\/p>\n<p><strong>MEN\u00c7\u00c3O HONROSA<\/p>\n<p>\u2022\tDiego Santos Andrade \u2013 Itabuna<\/strong><br \/>\nT\u00edtulo do ensaio: \u201cPanoramas\u201d<\/p>\n<p><strong>MEN\u00c7\u00c3O HONROSA<\/p>\n<p>\u2022\tRaquel Silva Rocha \u2013 S\u00e3o Paulo<\/strong><br \/>\nT\u00edtulo do ensaio: \u201cUma Cidade, um Rio\u201d<\/p>\n<p><strong>MEN\u00c7\u00c3O HONROSA<\/p>\n<p>\u2022\tEdson Fernando Andrade Amaral \u2013 Salvador<\/strong><br \/>\nT\u00edtulo do ensaio: \u201cSobreviv\u00eancia do Cachoeira\u201d <\/p>\n<p>______________________________________________________<\/p>\n<p><strong>COMISS\u00c3O JULGADORA:<\/p>\n<p>Prof\u00aa Dr\u00aa Joliane Olschowsky da Cruz<\/strong><\/p>\n<p>Universidade Estadual de Santa Cruz UESC<br \/>\nDepartamento de Letras e Artes \u2013 DLA<br \/>\nDocente do Mestrado em Cultura e Turismo<br \/>\nLaborat\u00f3rio de Fotografia<br \/>\nComunica\u00e7\u00e3o Social<\/p>\n<p><strong>Prof\u00aa Julianna Nascimento Torezani<\/strong><\/p>\n<p>Curso Comunica\u00e7\u00e3o Social &#8211; R\u00e1dio e TV \u2013 UESC<br \/>\nCurso Comunica\u00e7\u00e3o Social &#8211; Jornalismo &#8211; UNIME Itabuna<br \/>\nDiagrama\u00e7\u00e3o e Videoaula &#8211; UAB\/UESC<\/p>\n<p><strong>Pedro Augusto Benevides Machado<br \/>\n<\/strong><br \/>\nFot\u00f3grafo Profissional<br \/>\nAssessoria de Comunica\u00e7\u00e3o da Prefeitura Municipal de Itabuna<\/p>\n<p>Segundo o presidente da FICC, os trabalhos premiados ser\u00e3o montados em uma exposi\u00e7\u00e3o para visita\u00e7\u00e3o p\u00fablica quando ent\u00e3o em sua abertura,  na segunda quinzena de fevereiro, acontecer\u00e1 a entrega das premia\u00e7\u00f5es aos vencedores, com a presen\u00e7a do Prefeito Jos\u00e9 Nilton Azevedo Leal, autoridades, comunicadores,  professores, estudantes,  artistas, curiosos e amantes da arte da fotografia, em particular ligada \u00e0 hist\u00f3ria  de Itabuna.   <\/p>\n","protected":false},"excerpt":{"rendered":"<p>Entre dezenas de concorrentes, o itabunense Tiago da Silva Pereira conquistou o primeiro lugar \u2013 Pr\u00eamio Jovelino Alves dos Santos (Alem\u00e3o), no Concurso Fotogr\u00e1fico \u201cOs Olhares da Cidade\u201d promovido pela Funda\u00e7\u00e3o Itabunense de Cultura e Cidadania, com o ensaio \u201cReflexo da Alma Grapi\u00fana\u201d, fazendo jus a diploma e premia\u00e7\u00e3o de hum mil e quinhentos reais. [&hellip;]<\/p>\n","protected":false},"author":2,"featured_media":0,"comment_status":"open","ping_status":"open","sticky":false,"template":"","format":"standard","meta":{"_links_to":"","_links_to_target":""},"categories":[5],"tags":[],"_links":{"self":[{"href":"https:\/\/www.r2cpress.com.br\/v1\/wp-json\/wp\/v2\/posts\/6382"}],"collection":[{"href":"https:\/\/www.r2cpress.com.br\/v1\/wp-json\/wp\/v2\/posts"}],"about":[{"href":"https:\/\/www.r2cpress.com.br\/v1\/wp-json\/wp\/v2\/types\/post"}],"author":[{"embeddable":true,"href":"https:\/\/www.r2cpress.com.br\/v1\/wp-json\/wp\/v2\/users\/2"}],"replies":[{"embeddable":true,"href":"https:\/\/www.r2cpress.com.br\/v1\/wp-json\/wp\/v2\/comments?post=6382"}],"version-history":[{"count":2,"href":"https:\/\/www.r2cpress.com.br\/v1\/wp-json\/wp\/v2\/posts\/6382\/revisions"}],"predecessor-version":[{"id":6384,"href":"https:\/\/www.r2cpress.com.br\/v1\/wp-json\/wp\/v2\/posts\/6382\/revisions\/6384"}],"wp:attachment":[{"href":"https:\/\/www.r2cpress.com.br\/v1\/wp-json\/wp\/v2\/media?parent=6382"}],"wp:term":[{"taxonomy":"category","embeddable":true,"href":"https:\/\/www.r2cpress.com.br\/v1\/wp-json\/wp\/v2\/categories?post=6382"},{"taxonomy":"post_tag","embeddable":true,"href":"https:\/\/www.r2cpress.com.br\/v1\/wp-json\/wp\/v2\/tags?post=6382"}],"curies":[{"name":"wp","href":"https:\/\/api.w.org\/{rel}","templated":true}]}}