{"id":63829,"date":"2013-04-25T08:25:55","date_gmt":"2013-04-25T11:25:55","guid":{"rendered":"http:\/\/www.r2cpress.com.br\/v1\/?p=63829"},"modified":"2013-04-25T08:25:55","modified_gmt":"2013-04-25T11:25:55","slug":"deputada-participa-de-seminario-sobre-a-importancia-da-ferrovia-oesteleste","status":"publish","type":"post","link":"https:\/\/www.r2cpress.com.br\/v1\/2013\/04\/25\/deputada-participa-de-seminario-sobre-a-importancia-da-ferrovia-oesteleste\/","title":{"rendered":"Deputada participa de semin\u00e1rio sobre a import\u00e2ncia da Ferrovia Oeste\/Leste"},"content":{"rendered":"<p><center><strong> \tAssembleia Legislativa do Estado da Bahia<br \/>\nGabinete da Deputada Estadual \u00c2ngela Sousa (PSD)<br \/>\n037\/2013\t\t\tData:\t25.04.13<br \/>\nDeputada participa de semin\u00e1rio sobre  a import\u00e2ncia da Ferrovia Oeste\/Leste<\/strong><\/center><\/p>\n<p>A deputada estadual \u00c2ngela Sousa (PSD), vice-presidente da Comiss\u00e3o de Infraestrutura, Desenvolvimento Econ\u00f4mico e Turismo e membro titular da Comiss\u00e3o Especial da Ferrovia de Integra\u00e7\u00e3o Oeste-Leste da Assembleia Legislativa da Bahia, participa nesta sexta-feira (26), em Barreiras, do semin\u00e1rio com o tema &#8220;Fiol: a Bahia quer, o Brasil precisa!&#8221;. A proposta do semin\u00e1rio \u00e9 discutir, junto com os governos Estadual e Federal, empres\u00e1rios e os segmentos organizados da sociedade, a import\u00e2ncia da ferrovia para o desenvolvimento do Brasil e destravar a o processo de constru\u00e7\u00e3o da Fiol, j\u00e1 que a paralisa\u00e7\u00e3o dos servi\u00e7os vem trazendo s\u00e9rios preju\u00edzos para a economia baiana.<br \/>\n<div id=\"attachment_63832\" style=\"width: 510px\" class=\"wp-caption aligncenter\"><a href=\"http:\/\/www.r2cpress.com.br\/v1\/wp-content\/uploads\/DEP-\u00c2NGELA-Comiss\u00e3o-Porto-Sul-e-FIOL.jpg\"><img aria-describedby=\"caption-attachment-63832\" loading=\"lazy\" src=\"http:\/\/www.r2cpress.com.br\/v1\/wp-content\/uploads\/DEP-\u00c2NGELA-Comiss\u00e3o-Porto-Sul-e-FIOL.jpg\" alt=\"Comiss\u00e3o Porto Sul e FIOL.\" width=\"500\" height=\"375\" class=\"size-full wp-image-63832\" srcset=\"https:\/\/www.r2cpress.com.br\/v1\/wp-content\/uploads\/DEP-\u00c2NGELA-Comiss\u00e3o-Porto-Sul-e-FIOL.jpg 500w, https:\/\/www.r2cpress.com.br\/v1\/wp-content\/uploads\/DEP-\u00c2NGELA-Comiss\u00e3o-Porto-Sul-e-FIOL-300x225.jpg 300w\" sizes=\"(max-width: 500px) 100vw, 500px\" \/><\/a><p id=\"caption-attachment-63832\" class=\"wp-caption-text\">Comiss\u00e3o Porto Sul e FIOL.<\/p><\/div><br \/>\n\u00c2ngela Sousa refor\u00e7ou a necessidade da participa\u00e7\u00e3o n\u00e3o somente dos deputados, como tamb\u00e9m dos representantes dos governos Federal, Estadual, prefeituras e tamb\u00e9m da sociedade civil organizada nesse evento, tendo em vista que a constru\u00e7\u00e3o da ferrovia ser\u00e1 um passo importante para a constru\u00e7\u00e3o tamb\u00e9m do Porto Sul. Para ela, n\u00e3o existe ferrovia sem porto e nem porto sem ferrovia, da\u00ed a necessidade de se discutir amplamente sobre a implanta\u00e7\u00e3o desses equipamentos, buscando resolver os eventuais entraves que tem atrasado a implanta\u00e7\u00e3o do Completo Intermodal Porto Sul. De Ilh\u00e9us tamb\u00e9m seguir\u00e1 uma comitiva para participar do evento.<\/p>\n<p><!--more--><\/p>\n<p>De acordo com o deputado federal e coordenador geral do semin\u00e1rio, Jo\u00e3o Le\u00e3o (PP), j\u00e1 est\u00e3o confirmadas, entre outras autoridades, as presen\u00e7as dos ministros Paulo S\u00e9rgio Passos, dos Transportes; Jos\u00e9 Le\u00f4nidas Menezes Cristino, dos Portos; Aguinaldo Ribeiro, das Cidades; do ministro Augusto Nardes, presidente do Tribunal de Contas da Uni\u00e3o (TCU); do ministro Aroldo Cedraz, vice-presidente do TCU; de Josias Sampaio Cavalcante Junior, presidente da Valec, empresa respons\u00e1vel pelas obras da Fiol; Elmo Vaz, presidente da Codevasf, e de Volney Zanardi Junior, presidente do Ibama. <\/p>\n<p>A Ferrovia de Integra\u00e7\u00e3o Oeste-Leste dinamizar\u00e1 o escoamento da produ\u00e7\u00e3o da Bahia e servir\u00e1 de liga\u00e7\u00e3o dessa regi\u00e3o com outros polos do pa\u00eds, por interm\u00e9dio de conex\u00e3o com a Ferrovia Norte-Sul. Inclu\u00edda entre as prioridades do Programa de Acelera\u00e7\u00e3o do Crescimento (PAC), a Ferrovia de Integra\u00e7\u00e3o Oeste-Leste ter\u00e1 1.527 km de extens\u00e3o e envolver\u00e1 investimentos estimados em R$ 7,43 bilh\u00f5es at\u00e9 2014. A Fiol ligar\u00e1 as cidades de Ilh\u00e9us, Caetit\u00e9 e Barreiras \u2013 no estado da Bahia \u2013 a Figueir\u00f3polis, no estado do Tocantins, formando um corredor de transporte que otimizar\u00e1 a opera\u00e7\u00e3o do Porto Sul, em Ilh\u00e9us, e ainda abrir\u00e1 nova alternativa de log\u00edstica para portos no norte do pa\u00eds atendidos pela Ferrovia Norte-Sul e Estrada de Ferro Caraj\u00e1s.<\/p>\n<p>O I Semin\u00e1rio da FIOL \u00e9 uma realiza\u00e7\u00e3o da Uni\u00e3o dos Munic\u00edpios da Bahia (UPB), Uni\u00e3o dos Munic\u00edpios do Oeste da Bahia (UMOB), do CREA-BA, das prefeituras de Luis Eduardo Magalh\u00e3es e Barreiras, Associa\u00e7\u00e3o dos Engenheiros e T\u00e9cnicos Ferrovi\u00e1rios da Bahia e Sergipe e da Comiss\u00e3o Especial da FIOL. O evento tamb\u00e9m tem o apoio da AMURC, Cons\u00f3rcio dos Munic\u00edpios do Vale do Rio das Contas, Associa\u00e7\u00e3o dos Munic\u00edpios da Regi\u00e3o do Sudoeste do Estado da Bahia (AMIRS), Associa\u00e7\u00e3o de Agricultores e Irrigadores da Bahia (AIBA), Associa\u00e7\u00e3o Baiana dos Produtores de Algod\u00e3o (ABAPA), Associa\u00e7\u00e3o Comercial e Empresarial de Luis Eduardo Magalh\u00e3es (ACELEM) e Sistema FIEB.<\/p>\n","protected":false},"excerpt":{"rendered":"<p>Assembleia Legislativa do Estado da Bahia Gabinete da Deputada Estadual \u00c2ngela Sousa (PSD) 037\/2013 Data: 25.04.13 Deputada participa de semin\u00e1rio sobre a import\u00e2ncia da Ferrovia Oeste\/Leste A deputada estadual \u00c2ngela Sousa (PSD), vice-presidente da Comiss\u00e3o de Infraestrutura, Desenvolvimento Econ\u00f4mico e Turismo e membro titular da Comiss\u00e3o Especial da Ferrovia de Integra\u00e7\u00e3o Oeste-Leste da Assembleia Legislativa [&hellip;]<\/p>\n","protected":false},"author":2,"featured_media":0,"comment_status":"open","ping_status":"open","sticky":false,"template":"","format":"standard","meta":{"_links_to":"","_links_to_target":""},"categories":[22],"tags":[],"_links":{"self":[{"href":"https:\/\/www.r2cpress.com.br\/v1\/wp-json\/wp\/v2\/posts\/63829"}],"collection":[{"href":"https:\/\/www.r2cpress.com.br\/v1\/wp-json\/wp\/v2\/posts"}],"about":[{"href":"https:\/\/www.r2cpress.com.br\/v1\/wp-json\/wp\/v2\/types\/post"}],"author":[{"embeddable":true,"href":"https:\/\/www.r2cpress.com.br\/v1\/wp-json\/wp\/v2\/users\/2"}],"replies":[{"embeddable":true,"href":"https:\/\/www.r2cpress.com.br\/v1\/wp-json\/wp\/v2\/comments?post=63829"}],"version-history":[{"count":5,"href":"https:\/\/www.r2cpress.com.br\/v1\/wp-json\/wp\/v2\/posts\/63829\/revisions"}],"predecessor-version":[{"id":63835,"href":"https:\/\/www.r2cpress.com.br\/v1\/wp-json\/wp\/v2\/posts\/63829\/revisions\/63835"}],"wp:attachment":[{"href":"https:\/\/www.r2cpress.com.br\/v1\/wp-json\/wp\/v2\/media?parent=63829"}],"wp:term":[{"taxonomy":"category","embeddable":true,"href":"https:\/\/www.r2cpress.com.br\/v1\/wp-json\/wp\/v2\/categories?post=63829"},{"taxonomy":"post_tag","embeddable":true,"href":"https:\/\/www.r2cpress.com.br\/v1\/wp-json\/wp\/v2\/tags?post=63829"}],"curies":[{"name":"wp","href":"https:\/\/api.w.org\/{rel}","templated":true}]}}