{"id":63836,"date":"2013-04-25T08:29:55","date_gmt":"2013-04-25T11:29:55","guid":{"rendered":"http:\/\/www.r2cpress.com.br\/v1\/?p=63836"},"modified":"2013-04-25T08:29:55","modified_gmt":"2013-04-25T11:29:55","slug":"teatro-danca-e-cinema-fecham-primeiro-mes-da-tenda-do-tpi","status":"publish","type":"post","link":"https:\/\/www.r2cpress.com.br\/v1\/2013\/04\/25\/teatro-danca-e-cinema-fecham-primeiro-mes-da-tenda-do-tpi\/","title":{"rendered":"Teatro, dan\u00e7a e cinema fecham  Primeiro m\u00eas da Tenda do TPI"},"content":{"rendered":"<div>\n<div id=\"attachment_63837\" style=\"width: 510px\" class=\"wp-caption aligncenter\"><a href=\"http:\/\/www.r2cpress.com.br\/v1\/wp-content\/uploads\/Auto-do-Boi-da-Cara-Preta-Cia.-Boi-da-Cara-Preta-foto-Felipe-de-Paula-4.jpg\"><img aria-describedby=\"caption-attachment-63837\" loading=\"lazy\" class=\"size-full wp-image-63837\" alt=\"Auto do Boi da Cara Preta - Cia. Boi da Cara Preta - foto Felipe de Paula.\" src=\"http:\/\/www.r2cpress.com.br\/v1\/wp-content\/uploads\/Auto-do-Boi-da-Cara-Preta-Cia.-Boi-da-Cara-Preta-foto-Felipe-de-Paula-4.jpg\" width=\"500\" height=\"375\" srcset=\"https:\/\/www.r2cpress.com.br\/v1\/wp-content\/uploads\/Auto-do-Boi-da-Cara-Preta-Cia.-Boi-da-Cara-Preta-foto-Felipe-de-Paula-4.jpg 500w, https:\/\/www.r2cpress.com.br\/v1\/wp-content\/uploads\/Auto-do-Boi-da-Cara-Preta-Cia.-Boi-da-Cara-Preta-foto-Felipe-de-Paula-4-300x225.jpg 300w\" sizes=\"(max-width: 500px) 100vw, 500px\" \/><\/a><p id=\"caption-attachment-63837\" class=\"wp-caption-text\">Auto do Boi da Cara Preta &#8211; Cia. Boi da Cara Preta &#8211; foto Felipe de Paula.<\/p><\/div>\n<div id=\"attachment_63838\" style=\"width: 510px\" class=\"wp-caption aligncenter\"><a href=\"http:\/\/www.r2cpress.com.br\/v1\/wp-content\/uploads\/Teodorico-Majestade-as-\u00faltimas-horas-de-um-prefeito-Teatro-Popular-de-Ilh\u00e9us-foto-Felipe-de-Paula-4.jpg\"><img aria-describedby=\"caption-attachment-63838\" loading=\"lazy\" class=\"size-full wp-image-63838\" alt=\"Teodorico Majestade, as \u00faltimas horas de um prefeito - Teatro Popular de Ilh\u00e9us - foto Felipe de Paula.\" src=\"http:\/\/www.r2cpress.com.br\/v1\/wp-content\/uploads\/Teodorico-Majestade-as-\u00faltimas-horas-de-um-prefeito-Teatro-Popular-de-Ilh\u00e9us-foto-Felipe-de-Paula-4.jpg\" width=\"500\" height=\"375\" srcset=\"https:\/\/www.r2cpress.com.br\/v1\/wp-content\/uploads\/Teodorico-Majestade-as-\u00faltimas-horas-de-um-prefeito-Teatro-Popular-de-Ilh\u00e9us-foto-Felipe-de-Paula-4.jpg 500w, https:\/\/www.r2cpress.com.br\/v1\/wp-content\/uploads\/Teodorico-Majestade-as-\u00faltimas-horas-de-um-prefeito-Teatro-Popular-de-Ilh\u00e9us-foto-Felipe-de-Paula-4-300x225.jpg 300w\" sizes=\"(max-width: 500px) 100vw, 500px\" \/><\/a><p id=\"caption-attachment-63838\" class=\"wp-caption-text\">Teodorico Majestade, as \u00faltimas horas de um prefeito &#8211; Teatro Popular de Ilh\u00e9us &#8211; foto Felipe de Paula.<\/p><\/div>\n<\/div>\n<div>A Tenda do Teatro Popular de Ilh\u00e9us (TPI) fecha o m\u00eas de abril com atra\u00e7\u00f5es variadas. Neste s\u00e1bado (27), haver\u00e1 um espet\u00e1culo de dan\u00e7a e dois de teatro. No domingo, tem sess\u00e3o extra com exibi\u00e7\u00e3o gratuita de v\u00eddeos e, na pr\u00f3xima ter\u00e7a-feira (30), o Cineclube \u00c9quio Reis encerra o rol de atra\u00e7\u00f5es do primeiro m\u00eas de funcionamento do espa\u00e7o cultural\u00c0s 17 horas deste s\u00e1bado (27), a A-RRISCA Cia. de Dan\u00e7a apresenta a interven\u00e7\u00e3o urbana <i>Olhares<\/i>, na Pra\u00e7a Castro Alves. Em seguida, ser\u00e1 encenado o musical infanto-juvenil <i>Auto do Boi da Cara Preta<\/i>, da Cia. Boi da Cara Preta, \u00e0s 18 horas, na Tenda do TPI. E, \u00e0s 20 horas, ser\u00e1 apresentada a s\u00e1tira em cordel <i>Teodorico Majestade, as \u00faltimas horas de um prefeito<\/i>, do Teatro Popular de Ilh\u00e9us. As entradas para os espet\u00e1culos teatrais custam R$ 10 e R$ 5. Vale ressaltar que 20% dos ingressos dispon\u00edveis s\u00e3o reservados para estudantes de escolas p\u00fablicas.<\/p>\n<p>No domingo (28), a A-RRISCA Cia. de Dan\u00e7a apresenta novamente a interven\u00e7\u00e3o urbana na Pra\u00e7a Castro Alves. E, logo mais, \u00e0s 18 horas, na Tenda do Teatro Popular de Ilh\u00e9us, ser\u00e3o exibidos v\u00eddeos da Retrospectiva Festival Nacional 5 Minutos. Na ter\u00e7a-feira, \u00e0s 19 horas, o Cineclube \u00c9quio Reis traz o document\u00e1rio \u201cO que \u00e9 Cabruca\u201d, de L\u00e1zaro Vasconcelos. A atual edi\u00e7\u00e3o do projeto \u00e9 uma parceria do N\u00facleo de Produ\u00e7\u00e3o Audiovisual do Teatro Popular de Ilh\u00e9us e do curso de Comunica\u00e7\u00e3o Social da Universidade Estadual de Santa Cruz. A entrada \u00e9 franca.<\/p>\n<p>A mudan\u00e7a para o novo espa\u00e7o tem sido encarada de maneira muito positiva para os artistas. Com o espa\u00e7o mais amplo, est\u00e3o sendo ampliadas as possibilidades criativas. Por exemplo, o palco foi montado especialmente para a pr\u00f3xima montagem do TPI, <i>1789 \u2013 Engenho de Santana \u2013 Uma Revolu\u00e7\u00e3o Hist\u00f3rica<\/i>, que estrear\u00e1 em 02 de julho. \u201cAinda estamos nos adaptando \u00e0 nova estrutura, conseguimos bons resultados e sentimos que estamos atraindo cada vez mais um novo p\u00fablico\u201d, disse o diretor do Teatro Popular de Ilh\u00e9us, Romualdo Lisboa. A estrutura da Tenda pertence ao Circo Show Brasil e foi alugada pelos tr\u00eas primeiros meses pelo Sebrae.<\/p>\n<\/div>\n","protected":false},"excerpt":{"rendered":"<p>A Tenda do Teatro Popular de Ilh\u00e9us (TPI) fecha o m\u00eas de abril com atra\u00e7\u00f5es variadas. Neste s\u00e1bado (27), haver\u00e1 um espet\u00e1culo de dan\u00e7a e dois de teatro. No domingo, tem sess\u00e3o extra com exibi\u00e7\u00e3o gratuita de v\u00eddeos e, na pr\u00f3xima ter\u00e7a-feira (30), o Cineclube \u00c9quio Reis encerra o rol de atra\u00e7\u00f5es do primeiro m\u00eas [&hellip;]<\/p>\n","protected":false},"author":2,"featured_media":0,"comment_status":"open","ping_status":"open","sticky":false,"template":"","format":"standard","meta":{"_links_to":"","_links_to_target":""},"categories":[5],"tags":[],"_links":{"self":[{"href":"https:\/\/www.r2cpress.com.br\/v1\/wp-json\/wp\/v2\/posts\/63836"}],"collection":[{"href":"https:\/\/www.r2cpress.com.br\/v1\/wp-json\/wp\/v2\/posts"}],"about":[{"href":"https:\/\/www.r2cpress.com.br\/v1\/wp-json\/wp\/v2\/types\/post"}],"author":[{"embeddable":true,"href":"https:\/\/www.r2cpress.com.br\/v1\/wp-json\/wp\/v2\/users\/2"}],"replies":[{"embeddable":true,"href":"https:\/\/www.r2cpress.com.br\/v1\/wp-json\/wp\/v2\/comments?post=63836"}],"version-history":[{"count":3,"href":"https:\/\/www.r2cpress.com.br\/v1\/wp-json\/wp\/v2\/posts\/63836\/revisions"}],"predecessor-version":[{"id":63841,"href":"https:\/\/www.r2cpress.com.br\/v1\/wp-json\/wp\/v2\/posts\/63836\/revisions\/63841"}],"wp:attachment":[{"href":"https:\/\/www.r2cpress.com.br\/v1\/wp-json\/wp\/v2\/media?parent=63836"}],"wp:term":[{"taxonomy":"category","embeddable":true,"href":"https:\/\/www.r2cpress.com.br\/v1\/wp-json\/wp\/v2\/categories?post=63836"},{"taxonomy":"post_tag","embeddable":true,"href":"https:\/\/www.r2cpress.com.br\/v1\/wp-json\/wp\/v2\/tags?post=63836"}],"curies":[{"name":"wp","href":"https:\/\/api.w.org\/{rel}","templated":true}]}}