{"id":6385,"date":"2011-01-12T09:06:16","date_gmt":"2011-01-12T12:06:16","guid":{"rendered":"http:\/\/www.r2cpress.com.br\/v1\/?p=6385"},"modified":"2011-01-12T09:06:16","modified_gmt":"2011-01-12T12:06:16","slug":"1%c2%ba-festival-de-cinema-baiano-boletim-terceiro-dia-1101","status":"publish","type":"post","link":"https:\/\/www.r2cpress.com.br\/v1\/2011\/01\/12\/1%c2%ba-festival-de-cinema-baiano-boletim-terceiro-dia-1101\/","title":{"rendered":"1\u00ba Festival de Cinema Baiano &#8211; Boletim (terceiro dia &#8211; 11\/01)"},"content":{"rendered":"<p> Terceiro dia do FECIBA: cinema baiano para todos os gostos <\/p>\n<p>A programa\u00e7\u00e3o do 1\u00ba Festival de Cinema Baiano contempla produ\u00e7\u00f5es bastante diversas. E o p\u00fablico parece querer conhece-las, aproveitando a oportunidade deste novo circuito de exibi\u00e7\u00f5es que, enfim, permite o acesso a estas produ\u00e7\u00f5es no sul da Bahia. O terceiro dia do festival continuou com as oficinas pela manh\u00e3 e, \u00e0 tarde, com a Mostra Paralela e a Mostra Sexualidade (sess\u00f5es gratuitas) que, mais uma vez, lotaram o audit\u00f3rio da Funda\u00e7\u00e3o Cultural de Ilh\u00e9us. Ap\u00f3s a exibi\u00e7\u00e3o do filme &#8220;No cora\u00e7\u00e3o de Shirley&#8221;, de Edyala Yglesias, ocorreu um bate papo intermediado por Katharine, mestranda e pesquisadora de g\u00eanero e com o membro do Grupo Humanus de Itabuna\/BA, Jos\u00e9 Ant\u00f4nio Loyola. Os temas, como sempre, suscitaram muita curiosidade e perguntas.<\/p>\n<p><!--more--><\/p>\n<p>         Ainda \u00e0 tarde, \u00e0s 16:30h, no Teatro Municipal de Ilh\u00e9us, foi iniciada a sess\u00e3o do document\u00e1rio &#8220;Profiss\u00e3o Palha\u00e7o&#8221;, de Paula Gomes, jovem produtora e diretora de cinema e uma das poucas mulheres \u00e0 frente do cinema na Bahia. A sess\u00e3o foi seguida de um bate papo com a diretora e o p\u00fablico se mostrou encantado com a tem\u00e1tica do seu filme. \u00c0s 18h, o veterano Tuna Espinheira esteve presente na sess\u00e3o de  &#8220;Cascalho&#8221;, no Cine Santa Clara. Depois, o diretor respondeu as perguntas do p\u00fablico sobre o seu filme e sobre a produ\u00e7\u00e3o e distribui\u00e7\u00e3o do cinema baiano.<\/p>\n<p>       <strong>  Hoje<\/strong>, as sess\u00f5es come\u00e7am um pouco mais cedo, \u00e0s 15h, no Teatro Municipal de Ilh\u00e9us, onde ser\u00e3o exibidos o rebelde e hist\u00f3rico &#8220;Meterorango Kid &#8211; Her\u00f3i Intergal\u00e1tico&#8221;, de Andr\u00e9 Luiz Oliveira e o primeiro longa metragem baiano &#8220;Reden\u00e7\u00e3o&#8221;, de Roberto Pires, \u00e0s 20:45h. Depois desta sess\u00e3o, Petrus Pires, filhos do diretor, vai participar de um bate papo com o p\u00fablico. Entre essas exibi\u00e7\u00f5es, ser\u00e1 apresentado no Cine Santa Clara, \u00e0s 18:30h, &#8220;Pau Brasil&#8221;, de Fernando B\u00e9lens, tamb\u00e9m seguido da participa\u00e7\u00e3o do diretor. Para cada uma destas sess\u00f5es, a entrada custa apenas R$ 5,00. Acesse: www.feciba.com.br<\/p>\n<p>Veja os trailers e as sinopses dos filmes em: http:\/\/www.feciba.com.br\/p\/convidados.html<\/p>\n<p>&#8212;<br \/>\nTacila Mendes<\/p>\n","protected":false},"excerpt":{"rendered":"<p>Terceiro dia do FECIBA: cinema baiano para todos os gostos A programa\u00e7\u00e3o do 1\u00ba Festival de Cinema Baiano contempla produ\u00e7\u00f5es bastante diversas. E o p\u00fablico parece querer conhece-las, aproveitando a oportunidade deste novo circuito de exibi\u00e7\u00f5es que, enfim, permite o acesso a estas produ\u00e7\u00f5es no sul da Bahia. O terceiro dia do festival continuou com [&hellip;]<\/p>\n","protected":false},"author":2,"featured_media":0,"comment_status":"open","ping_status":"open","sticky":false,"template":"","format":"standard","meta":{"_links_to":"","_links_to_target":""},"categories":[5],"tags":[],"_links":{"self":[{"href":"https:\/\/www.r2cpress.com.br\/v1\/wp-json\/wp\/v2\/posts\/6385"}],"collection":[{"href":"https:\/\/www.r2cpress.com.br\/v1\/wp-json\/wp\/v2\/posts"}],"about":[{"href":"https:\/\/www.r2cpress.com.br\/v1\/wp-json\/wp\/v2\/types\/post"}],"author":[{"embeddable":true,"href":"https:\/\/www.r2cpress.com.br\/v1\/wp-json\/wp\/v2\/users\/2"}],"replies":[{"embeddable":true,"href":"https:\/\/www.r2cpress.com.br\/v1\/wp-json\/wp\/v2\/comments?post=6385"}],"version-history":[{"count":3,"href":"https:\/\/www.r2cpress.com.br\/v1\/wp-json\/wp\/v2\/posts\/6385\/revisions"}],"predecessor-version":[{"id":6388,"href":"https:\/\/www.r2cpress.com.br\/v1\/wp-json\/wp\/v2\/posts\/6385\/revisions\/6388"}],"wp:attachment":[{"href":"https:\/\/www.r2cpress.com.br\/v1\/wp-json\/wp\/v2\/media?parent=6385"}],"wp:term":[{"taxonomy":"category","embeddable":true,"href":"https:\/\/www.r2cpress.com.br\/v1\/wp-json\/wp\/v2\/categories?post=6385"},{"taxonomy":"post_tag","embeddable":true,"href":"https:\/\/www.r2cpress.com.br\/v1\/wp-json\/wp\/v2\/tags?post=6385"}],"curies":[{"name":"wp","href":"https:\/\/api.w.org\/{rel}","templated":true}]}}