{"id":63876,"date":"2013-04-25T16:44:14","date_gmt":"2013-04-25T19:44:14","guid":{"rendered":"http:\/\/www.r2cpress.com.br\/v1\/?p=63876"},"modified":"2013-04-25T16:44:14","modified_gmt":"2013-04-25T19:44:14","slug":"prefeitura-de-itabuna-elabora-programa-para-atender-moradores-de-rua","status":"publish","type":"post","link":"https:\/\/www.r2cpress.com.br\/v1\/2013\/04\/25\/prefeitura-de-itabuna-elabora-programa-para-atender-moradores-de-rua\/","title":{"rendered":"Prefeitura de Itabuna elabora programa para atender moradores de rua"},"content":{"rendered":"<p>A Prefeitura de Itabuna, por meio da Secretaria da Assist\u00eancia Social est\u00e1 elaborando um programa para atender \u00e0 popula\u00e7\u00e3o de rua. O Centro de Refer\u00eancia Especializado para Popula\u00e7\u00e3o em Situa\u00e7\u00e3o de Rua &#8211; Centro POP ser\u00e1 uma das unidades consideradas de maior relev\u00e2ncia para a minimiza\u00e7\u00e3o da desigualdade social no munic\u00edpio de acordo as pol\u00edticas p\u00fablicas da administra\u00e7\u00e3o do prefeito Claudevane Leite.<br \/>\n\tUm levantamento feito pela prefeitura apontou que existem cerca de 100 moradores de rua permanentes na cidade e igual n\u00famero da chamada popula\u00e7\u00e3o flutuante, aquela que surge temporariamente e desaparece. Trindade explica que essas pessoas normalmente v\u00eam \u00e0 procura de familiares e em busca de emprego. Quando n\u00e3o encontram, ficam impossibilitados de retornar para casa ou suas cidades de origem, dia ficar perambulando pelas ruas.<br \/>\nO secret\u00e1rio da Assist\u00eancia Social, Jos\u00e9 Carlos Trindade, afirma que o fen\u00f4meno social da popula\u00e7\u00e3o de rua n\u00e3o pode ser ignorado pela sociedade e o poder p\u00fablico. \u201cOs moradores de rua existem e tem crescido junto com a viol\u00eancia, da\u00ed a necessidade em promover a\u00e7\u00f5es efetivas como que a prefeitura vem priorizando para atender a demanda e oferecer a essa gente condi\u00e7\u00f5es de inclus\u00e3o social e reinser\u00e7\u00e3o familiar\u201d, assegura.<br \/>\nO secret\u00e1rio lembra que o prefeito Claudevane Leite n\u00e3o tem medido esfor\u00e7os para priorizar a\u00e7\u00f5es que incentivem \u00e0 socializa\u00e7\u00e3o, \u00e0 qualifica\u00e7\u00e3o profissionaliza\u00e7\u00e3o, e, principalmente a eleva\u00e7\u00e3o da auto-estima e dignidade dos cidad\u00e3os. S\u00e3o pessoas que precisam de oportunidades, inclusive para se sentirem assistidas, retornar ao conv\u00edvio social e, em alguns casos, se tornarem produtivas com sua reinser\u00e7\u00e3o no mercado de trabalho.<br \/>\n\tO Centro Pop contar\u00e1 com 20 profissionais multidisciplinares treinados para o atendimento \u00e0 popula\u00e7\u00e3o e oferecer\u00e1 alimenta\u00e7\u00e3o, assist\u00eancia m\u00e9dica e terap\u00eautica com a realiza\u00e7\u00e3o de oficinas profissionalizantes, al\u00e9m de atividades sociais, recreativas e educativas. O objetivo da unidade \u00e9 trabalhar no sentido de devolver os moradores de rua ao seio familiar e \u00e0 comunidade, al\u00e9m de prestar assist\u00eancia ampla nas diversas \u00e1reas.<br \/>\n\tA coordenadora do Centro POP, Sibele Gava, diz que a unidade representar\u00e1 um importante espa\u00e7o de refer\u00eancia para o conv\u00edvio social e o desenvolvimento das rela\u00e7\u00f5es de solidariedade e de respeito pelo individuo. A sede da unidade, j\u00e1 est\u00e1 sendo mobiliada e funcionar\u00e1 na Pra\u00e7a Santo Ant\u00f4nio, 67, no centro da cidade.<br \/>\n____________________________<br \/>\nPrefeitura de Itabuna<br \/>\nDepartamento de Comunica\u00e7\u00e3o Social<\/p>\n","protected":false},"excerpt":{"rendered":"<p>A Prefeitura de Itabuna, por meio da Secretaria da Assist\u00eancia Social est\u00e1 elaborando um programa para atender \u00e0 popula\u00e7\u00e3o de rua. O Centro de Refer\u00eancia Especializado para Popula\u00e7\u00e3o em Situa\u00e7\u00e3o de Rua &#8211; Centro POP ser\u00e1 uma das unidades consideradas de maior relev\u00e2ncia para a minimiza\u00e7\u00e3o da desigualdade social no munic\u00edpio de acordo as pol\u00edticas [&hellip;]<\/p>\n","protected":false},"author":2,"featured_media":0,"comment_status":"open","ping_status":"open","sticky":false,"template":"","format":"standard","meta":{"_links_to":"","_links_to_target":""},"categories":[15],"tags":[],"_links":{"self":[{"href":"https:\/\/www.r2cpress.com.br\/v1\/wp-json\/wp\/v2\/posts\/63876"}],"collection":[{"href":"https:\/\/www.r2cpress.com.br\/v1\/wp-json\/wp\/v2\/posts"}],"about":[{"href":"https:\/\/www.r2cpress.com.br\/v1\/wp-json\/wp\/v2\/types\/post"}],"author":[{"embeddable":true,"href":"https:\/\/www.r2cpress.com.br\/v1\/wp-json\/wp\/v2\/users\/2"}],"replies":[{"embeddable":true,"href":"https:\/\/www.r2cpress.com.br\/v1\/wp-json\/wp\/v2\/comments?post=63876"}],"version-history":[{"count":2,"href":"https:\/\/www.r2cpress.com.br\/v1\/wp-json\/wp\/v2\/posts\/63876\/revisions"}],"predecessor-version":[{"id":63878,"href":"https:\/\/www.r2cpress.com.br\/v1\/wp-json\/wp\/v2\/posts\/63876\/revisions\/63878"}],"wp:attachment":[{"href":"https:\/\/www.r2cpress.com.br\/v1\/wp-json\/wp\/v2\/media?parent=63876"}],"wp:term":[{"taxonomy":"category","embeddable":true,"href":"https:\/\/www.r2cpress.com.br\/v1\/wp-json\/wp\/v2\/categories?post=63876"},{"taxonomy":"post_tag","embeddable":true,"href":"https:\/\/www.r2cpress.com.br\/v1\/wp-json\/wp\/v2\/tags?post=63876"}],"curies":[{"name":"wp","href":"https:\/\/api.w.org\/{rel}","templated":true}]}}