{"id":63951,"date":"2013-04-26T12:20:45","date_gmt":"2013-04-26T15:20:45","guid":{"rendered":"http:\/\/www.r2cpress.com.br\/v1\/?p=63951"},"modified":"2013-04-26T20:24:44","modified_gmt":"2013-04-26T23:24:44","slug":"falecimento-19","status":"publish","type":"post","link":"https:\/\/www.r2cpress.com.br\/v1\/2013\/04\/26\/falecimento-19\/","title":{"rendered":"Falecimento"},"content":{"rendered":"<p><strong>Figura humana da melhor qualidade, bom amigo e , pol\u00edtico dos mais vibrantes na cidade de Ilh\u00e9us. <\/strong><br \/>\nOldeck Marques faleceu na manh\u00e3 de hoje na cidade de Itabuna onde estava internado.<br \/>\n<div id=\"attachment_63952\" style=\"width: 224px\" class=\"wp-caption aligncenter\"><a href=\"http:\/\/www.r2cpress.com.br\/v1\/wp-content\/uploads\/oldeck-214x300.jpg\"><img aria-describedby=\"caption-attachment-63952\" loading=\"lazy\" src=\"http:\/\/www.r2cpress.com.br\/v1\/wp-content\/uploads\/oldeck-214x300.jpg\" alt=\"OLDECK MARQUES. Foto do blog Agravo\" width=\"214\" height=\"300\" class=\"size-full wp-image-63952\" \/><\/a><p id=\"caption-attachment-63952\" class=\"wp-caption-text\">OLDECK MARQUES. Foto do blog Agravo<\/p><\/div><br \/>\nSeu corpo ser\u00e1 velado na sua resid\u00eancia, no bairro da Conquista.<br \/>\n<strong>O sepultamento ser\u00e1 amanh\u00e3, \u00e0s 10 horas, no cemit\u00e9rio S\u00e3o Jo\u00e3o Batista (Pontal).<\/strong><\/p>\n<p>&#8212;<br \/>\n<strong>Com os sentimentos da fam\u00edlia Rabat Chame<\/strong><\/p>\n","protected":false},"excerpt":{"rendered":"<p>Figura humana da melhor qualidade, bom amigo e , pol\u00edtico dos mais vibrantes na cidade de Ilh\u00e9us. Oldeck Marques faleceu na manh\u00e3 de hoje na cidade de Itabuna onde estava internado. Seu corpo ser\u00e1 velado na sua resid\u00eancia, no bairro da Conquista. O sepultamento ser\u00e1 amanh\u00e3, \u00e0s 10 horas, no cemit\u00e9rio S\u00e3o Jo\u00e3o Batista (Pontal). [&hellip;]<\/p>\n","protected":false},"author":2,"featured_media":0,"comment_status":"open","ping_status":"open","sticky":false,"template":"","format":"standard","meta":{"_links_to":"","_links_to_target":""},"categories":[22],"tags":[],"_links":{"self":[{"href":"https:\/\/www.r2cpress.com.br\/v1\/wp-json\/wp\/v2\/posts\/63951"}],"collection":[{"href":"https:\/\/www.r2cpress.com.br\/v1\/wp-json\/wp\/v2\/posts"}],"about":[{"href":"https:\/\/www.r2cpress.com.br\/v1\/wp-json\/wp\/v2\/types\/post"}],"author":[{"embeddable":true,"href":"https:\/\/www.r2cpress.com.br\/v1\/wp-json\/wp\/v2\/users\/2"}],"replies":[{"embeddable":true,"href":"https:\/\/www.r2cpress.com.br\/v1\/wp-json\/wp\/v2\/comments?post=63951"}],"version-history":[{"count":5,"href":"https:\/\/www.r2cpress.com.br\/v1\/wp-json\/wp\/v2\/posts\/63951\/revisions"}],"predecessor-version":[{"id":64046,"href":"https:\/\/www.r2cpress.com.br\/v1\/wp-json\/wp\/v2\/posts\/63951\/revisions\/64046"}],"wp:attachment":[{"href":"https:\/\/www.r2cpress.com.br\/v1\/wp-json\/wp\/v2\/media?parent=63951"}],"wp:term":[{"taxonomy":"category","embeddable":true,"href":"https:\/\/www.r2cpress.com.br\/v1\/wp-json\/wp\/v2\/categories?post=63951"},{"taxonomy":"post_tag","embeddable":true,"href":"https:\/\/www.r2cpress.com.br\/v1\/wp-json\/wp\/v2\/tags?post=63951"}],"curies":[{"name":"wp","href":"https:\/\/api.w.org\/{rel}","templated":true}]}}